{"id":422197,"date":"2025-01-15T21:18:46","date_gmt":"2025-01-16T00:18:46","guid":{"rendered":"https:\/\/notinor.com\/jujuy\/?p=422197"},"modified":"2025-01-15T21:18:48","modified_gmt":"2025-01-16T00:18:48","slug":"ordenamiento-territorial-regularizacion-y-planificacion-para-el-territorio-como-ejes-para-2025","status":"publish","type":"post","link":"https:\/\/notinor.com\/jujuy\/ordenamiento-territorial-regularizacion-y-planificacion-para-el-territorio-como-ejes-para-2025\/","title":{"rendered":"Ordenamiento Territorial: regularizaci\u00f3n y planificaci\u00f3n para el territorio como ejes para 2025"},"content":{"rendered":"\n<p class=\"has-medium-font-size\"><strong><em>Ordenamiento Territorial retoma las entregas de documentos de regularizaci\u00f3n, y destaca la planificaci\u00f3n con nuevas estrategias para soluciones habitacionales.<\/em><\/strong><\/p>\n\n\n\n<p><\/p>\n\n\n<div class=\"wp-block-image\">\n<figure class=\"aligncenter size-full\"><img decoding=\"async\" loading=\"lazy\" width=\"800\" height=\"450\" src=\"https:\/\/notinor.com\/jujuy\/wp-content\/uploads\/2025\/01\/secretaria-ordenamiento-territorial-y-habitatjpg.jpg\" alt=\"\" class=\"wp-image-422198\" srcset=\"https:\/\/notinor.com\/jujuy\/wp-content\/uploads\/2025\/01\/secretaria-ordenamiento-territorial-y-habitatjpg.jpg 800w, https:\/\/notinor.com\/jujuy\/wp-content\/uploads\/2025\/01\/secretaria-ordenamiento-territorial-y-habitatjpg-649x365.jpg 649w, https:\/\/notinor.com\/jujuy\/wp-content\/uploads\/2025\/01\/secretaria-ordenamiento-territorial-y-habitatjpg-500x280.jpg 500w, https:\/\/notinor.com\/jujuy\/wp-content\/uploads\/2025\/01\/secretaria-ordenamiento-territorial-y-habitatjpg-768x432.jpg 768w, https:\/\/notinor.com\/jujuy\/wp-content\/uploads\/2025\/01\/secretaria-ordenamiento-territorial-y-habitatjpg-750x422.jpg 750w\" sizes=\"(max-width: 800px) 100vw, 800px\" \/><\/figure><\/div>\n\n\n<p><\/p>\n\n\n\n<p>La Secretar\u00eda de Ordenamiento Territorial y H\u00e1bitat (SECOTyH), perteneciente al Ministerio de Infraestructura, Servicios P\u00fablicos, Tierra y Vivienda (MISPTyV), inicia un a\u00f1o donde la pol\u00edtica p\u00fablica sobre lotes fiscales ser\u00e1 de ordenamiento y regularizaci\u00f3n permanente, y, como cada a\u00f1o tambi\u00e9n, en todo el territorio.<\/p>\n\n\n\n<p>De tal modo, \u2018Jujuy H\u00e1bitat\u2019, plan de regularizaci\u00f3n y acceso a lotes fiscales urbanos, y \u2018Mi lote, en regla\u2019, plan de escrituraci\u00f3n, continuar\u00e1n siendo las v\u00edas leg\u00edtimas de pol\u00edtica habitacional.<\/p>\n\n\n\n<p>Eduardo Caz\u00f3n, secretario de Ordenamiento Territorial y H\u00e1bitat, destac\u00f3 que \u201cdurante 2024, tras un arduo trabajo en territorio, logramos la regularizaci\u00f3n de lotes a trav\u00e9s de la entrega de certificados y constancias como tambi\u00e9n de escrituras\u201d. En este sentido, indic\u00f3 que \u201cen materia de regularizaci\u00f3n el trabajo es incesante\u201d, \u201ctenemos planificado entregar la semana pr\u00f3xima 50 certificados de ocupaci\u00f3n para familias del barrio 23 de Agosto de la localidad La Mendieta\u201d, ejemplific\u00f3. Asimismo, Caz\u00f3n comparti\u00f3 que se realizar\u00e1n tambi\u00e9n entregas de certificados y constancias en El Talar y Palma Sola, actividades que se organizar\u00e1n de acuerdo a la agenda de trabajo que se configure en las pr\u00f3ximas semanas.<\/p>\n\n\n\n<p>El titular de la SECOTyH reiter\u00f3 el compromiso con la ciudadan\u00eda por garantizar derechos en materia de acceso y regularizaci\u00f3n a la tierra fiscal: \u201cquiero destacar que desde 2015 que la Secretar\u00eda, en anteriores gestiones y que hoy est\u00e1 a mi cargo, viene trazando un camino que represent\u00f3 revertir situaciones de extrema irregularidad sobre la tenencia de lotes fiscales\u201d. \u201cDurante estos casi diez a\u00f1os de gesti\u00f3n no se han formado nuevos asentamientos, hemos frenado intentos de tomas de tierra y llevamos adelante denuncias por venta ilegal de lotes fiscales\u201d, se\u00f1al\u00f3.<\/p>\n\n\n\n<p class=\"has-medium-font-size\"><strong>Sobre el acceso a la tierra fiscal<\/strong><\/p>\n\n\n\n<p>En relaci\u00f3n al acceso por parte de la ciudadan\u00eda a un lote fiscal, el secretario indic\u00f3 que \u201cla demanda sigue siendo alta\u201d; \u201cdurante el a\u00f1o saliente adjudicamos lotes exclusivamente a familias en situaci\u00f3n de vulnerabilidad socioecon\u00f3mica, y es necesario reiterar que la tierra es un recurso finito, y por ello nos hemos dedicado a organizar y planificar nuevas estrategias para ofrecer soluciones habitacionales durante este nuevo a\u00f1o\u201d, expres\u00f3.<\/p>\n\n\n\n<p>El funcionario solicit\u00f3 a la ciudadan\u00eda que ante cualquier necesidad de informes o gestiones vinculadas a la tenencia y regularizaci\u00f3n de lotes fiscales se acerque a las oficinas de la Secretar\u00eda, sitas en Av. Alte Brown 792 de San Salvador de Jujuy, en los horarios de 8 a 12hs y de 15 a 19hs, o bien a la Direcci\u00f3n de Regularizaci\u00f3n Dominial, ubicada en Los Andes N\u00ba58, \u00fanicamente por la ma\u00f1ana.<\/p>\n","protected":false},"excerpt":{"rendered":"<p>Ordenamiento Territorial retoma las entregas de documentos de regularizaci\u00f3n, y destaca la planificaci\u00f3n con nuevas estrategias para soluciones habitacionales. La Secretar\u00eda de Ordenamiento Territorial y H\u00e1bitat (SECOTyH), perteneciente al Ministerio de Infraestructura, Servicios P\u00fablicos, Tierra y Vivienda (MISPTyV), inicia un a\u00f1o donde la pol\u00edtica p\u00fablica sobre lotes fiscales ser\u00e1 de ordenamiento y regularizaci\u00f3n permanente, y, [&hellip;]<\/p>\n","protected":false},"author":49,"featured_media":422198,"comment_status":"open","ping_status":"open","sticky":false,"template":"","format":"standard","meta":{"_stopmodifiedupdate":false,"_modified_date":"","inline_featured_image":false},"categories":[2,514],"tags":[],"jetpack_featured_media_url":"https:\/\/notinor.com\/jujuy\/wp-content\/uploads\/2025\/01\/secretaria-ordenamiento-territorial-y-habitatjpg.jpg","_links":{"self":[{"href":"https:\/\/notinor.com\/jujuy\/wp-json\/wp\/v2\/posts\/422197"}],"collection":[{"href":"https:\/\/notinor.com\/jujuy\/wp-json\/wp\/v2\/posts"}],"about":[{"href":"https:\/\/notinor.com\/jujuy\/wp-json\/wp\/v2\/types\/post"}],"author":[{"embeddable":true,"href":"https:\/\/notinor.com\/jujuy\/wp-json\/wp\/v2\/users\/49"}],"replies":[{"embeddable":true,"href":"https:\/\/notinor.com\/jujuy\/wp-json\/wp\/v2\/comments?post=422197"}],"version-history":[{"count":1,"href":"https:\/\/notinor.com\/jujuy\/wp-json\/wp\/v2\/posts\/422197\/revisions"}],"predecessor-version":[{"id":422199,"href":"https:\/\/notinor.com\/jujuy\/wp-json\/wp\/v2\/posts\/422197\/revisions\/422199"}],"wp:featuredmedia":[{"embeddable":true,"href":"https:\/\/notinor.com\/jujuy\/wp-json\/wp\/v2\/media\/422198"}],"wp:attachment":[{"href":"https:\/\/notinor.com\/jujuy\/wp-json\/wp\/v2\/media?parent=422197"}],"wp:term":[{"taxonomy":"category","embeddable":true,"href":"https:\/\/notinor.com\/jujuy\/wp-json\/wp\/v2\/categories?post=422197"},{"taxonomy":"post_tag","embeddable":true,"href":"https:\/\/notinor.com\/jujuy\/wp-json\/wp\/v2\/tags?post=422197"}],"curies":[{"name":"wp","href":"https:\/\/api.w.org\/{rel}","templated":true}]}}