{"id":422189,"date":"2025-01-15T19:03:16","date_gmt":"2025-01-15T22:03:16","guid":{"rendered":"https:\/\/notinor.com\/jujuy\/?p=422189"},"modified":"2025-01-15T19:45:30","modified_gmt":"2025-01-15T22:45:30","slug":"el-gobernador-carlos-sadir-veto-la-ley-seprosa-que-arancelaba-la-salud-en-jujuy","status":"publish","type":"post","link":"https:\/\/notinor.com\/jujuy\/el-gobernador-carlos-sadir-veto-la-ley-seprosa-que-arancelaba-la-salud-en-jujuy\/","title":{"rendered":"El Gobernador Carlos Sadir vet\u00f3 la ley SEPROSA\u00a0que arancelaba la salud en Jujuy"},"content":{"rendered":"\n<p class=\"has-medium-font-size\"><strong><em>El gobernador de la Provincia, Carlos Sadir, resolvi\u00f3 vetar en forma total la Ley N\u00ba 6.453 que dispone la creaci\u00f3n del Seguro Provincial de Salud (SEPROSA).<\/em><\/strong><\/p>\n\n\n\n<p><\/p>\n\n\n<div class=\"wp-block-image\">\n<figure class=\"aligncenter size-full\"><img decoding=\"async\" loading=\"lazy\" width=\"800\" height=\"450\" src=\"https:\/\/notinor.com\/jujuy\/wp-content\/uploads\/2024\/12\/carlos-sadir.jpg\" alt=\"\" class=\"wp-image-420304\" srcset=\"https:\/\/notinor.com\/jujuy\/wp-content\/uploads\/2024\/12\/carlos-sadir.jpg 800w, https:\/\/notinor.com\/jujuy\/wp-content\/uploads\/2024\/12\/carlos-sadir-649x365.jpg 649w, https:\/\/notinor.com\/jujuy\/wp-content\/uploads\/2024\/12\/carlos-sadir-500x280.jpg 500w, https:\/\/notinor.com\/jujuy\/wp-content\/uploads\/2024\/12\/carlos-sadir-768x432.jpg 768w, https:\/\/notinor.com\/jujuy\/wp-content\/uploads\/2024\/12\/carlos-sadir-750x422.jpg 750w\" sizes=\"(max-width: 800px) 100vw, 800px\" \/><\/figure><\/div>\n\n\n<p><\/p>\n\n\n\n<p><strong>La medida fue adoptada en atenci\u00f3n a la desinformaci\u00f3n circulante, la confusi\u00f3n provocada y el aprovechamiento pol\u00edtico que se hizo en relaci\u00f3n al alcance de dicha norma.<\/strong><\/p>\n\n\n\n<p>Aseguran que si bien el SEPROSA fue creado para \"beneficiar a todos los habitantes con la cobertura de la mejor obra social de la provincia, garantizando prestaciones m\u00e9dico-asistenciales de calidad\", <strong>la medida de vetar el seguro fue adoptada \"en atenci\u00f3n a la desinformaci\u00f3n circulante, la confusi\u00f3n provocada y el aprovechamiento pol\u00edtico que se hizo en relaci\u00f3n al alcance de dicha norma\".<\/strong><\/p>\n\n\n\n<p class=\"has-medium-font-size\"><strong>Q<\/strong><strong>u\u00e9 es SEPROSA<\/strong><\/p>\n\n\n\n<p><strong>Seg\u00fan el Ministerio de Salud, el SEPROSA busca garantizar que las personas sin recursos puedan acceder gratuitamente a las prestaciones m\u00e9dicas en hospitales p\u00fablicos.<\/strong> Adem\u00e1s, introduce un esquema solidario para quienes tienen capacidad de pago, promoviendo un aporte que contribuya a financiar el sistema sanitario.<\/p>\n\n\n\n<p>El ministro de Salud de Jujuy, Gustavo Bouhid, explic\u00f3 que este seguro tiene como objetivo fortalecer los recursos del sistema p\u00fablico, considerando el aumento de los costos en salud y la disminuci\u00f3n de aportes nacionales. <strong>El modelo incluye el pago de un aporte por parte de sectores independientes, como comerciantes o feriantes, que utilizan los servicios p\u00fablicos y cuentan con ingresos que les permitir\u00edan contribuir.<\/strong><\/p>\n\n\n\n<p class=\"has-medium-font-size\"><strong>App Tu Jujuy<\/strong><\/p>\n\n\n\n<p>En cuanto a la implementaci\u00f3n de los servicios de salud a trav\u00e9s de la app Tu Jujuy, Gustavo Bohuid, ministro de Salud de la provincia, coment\u00f3: <strong>\"La verdad que hay que felicitar a la ministra Isolda Calsina y a todos los equipos, tanto del Ministerio de Modernizaci\u00f3n como del Ministerio de Salud, que lograron a trav\u00e9s de esta app, que es Tu Jujuy, que tambi\u00e9n incorpore Salud\".<\/strong><\/p>\n\n\n\n<p><strong>\"Est\u00e1 incorporando la geolocalizaci\u00f3n de los hospitales, de los puestos de salud, la posibilidad de conseguir turnos a trav\u00e9s de esta app para no hacer filas presenciales, fundamentalmente del carnet sanitario, el acceso a la teleasistencia, conectarse con un profesional de la salud, tanto en el tema salud mental como en el tema salud general\",<\/strong> coment\u00f3 el ministro al respecto de las opciones dentro del \u00e1rea salud en la app.<\/p>\n","protected":false},"excerpt":{"rendered":"<p>El gobernador de la Provincia, Carlos Sadir, resolvi\u00f3 vetar en forma total la Ley N\u00ba 6.453 que dispone la creaci\u00f3n del Seguro Provincial de Salud (SEPROSA). La medida fue adoptada en atenci\u00f3n a la desinformaci\u00f3n circulante, la confusi\u00f3n provocada y el aprovechamiento pol\u00edtico que se hizo en relaci\u00f3n al alcance de dicha norma. Aseguran que [&hellip;]<\/p>\n","protected":false},"author":49,"featured_media":420304,"comment_status":"open","ping_status":"open","sticky":false,"template":"","format":"standard","meta":{"_stopmodifiedupdate":false,"_modified_date":"","inline_featured_image":false},"categories":[2,514],"tags":[],"jetpack_featured_media_url":"https:\/\/notinor.com\/jujuy\/wp-content\/uploads\/2024\/12\/carlos-sadir.jpg","_links":{"self":[{"href":"https:\/\/notinor.com\/jujuy\/wp-json\/wp\/v2\/posts\/422189"}],"collection":[{"href":"https:\/\/notinor.com\/jujuy\/wp-json\/wp\/v2\/posts"}],"about":[{"href":"https:\/\/notinor.com\/jujuy\/wp-json\/wp\/v2\/types\/post"}],"author":[{"embeddable":true,"href":"https:\/\/notinor.com\/jujuy\/wp-json\/wp\/v2\/users\/49"}],"replies":[{"embeddable":true,"href":"https:\/\/notinor.com\/jujuy\/wp-json\/wp\/v2\/comments?post=422189"}],"version-history":[{"count":2,"href":"https:\/\/notinor.com\/jujuy\/wp-json\/wp\/v2\/posts\/422189\/revisions"}],"predecessor-version":[{"id":422192,"href":"https:\/\/notinor.com\/jujuy\/wp-json\/wp\/v2\/posts\/422189\/revisions\/422192"}],"wp:featuredmedia":[{"embeddable":true,"href":"https:\/\/notinor.com\/jujuy\/wp-json\/wp\/v2\/media\/420304"}],"wp:attachment":[{"href":"https:\/\/notinor.com\/jujuy\/wp-json\/wp\/v2\/media?parent=422189"}],"wp:term":[{"taxonomy":"category","embeddable":true,"href":"https:\/\/notinor.com\/jujuy\/wp-json\/wp\/v2\/categories?post=422189"},{"taxonomy":"post_tag","embeddable":true,"href":"https:\/\/notinor.com\/jujuy\/wp-json\/wp\/v2\/tags?post=422189"}],"curies":[{"name":"wp","href":"https:\/\/api.w.org\/{rel}","templated":true}]}}