{"id":422124,"date":"2025-01-13T00:16:44","date_gmt":"2025-01-13T03:16:44","guid":{"rendered":"https:\/\/notinor.com\/jujuy\/?p=422124"},"modified":"2025-01-13T17:52:11","modified_gmt":"2025-01-13T17:52:11","slug":"murio-el-turista-argentino-que-habia-sido-baleado-en-una-favela-en-rio-de-janeiro","status":"publish","type":"post","link":"https:\/\/notinor.com\/jujuy\/murio-el-turista-argentino-que-habia-sido-baleado-en-una-favela-en-rio-de-janeiro\/","title":{"rendered":"Muri\u00f3 el turista argentino que hab\u00eda sido baleado en una favela en R\u00edo de Janeiro"},"content":{"rendered":"\n<p class=\"has-medium-font-size\"><strong><em>El exsecretario de Turismo Gast\u00f3n Burl\u00f3n estaba internado en el Hospital Municipal Souza Aguiar. La noticia de su fallecimiento fue confirmada en un comunicado de la C\u00e1mara de Turismo de Bariloche.<\/em><\/strong><\/p>\n\n\n\n<p><\/p>\n\n\n<div class=\"wp-block-image\">\n<figure class=\"aligncenter size-full\"><img decoding=\"async\" loading=\"lazy\" width=\"800\" height=\"450\" src=\"https:\/\/notinor.com\/jujuy\/wp-content\/uploads\/2025\/01\/gaston-burlon.jpg\" alt=\"\" class=\"wp-image-422125\" srcset=\"https:\/\/notinor.com\/jujuy\/wp-content\/uploads\/2025\/01\/gaston-burlon.jpg 800w, https:\/\/notinor.com\/jujuy\/wp-content\/uploads\/2025\/01\/gaston-burlon-649x365.jpg 649w, https:\/\/notinor.com\/jujuy\/wp-content\/uploads\/2025\/01\/gaston-burlon-500x280.jpg 500w, https:\/\/notinor.com\/jujuy\/wp-content\/uploads\/2025\/01\/gaston-burlon-768x432.jpg 768w, https:\/\/notinor.com\/jujuy\/wp-content\/uploads\/2025\/01\/gaston-burlon-750x422.jpg 750w\" sizes=\"(max-width: 800px) 100vw, 800px\" \/><figcaption class=\"wp-element-caption\">Gast\u00f3n Burl\u00f3n muri\u00f3 este lunes tras casi un mes de agon\u00eda.<\/figcaption><\/figure><\/div>\n\n\n<p><\/p>\n\n\n\n<p>Este lunes, <strong>muri\u00f3 Gast\u00f3n Burl\u00f3n (51)<\/strong>, el<strong> exsecretario de Turismo<\/strong> <strong>de Bariloche<\/strong> que fue baleado en una favela de Brasil. Estaba internado en el Hospital Municipal Souza Aguiar, tras recibir un disparo cuando regresaba del Cristo Redentor junto a su familia.<\/p>\n\n\n\n<p>La noticia de su fallecimiento fue confirmada en un comunicado de la <strong>C\u00e1mara de Turismo de Bariloche<\/strong>. \u201cCon profundo pesar, <strong>lamentamos el fallecimiento de Gast\u00f3n Burlon<\/strong>, un dirigente cuya pasi\u00f3n por la promoci\u00f3n del turismo y de nuestro destino ser\u00e1 recordada como un valioso aporte para el desarrollo de nuestra comunidad\u201d, inform\u00f3.<\/p>\n\n\n\n<p>A su vez, lo record\u00f3: \u201c<strong>Gast\u00f3n fue un referente comprometido y visionario<\/strong>, cuyo trabajo marc\u00f3 un aporte significativo en quienes tuvieron el privilegio de conocerlo y trabajar a su lado\u201d.<\/p>\n\n\n\n<p><\/p>\n\n\n<div class=\"wp-block-image\">\n<figure class=\"aligncenter size-large\"><img decoding=\"async\" loading=\"lazy\" width=\"710\" height=\"480\" src=\"https:\/\/notinor.com\/jujuy\/wp-content\/uploads\/2025\/01\/image-14-710x480.png\" alt=\"\" class=\"wp-image-422159\" srcset=\"https:\/\/notinor.com\/jujuy\/wp-content\/uploads\/2025\/01\/image-14-710x480.png 710w, https:\/\/notinor.com\/jujuy\/wp-content\/uploads\/2025\/01\/image-14-540x365.png 540w, https:\/\/notinor.com\/jujuy\/wp-content\/uploads\/2025\/01\/image-14-768x519.png 768w, https:\/\/notinor.com\/jujuy\/wp-content\/uploads\/2025\/01\/image-14-750x507.png 750w, https:\/\/notinor.com\/jujuy\/wp-content\/uploads\/2025\/01\/image-14.png 893w\" sizes=\"(max-width: 710px) 100vw, 710px\" \/><\/figure><\/div>\n\n\n<p><\/p>\n\n\n\n<p>\u201cSu labor como funcionario p\u00fablico hasta fines de 2023, sumada a su destacada trayectoria como empresario, presidente de la <strong>Asociaci\u00f3n de Agencias de Turismo<\/strong> de Bariloche, dirigente del <strong>Club Estudiantes Unidos<\/strong> y, m\u00e1s recientemente, presidente de la <strong>C\u00e1mara Argentina de Turismo Estudiantil (CATE),<\/strong> refleja su inc<strong>ansable dedicaci\u00f3n al crecimiento de nuestro sector<\/strong>\u201d, a\u00f1adi\u00f3 la C\u00e1mara.<\/p>\n\n\n\n<p>Y sum\u00f3: \u201cDesde esta entidad, extendemos un abrazo solidario a su familia, amigos y colegas, acompa\u00f1\u00e1ndolos en este momento de dolor. <strong>Su legado perdurar\u00e1 como inspiraci\u00f3n<\/strong> para todos los que compartimos su amor por Bariloche y por el turismo como motor de desarrollo y uni\u00f3n comunitaria\u201d.<\/p>\n\n\n\n<p class=\"has-medium-font-size\"><strong>El brutal ataque a Gast\u00f3n Burl\u00f3n<\/strong><\/p>\n\n\n\n<p>El exfuncionario entr\u00f3<strong> por error a un camino que conduce al Morro dos Prazeres<\/strong>, comunidad ubicada en Santa Tereza y dominada por el Comando Vermelho, junto a su pareja, <strong>Nadia Loza, secretaria de Turismo de Salta<\/strong>, y sus hijos.<\/p>\n\n\n\n<p>Los testigos confirmaron que <strong>fue sorprendido por delincuentes<\/strong> en la Rua C\u00e2ndido de Oliveira. Cuando <strong>le dispararon a quemarropa en el pecho y en la cabeza<\/strong>, choc\u00f3 la Volkswagen Taos contra una pared.<\/p>\n\n\n\n<p>Efectivos del Cuerpo de Bomberos acudieron al lugar del crimen y lo trasladaron al Hospital Municipal Souza Aguiar, en el centro de R\u00edo de Janeiro. All\u00ed <strong>estuvo internado en estado \u201cmuy grave\u201d,<\/strong> de acuerdo a lo que inform\u00f3 la <strong>Secretar\u00eda Municipal de Salud de R\u00edo<\/strong>.<\/p>\n\n\n\n<p>En tanto, el parte policial se\u00f1al\u00f3: \u201cPolic\u00edas militares del 4\u00ba BPM (S\u00e3o Crist\u00f3v\u00e3o) fueron llamados para controlar <strong>el ingreso de un hombre v\u00edctima de disparos de arma de fuego<\/strong>, en el Hospital Municipal Souza Aguiar, en el centro de R\u00edo de Janeiro\u201d.<\/p>\n\n\n\n<p>La Polic\u00eda Civil, por su parte, inform\u00f3 que <strong>se solicit\u00f3 peritaje del lugar y se est\u00e1 entrevistando a los familiares de la v\u00edctima<\/strong>. \u201cSe adelantan las gestiones para <strong>determinar qui\u00e9nes fueron los responsables<\/strong> del tiroteo y esclarecer todos los hechos\u201d.<\/p>\n\n\n\n<p>Burl\u00f3n fue secretario de Turismo de Bariloche durante la intendencia de <strong>Gustavo Gennuso<\/strong>. Hab\u00eda asumido en 2017 como reemplazo de <strong>Marcos Barberis<\/strong>, quien hab\u00eda sido designado jefe de Gabinete. En diciembre de 2023, se convirti\u00f3 en titular de la C\u00e1mara Argentina Federal de Turismo Estudiantil (CAFTE).<\/p>\n","protected":false},"excerpt":{"rendered":"<p>El exsecretario de Turismo Gast\u00f3n Burl\u00f3n estaba internado en el Hospital Municipal Souza Aguiar. La noticia de su fallecimiento fue confirmada en un comunicado de la C\u00e1mara de Turismo de Bariloche. Este lunes, muri\u00f3 Gast\u00f3n Burl\u00f3n (51), el exsecretario de Turismo de Bariloche que fue baleado en una favela de Brasil. Estaba internado en el [&hellip;]<\/p>\n","protected":false},"author":49,"featured_media":422125,"comment_status":"open","ping_status":"open","sticky":false,"template":"","format":"standard","meta":{"_stopmodifiedupdate":false,"_modified_date":"","inline_featured_image":false,"spay_email":"","jetpack_publicize_message":""},"categories":[5,3],"tags":[],"jetpack_featured_media_url":"https:\/\/notinor.com\/jujuy\/wp-content\/uploads\/2025\/01\/gaston-burlon.jpg","jetpack_publicize_connections":[],"_links":{"self":[{"href":"https:\/\/notinor.com\/jujuy\/wp-json\/wp\/v2\/posts\/422124"}],"collection":[{"href":"https:\/\/notinor.com\/jujuy\/wp-json\/wp\/v2\/posts"}],"about":[{"href":"https:\/\/notinor.com\/jujuy\/wp-json\/wp\/v2\/types\/post"}],"author":[{"embeddable":true,"href":"https:\/\/notinor.com\/jujuy\/wp-json\/wp\/v2\/users\/49"}],"replies":[{"embeddable":true,"href":"https:\/\/notinor.com\/jujuy\/wp-json\/wp\/v2\/comments?post=422124"}],"version-history":[{"count":2,"href":"https:\/\/notinor.com\/jujuy\/wp-json\/wp\/v2\/posts\/422124\/revisions"}],"predecessor-version":[{"id":422160,"href":"https:\/\/notinor.com\/jujuy\/wp-json\/wp\/v2\/posts\/422124\/revisions\/422160"}],"wp:featuredmedia":[{"embeddable":true,"href":"https:\/\/notinor.com\/jujuy\/wp-json\/wp\/v2\/media\/422125"}],"wp:attachment":[{"href":"https:\/\/notinor.com\/jujuy\/wp-json\/wp\/v2\/media?parent=422124"}],"wp:term":[{"taxonomy":"category","embeddable":true,"href":"https:\/\/notinor.com\/jujuy\/wp-json\/wp\/v2\/categories?post=422124"},{"taxonomy":"post_tag","embeddable":true,"href":"https:\/\/notinor.com\/jujuy\/wp-json\/wp\/v2\/tags?post=422124"}],"curies":[{"name":"wp","href":"https:\/\/api.w.org\/{rel}","templated":true}]}}