{"id":422118,"date":"2025-01-13T23:33:22","date_gmt":"2025-01-14T02:33:22","guid":{"rendered":"https:\/\/notinor.com\/jujuy\/?p=422118"},"modified":"2025-01-13T23:33:23","modified_gmt":"2025-01-14T02:33:23","slug":"gran-exito-en-el-40o-encuentro-de-copleros-en-purmamarca","status":"publish","type":"post","link":"https:\/\/notinor.com\/jujuy\/gran-exito-en-el-40o-encuentro-de-copleros-en-purmamarca\/","title":{"rendered":"Gran \u00c9xito en el 40\u00ba Encuentro de Copleros en Purmamarca"},"content":{"rendered":"\n<p class=\"has-medium-font-size\"><strong><em>El 40\u00ba Encuentro de Copleros celebrado el s\u00e1bado 11 de enero en Purmamarca culmin\u00f3 con un \u00e9xito rotundo atrayendo a una multitud de cultores del saber popular de diversas localidades y provincias.<\/em><\/strong><\/p>\n\n\n\n<p><\/p>\n\n\n<div class=\"wp-block-image\">\n<figure class=\"aligncenter size-full\"><img decoding=\"async\" loading=\"lazy\" width=\"800\" height=\"450\" src=\"https:\/\/notinor.com\/jujuy\/wp-content\/uploads\/2025\/01\/encuentro-copleros-purmamarca.jpg\" alt=\"\" class=\"wp-image-422119\" srcset=\"https:\/\/notinor.com\/jujuy\/wp-content\/uploads\/2025\/01\/encuentro-copleros-purmamarca.jpg 800w, https:\/\/notinor.com\/jujuy\/wp-content\/uploads\/2025\/01\/encuentro-copleros-purmamarca-649x365.jpg 649w, https:\/\/notinor.com\/jujuy\/wp-content\/uploads\/2025\/01\/encuentro-copleros-purmamarca-500x280.jpg 500w, https:\/\/notinor.com\/jujuy\/wp-content\/uploads\/2025\/01\/encuentro-copleros-purmamarca-768x432.jpg 768w, https:\/\/notinor.com\/jujuy\/wp-content\/uploads\/2025\/01\/encuentro-copleros-purmamarca-750x422.jpg 750w\" sizes=\"(max-width: 800px) 100vw, 800px\" \/><\/figure><\/div>\n\n\n<p><\/p>\n\n\n\n<p>El evento logr\u00f3 una participaci\u00f3n masiva y extendida hasta bien entrada la jornada.\u00a0Las actividades comenzaron a las 11 horas con la recepci\u00f3n de los copleros en la plaza 9 de Julio, seguida de un almuerzo en el predio del Club Atl\u00e9tico Santa Rosa de Lima. Desde las 15 las rondas de copleros se abrieron para todos los asistentes, permitiendo disfrutar de rimas y temas abordados al son de la caja.<\/p>\n\n\n\n<p>Entre las novedades destacadas del encuentro, llam\u00f3 la atenci\u00f3n la notable presencia de m\u00fasicos con erkes, que se lucieron con su extensi\u00f3n y sinuosas formas. En cada rinc\u00f3n, la iniciativa que naci\u00f3 en los a\u00f1os '80 se mantuvo viva gracias al fuerte impulso de los hacedores culturales purmamarque\u00f1os.<\/p>\n\n\n\n<p>El encuentro atrajo a numerosos participantes y tambi\u00e9n capt\u00f3 la atenci\u00f3n de medios nacionales, resaltando la copla como una expresi\u00f3n de la cultura popular. Con ra\u00edces espa\u00f1olas, la copla ha sido apropiada y adaptada en la regi\u00f3n con tonadas e instrumentos t\u00edpicos, manteniendo su car\u00e1cter ancestral.<\/p>\n\n\n\n<p>El Encuentro de Copleros de 2025 no s\u00f3lo celebr\u00f3 sus cuatro d\u00e9cadas de existencia, sino que tambi\u00e9n demostr\u00f3 ser una herramienta de transmisi\u00f3n ancestral y de identidad. Con un ambiente festivo y lleno de tradici\u00f3n, Purmamarca se convirti\u00f3 en el epicentro de la copla, reafirmando que otro tipo de organizaci\u00f3n es posible y necesaria para mantener vivas las ra\u00edces culturales.<\/p>\n","protected":false},"excerpt":{"rendered":"<p>El 40\u00ba Encuentro de Copleros celebrado el s\u00e1bado 11 de enero en Purmamarca culmin\u00f3 con un \u00e9xito rotundo atrayendo a una multitud de cultores del saber popular de diversas localidades y provincias. El evento logr\u00f3 una participaci\u00f3n masiva y extendida hasta bien entrada la jornada.\u00a0Las actividades comenzaron a las 11 horas con la recepci\u00f3n de [&hellip;]<\/p>\n","protected":false},"author":49,"featured_media":422119,"comment_status":"open","ping_status":"open","sticky":false,"template":"","format":"standard","meta":{"_stopmodifiedupdate":false,"_modified_date":"","inline_featured_image":false,"spay_email":"","jetpack_publicize_message":""},"categories":[2,4,832],"tags":[],"jetpack_featured_media_url":"https:\/\/notinor.com\/jujuy\/wp-content\/uploads\/2025\/01\/encuentro-copleros-purmamarca.jpg","jetpack_publicize_connections":[],"_links":{"self":[{"href":"https:\/\/notinor.com\/jujuy\/wp-json\/wp\/v2\/posts\/422118"}],"collection":[{"href":"https:\/\/notinor.com\/jujuy\/wp-json\/wp\/v2\/posts"}],"about":[{"href":"https:\/\/notinor.com\/jujuy\/wp-json\/wp\/v2\/types\/post"}],"author":[{"embeddable":true,"href":"https:\/\/notinor.com\/jujuy\/wp-json\/wp\/v2\/users\/49"}],"replies":[{"embeddable":true,"href":"https:\/\/notinor.com\/jujuy\/wp-json\/wp\/v2\/comments?post=422118"}],"version-history":[{"count":1,"href":"https:\/\/notinor.com\/jujuy\/wp-json\/wp\/v2\/posts\/422118\/revisions"}],"predecessor-version":[{"id":422120,"href":"https:\/\/notinor.com\/jujuy\/wp-json\/wp\/v2\/posts\/422118\/revisions\/422120"}],"wp:featuredmedia":[{"embeddable":true,"href":"https:\/\/notinor.com\/jujuy\/wp-json\/wp\/v2\/media\/422119"}],"wp:attachment":[{"href":"https:\/\/notinor.com\/jujuy\/wp-json\/wp\/v2\/media?parent=422118"}],"wp:term":[{"taxonomy":"category","embeddable":true,"href":"https:\/\/notinor.com\/jujuy\/wp-json\/wp\/v2\/categories?post=422118"},{"taxonomy":"post_tag","embeddable":true,"href":"https:\/\/notinor.com\/jujuy\/wp-json\/wp\/v2\/tags?post=422118"}],"curies":[{"name":"wp","href":"https:\/\/api.w.org\/{rel}","templated":true}]}}