{"id":422115,"date":"2025-01-13T21:13:36","date_gmt":"2025-01-14T00:13:36","guid":{"rendered":"https:\/\/notinor.com\/jujuy\/?p=422115"},"modified":"2025-01-13T21:13:37","modified_gmt":"2025-01-14T00:13:37","slug":"milei-ordeno-la-compra-secreta-de-un-sistema-antidrones-y-advirtio-sobre-la-amenaza-de-estos-dispositivos","status":"publish","type":"post","link":"https:\/\/notinor.com\/jujuy\/milei-ordeno-la-compra-secreta-de-un-sistema-antidrones-y-advirtio-sobre-la-amenaza-de-estos-dispositivos\/","title":{"rendered":"Milei orden\u00f3 la compra secreta de un sistema antidrones y advirti\u00f3 sobre la amenaza de estos dispositivos"},"content":{"rendered":"\n<p class=\"has-medium-font-size\"><strong><em>Lo hizo a trav\u00e9s de un decreto publicado en el Bolet\u00edn Oficial que tambi\u00e9n lleva la firma de Patricia Bullrich. Buscan saltear el proceso de licitaci\u00f3n y justificar una compra directa a una empresa por motivos de seguridad.<\/em><\/strong><\/p>\n\n\n\n<p><\/p>\n\n\n<div class=\"wp-block-image\">\n<figure class=\"aligncenter size-full\"><img decoding=\"async\" loading=\"lazy\" width=\"800\" height=\"450\" src=\"https:\/\/notinor.com\/jujuy\/wp-content\/uploads\/2025\/01\/javier-milei.jpg\" alt=\"\" class=\"wp-image-422116\" srcset=\"https:\/\/notinor.com\/jujuy\/wp-content\/uploads\/2025\/01\/javier-milei.jpg 800w, https:\/\/notinor.com\/jujuy\/wp-content\/uploads\/2025\/01\/javier-milei-649x365.jpg 649w, https:\/\/notinor.com\/jujuy\/wp-content\/uploads\/2025\/01\/javier-milei-500x280.jpg 500w, https:\/\/notinor.com\/jujuy\/wp-content\/uploads\/2025\/01\/javier-milei-768x432.jpg 768w, https:\/\/notinor.com\/jujuy\/wp-content\/uploads\/2025\/01\/javier-milei-750x422.jpg 750w\" sizes=\"(max-width: 800px) 100vw, 800px\" \/><\/figure><\/div>\n\n\n<p><\/p>\n\n\n\n<p><strong>El Gobierno orden\u00f3 la compra de un sistema antidrones tras la misteriosa ca\u00edda de uno de estos dispositivos a metros de la embajada de Israel y el sobrevuelo de otros dos sobre el Congreso.<\/strong> La transacci\u00f3n fue declarada secreta por razones de seguridad nacional a trav\u00e9s de un decreto publicado este lunes en el Bolet\u00edn Oficial que lleva las firmas del presidente Javier Milei y la ministra de Seguridad, Patricia Bullrich.<\/p>\n\n\n\n<p><strong>Seg\u00fan trascendi\u00f3, que la compra sea secreta permitir\u00eda al ministerio de Seguridad saltear un proceso de licitaci\u00f3n y justificar una compra directa a una sola empresa.<\/strong><\/p>\n\n\n\n<p>La decisi\u00f3n est\u00e1 motivada por la necesidad de enfrentar las crecientes amenazas que representan los Veh\u00edculos A\u00e9reos No Tripulados (VANT), tambi\u00e9n conocidos como drones. <strong>Entre los argumentos del decreto se expuso que estos dispositivos, debido a su accesibilidad y versatilidad, podr\u00edan ser utilizados para \u201catentar contra la libertad, la vida y el patrimonio de los ciudadanos, as\u00ed como contra objetivos estrat\u00e9gicos clave\u201d,<\/strong> como edificios gubernamentales, ministerios, aeropuertos, centrales el\u00e9ctricas y zonas militares.<\/p>\n\n\n\n<p>En el texto se menciona adem\u00e1s lo simple que es adquirir uno de estos aparatos y el \u201camplio alcance, facilidad de traslado y simplicidad de uso\u201d. <strong>De acuerdo con el decreto, el sistema antidrones permitir\u00e1 \u201cmitigar riesgos asociados al uso indebido de estos aparatos que, en algunos espacios, han sido empleados con fines il\u00edcitos, como env\u00edos ilegales en unidades penitenciarias, hasta intentos de fuga mediante explosivos o ataques\u201d.<\/strong><\/p>\n\n\n\n<p>Adem\u00e1s, el documento sostiene que es menester \u201centender en la determinaci\u00f3n de la organizaci\u00f3n, doctrina, despliegue, capacitaci\u00f3n y equipamiento de la Polic\u00eda Federal Argentina y de la Polic\u00eda de Seguridad Aeroportuaria; e intervenir en dichos aspectos con relaci\u00f3n a Gendarmer\u00eda Nacional y Prefectura Naval Argentina\u201d.<\/p>\n\n\n\n<p><strong>Los drones son conocidos en jerga t\u00e9cnica militar con las siglas de UCAS (Unmanned Combat Aerial Systems). En recientes conflictos armados y, en especial, en la invasi\u00f3n de Rusia a Ucrania, se aceler\u00f3 el desarrollo de sistemas \u201cAntidrone\u201d (C \u2013 UAS), que proporcionan una soluci\u00f3n eficiente para neutralizar estos sistemas.<\/strong><\/p>\n\n\n\n<p>En este contexto de hermetismo se puede especular con posibles consultas a la compa\u00f1\u00eda especializada en sistemas C-UAS, EPIRUS de los Estados Unidos que obtuvo un contrato del US Army por US$ 66 millones para comenzar a fabricar las primeras unidades de su sistema C-UAS \u201cLeonidas\u201d, un Arma de Energ\u00eda Dirigida (DEW) que emplea \u201cPulso electromagn\u00e9tico\u201d (EMP-Electromagnetic Pulse) para derribar drones.<\/p>\n\n\n\n<p><strong>Otro sistema muy utilizado es el que implica la tecnolog\u00eda de l\u00e1ser. Pero en el caso del pulso electromagn\u00e9tico, y a diferencia del L\u00e1ser, puede dirigir su acci\u00f3n letal a un \u00e1rea determinada en el aire y neutralizar simult\u00e1neamente varias amenazas, <\/strong>lo que lo hace especialmente \u00fatil para el ataque de \u201cenjambres\u201d de drones.<\/p>\n\n\n\n<p><strong>La noticia se da a conocer dos semanas despu\u00e9s del confuso episodio que ocurri\u00f3 en el Congreso, donde dos ciudadanos de origen ruso pidieron recuperar un drone que hab\u00edan \u201cperdido\u201d en un sobrevuelo del Palacio Legislativo, para el cual no ten\u00edan autorizaci\u00f3n. El hecho a\u00fan se encuentra bajo investigaci\u00f3n de la Justicia federal.<\/strong><\/p>\n\n\n\n<p>En noviembre pasado, adem\u00e1s, otro drone cay\u00f3 a metros de la Embajada de Israel, en Avenida de Mayo al 700, donde se despleg\u00f3 un fuerte operativo de seguridad. Tras una investigaci\u00f3n se determin\u00f3 que \u201cno se trat\u00f3 de un ataque\u201d.<\/p>\n","protected":false},"excerpt":{"rendered":"<p>Lo hizo a trav\u00e9s de un decreto publicado en el Bolet\u00edn Oficial que tambi\u00e9n lleva la firma de Patricia Bullrich. Buscan saltear el proceso de licitaci\u00f3n y justificar una compra directa a una empresa por motivos de seguridad. El Gobierno orden\u00f3 la compra de un sistema antidrones tras la misteriosa ca\u00edda de uno de estos [&hellip;]<\/p>\n","protected":false},"author":49,"featured_media":422116,"comment_status":"open","ping_status":"open","sticky":false,"template":"","format":"standard","meta":{"_stopmodifiedupdate":false,"_modified_date":"","inline_featured_image":false,"spay_email":"","jetpack_publicize_message":""},"categories":[2,501],"tags":[],"jetpack_featured_media_url":"https:\/\/notinor.com\/jujuy\/wp-content\/uploads\/2025\/01\/javier-milei.jpg","jetpack_publicize_connections":[],"_links":{"self":[{"href":"https:\/\/notinor.com\/jujuy\/wp-json\/wp\/v2\/posts\/422115"}],"collection":[{"href":"https:\/\/notinor.com\/jujuy\/wp-json\/wp\/v2\/posts"}],"about":[{"href":"https:\/\/notinor.com\/jujuy\/wp-json\/wp\/v2\/types\/post"}],"author":[{"embeddable":true,"href":"https:\/\/notinor.com\/jujuy\/wp-json\/wp\/v2\/users\/49"}],"replies":[{"embeddable":true,"href":"https:\/\/notinor.com\/jujuy\/wp-json\/wp\/v2\/comments?post=422115"}],"version-history":[{"count":1,"href":"https:\/\/notinor.com\/jujuy\/wp-json\/wp\/v2\/posts\/422115\/revisions"}],"predecessor-version":[{"id":422117,"href":"https:\/\/notinor.com\/jujuy\/wp-json\/wp\/v2\/posts\/422115\/revisions\/422117"}],"wp:featuredmedia":[{"embeddable":true,"href":"https:\/\/notinor.com\/jujuy\/wp-json\/wp\/v2\/media\/422116"}],"wp:attachment":[{"href":"https:\/\/notinor.com\/jujuy\/wp-json\/wp\/v2\/media?parent=422115"}],"wp:term":[{"taxonomy":"category","embeddable":true,"href":"https:\/\/notinor.com\/jujuy\/wp-json\/wp\/v2\/categories?post=422115"},{"taxonomy":"post_tag","embeddable":true,"href":"https:\/\/notinor.com\/jujuy\/wp-json\/wp\/v2\/tags?post=422115"}],"curies":[{"name":"wp","href":"https:\/\/api.w.org\/{rel}","templated":true}]}}