{"id":422109,"date":"2025-01-13T13:53:34","date_gmt":"2025-01-13T16:53:34","guid":{"rendered":"https:\/\/notinor.com\/jujuy\/?p=422109"},"modified":"2025-01-13T13:53:36","modified_gmt":"2025-01-13T16:53:36","slug":"l-gante-dejo-la-puerta-abierta-para-volver-con-wanda-nara-la-amo","status":"publish","type":"post","link":"https:\/\/notinor.com\/jujuy\/l-gante-dejo-la-puerta-abierta-para-volver-con-wanda-nara-la-amo\/","title":{"rendered":"L-Gante dej\u00f3 la puerta abierta para volver con Wanda Nara: \u201cLa amo\u201d"},"content":{"rendered":"\n<p class=\"has-medium-font-size\"><strong><em>El cantante dio una entrevista desde Mar del Plata, en medio del esc\u00e1ndalo medi\u00e1tico de la conductora con Mauro Icardi.<\/em><\/strong><\/p>\n\n\n<div class=\"wp-block-image\">\n<figure class=\"aligncenter size-large is-resized\"><img decoding=\"async\" loading=\"lazy\" src=\"https:\/\/notinor.com\/jujuy\/wp-content\/uploads\/2025\/01\/BBBB-566x480.jpg\" alt=\"\" class=\"wp-image-422110\" width=\"704\" height=\"597\" srcset=\"https:\/\/notinor.com\/jujuy\/wp-content\/uploads\/2025\/01\/BBBB-566x480.jpg 566w, https:\/\/notinor.com\/jujuy\/wp-content\/uploads\/2025\/01\/BBBB-431x365.jpg 431w, https:\/\/notinor.com\/jujuy\/wp-content\/uploads\/2025\/01\/BBBB.jpg 597w\" sizes=\"(max-width: 704px) 100vw, 704px\" \/><figcaption class=\"wp-element-caption\">Cuando Wanda Nara festej\u00f3 Navidad junto a L-Gante<\/figcaption><\/figure><\/div>\n\n\n<p>En una entrevista en vivo con\u00a0<em>Puro Show<\/em>\u00a0(<em>eltrece<\/em>), <strong>L-Gante habl\u00f3 sobre Wanda Nara, t<\/strong>ras la medi\u00e1tica separaci\u00f3n que tuvieron. El cantante dijo que en las \u00faltimas horas habl\u00f3 con la conductora y que est\u00e1 todo bien con ella.<\/p>\n\n\n\n<p>Adem\u00e1s, el referente de la Cumbia 420, desde Mar del Plata, dej\u00f3 la puerta abierta a una posible reconciliaci\u00f3n. \u201c<strong>Yo estoy para la gente que quiero, siempre. La amo\u201d<\/strong>, lanz\u00f3.<\/p>\n\n\n\n<p><strong>Qu\u00e9 dijo L-Gante sobre Wanda Nara<\/strong><\/p>\n\n\n\n<p>Luego de que anunciaran la separaci\u00f3n,<strong>&nbsp;L-Gante no se hab\u00eda referido con tanta claridad al tema<\/strong>, m\u00e1s all\u00e1 de alg\u00fan posteo ir\u00f3nico que comparti\u00f3 en las redes sociales. De hecho, en las \u00faltimas horas todo parec\u00eda indicar que hab\u00eda olvidado a Wanda por las fotos en las que se mostr\u00f3 junto a una modelo er\u00f3tica desde Mar del Plata.<\/p>\n\n\n\n<p>Ahora, el cantante dej\u00f3 entreabierta la puerta para un posible regreso con la empresaria. \u201cEstoy de diez.&nbsp;<strong>El di\u00e1logo con ella es muy normal<\/strong>. Hasta reci\u00e9n estuve hablando. Nada raro\u201d, expres\u00f3.<\/p>\n\n\n\n<p>Cuando le preguntaron si hab\u00eda iniciado un romance con la modelo&nbsp;<strong>Dakota Gotth<\/strong>,&nbsp;<strong>L-Gante<\/strong>&nbsp;dijo que no. \u201cPara nada, estuve con amigos y amigas. Somos amigos, nada m\u00e1s. Tendr\u00eda que ser muy loco para salir de una relaci\u00f3n y entrar en otra. Es obvio\u201d, lanz\u00f3, desestimando la posibilidad de un nuevo romance.<\/p>\n\n\n\n<p>Luego,&nbsp;<strong>L-Gante<\/strong>&nbsp;opin\u00f3 sobre&nbsp;<strong>Mauro Icardi.<\/strong>&nbsp;\u201cEra muy seguido el tema del que se habla (por el hostigamiento).&nbsp;<strong>Lo que deseo que se resuelva lo m\u00e1s simple y r\u00e1pido<\/strong>&nbsp;posible, que es un tema familiar\u201d, explic\u00f3. Tambi\u00e9n dijo que charl\u00f3 un par de veces con el futbolista, sin aclarar qu\u00e9 se dijeron.<\/p>\n\n\n<div class=\"wp-block-image\">\n<figure class=\"aligncenter\"><img decoding=\"async\" src=\"https:\/\/tn.com.ar\/resizer\/v2\/l-gante-cuando-hablo-en-sus-redes-de-su-separacion-de-wanda-nara-foto-instagram-lgantekeloke-KYLKKDFPRNF77KSPJPOKYXGGZI.PNG?auth=5823740e4a057087f07ce049dc82029412bce7bdc924f69e0f423fc8da4552aa&amp;width=767\" alt=\"L-Gante, cuando habl\u00f3 en sus redes de su separaci\u00f3n de Wanda Nara. (Foto: Instagram \/ lgante_keloke)\"\/><figcaption class=\"wp-element-caption\">L-Gante, cuando habl\u00f3 en sus redes de su separaci\u00f3n de Wanda Nara<\/figcaption><\/figure><\/div>\n\n\n<p>\u201c\u00bfDe qu\u00e9 hablaron con Wanda?\u201d, pregunt\u00f3 el cronista. \u201cHablamos de c\u00f3mo arrancamos el d\u00eda.&nbsp;<strong>Todo bien, todo tranquilo<\/strong>\u201d, afirm\u00f3. Frente a la consulta de si estaban teniendo un v\u00ednculo de amistad respondi\u00f3: \u201cAs\u00ed es\u201d.<\/p>\n\n\n\n<p>Luego, fue por m\u00e1s. Ante la pregunta de si todav\u00eda pod\u00eda volver con Wanda, L-Gante no dud\u00f3. \u201cNo pasa nada. Yo estoy para la gente que quiero, siempre\u201d, lanz\u00f3. \u201c\u00bfLa am\u00e1s?\u201d, busc\u00f3 saber el periodista.&nbsp;<strong>\u201cS\u00ed\u201d<\/strong>, cerr\u00f3 el m\u00fasico, segundos antes de meterse detr\u00e1s del escenario del canal de streaming&nbsp;<em><strong>Olga<\/strong><\/em>, en el que fue a presentarse.<\/p>\n","protected":false},"excerpt":{"rendered":"<p>El cantante dio una entrevista desde Mar del Plata, en medio del esc\u00e1ndalo medi\u00e1tico de la conductora con Mauro Icardi. En una entrevista en vivo con\u00a0Puro Show\u00a0(eltrece), L-Gante habl\u00f3 sobre Wanda Nara, tras la medi\u00e1tica separaci\u00f3n que tuvieron. El cantante dijo que en las \u00faltimas horas habl\u00f3 con la conductora y que est\u00e1 todo bien [&hellip;]<\/p>\n","protected":false},"author":5,"featured_media":422110,"comment_status":"open","ping_status":"open","sticky":false,"template":"","format":"standard","meta":{"_stopmodifiedupdate":false,"_modified_date":"","inline_featured_image":false,"spay_email":"","jetpack_publicize_message":""},"categories":[21],"tags":[],"jetpack_featured_media_url":"https:\/\/notinor.com\/jujuy\/wp-content\/uploads\/2025\/01\/BBBB.jpg","jetpack_publicize_connections":[],"_links":{"self":[{"href":"https:\/\/notinor.com\/jujuy\/wp-json\/wp\/v2\/posts\/422109"}],"collection":[{"href":"https:\/\/notinor.com\/jujuy\/wp-json\/wp\/v2\/posts"}],"about":[{"href":"https:\/\/notinor.com\/jujuy\/wp-json\/wp\/v2\/types\/post"}],"author":[{"embeddable":true,"href":"https:\/\/notinor.com\/jujuy\/wp-json\/wp\/v2\/users\/5"}],"replies":[{"embeddable":true,"href":"https:\/\/notinor.com\/jujuy\/wp-json\/wp\/v2\/comments?post=422109"}],"version-history":[{"count":1,"href":"https:\/\/notinor.com\/jujuy\/wp-json\/wp\/v2\/posts\/422109\/revisions"}],"predecessor-version":[{"id":422111,"href":"https:\/\/notinor.com\/jujuy\/wp-json\/wp\/v2\/posts\/422109\/revisions\/422111"}],"wp:featuredmedia":[{"embeddable":true,"href":"https:\/\/notinor.com\/jujuy\/wp-json\/wp\/v2\/media\/422110"}],"wp:attachment":[{"href":"https:\/\/notinor.com\/jujuy\/wp-json\/wp\/v2\/media?parent=422109"}],"wp:term":[{"taxonomy":"category","embeddable":true,"href":"https:\/\/notinor.com\/jujuy\/wp-json\/wp\/v2\/categories?post=422109"},{"taxonomy":"post_tag","embeddable":true,"href":"https:\/\/notinor.com\/jujuy\/wp-json\/wp\/v2\/tags?post=422109"}],"curies":[{"name":"wp","href":"https:\/\/api.w.org\/{rel}","templated":true}]}}