{"id":422093,"date":"2025-01-13T10:31:50","date_gmt":"2025-01-13T13:31:50","guid":{"rendered":"https:\/\/notinor.com\/jujuy\/?p=422093"},"modified":"2025-01-13T10:31:52","modified_gmt":"2025-01-13T13:31:52","slug":"el-gobierno-convoca-a-sesiones-extraordinarias-para-destrabar-proyectos-clave","status":"publish","type":"post","link":"https:\/\/notinor.com\/jujuy\/el-gobierno-convoca-a-sesiones-extraordinarias-para-destrabar-proyectos-clave\/","title":{"rendered":"El Gobierno convoca a sesiones extraordinarias para destrabar proyectos clave"},"content":{"rendered":"\n<p class=\"has-medium-font-size\"><strong><em>Javier Milei convoca a sesiones extraordinarias para abordar proyectos conflictivos en el Congreso. La eliminaci\u00f3n de las PASO y los pliegos judiciales son algunos de los temas m\u00e1s discutidos.<\/em><\/strong><\/p>\n\n\n<div class=\"wp-block-image\">\n<figure class=\"aligncenter size-full\"><img decoding=\"async\" loading=\"lazy\" width=\"750\" height=\"398\" src=\"https:\/\/notinor.com\/jujuy\/wp-content\/uploads\/2025\/01\/SESIONES.jpg\" alt=\"\" class=\"wp-image-422094\" srcset=\"https:\/\/notinor.com\/jujuy\/wp-content\/uploads\/2025\/01\/SESIONES.jpg 750w, https:\/\/notinor.com\/jujuy\/wp-content\/uploads\/2025\/01\/SESIONES-660x350.jpg 660w\" sizes=\"(max-width: 750px) 100vw, 750px\" \/><figcaption class=\"wp-element-caption\">Congreso<\/figcaption><\/figure><\/div>\n\n\n<p>El presidente\u00a0<strong>Javier Milei<\/strong> ha convocado oficialmente a\u00a0<strong>sesiones extraordinarias<\/strong>: gobierno en el Congreso de la Naci\u00f3n. A trav\u00e9s del Decreto 23\/2025 de este lunes, el\u00a0<strong>Gobierno<\/strong>\u00a0busca abordar una serie de proyectos cruciales que han generado tanto consenso como fuertes divisiones. Los legisladores trabajar\u00e1n entre el 20 de enero y el 21 de febrero de 2025. Entre los temas propuestos se encuentran las iniciativas sobre la\u00a0<strong>eliminaci\u00f3n de las\u00a0PASO<\/strong>y los pliegos de los jueces Ariel Lijo y Manuel Garc\u00eda Mansilla, candidatos a ocupar la Corte Suprema.<\/p>\n\n\n\n<p>El prop\u00f3sito de estas sesiones extraordinarias es avanzar en la agenda legislativa del Gobierno, especialmente en las iniciativas que, en muchos casos, est\u00e1n atascadas debido a la falta de acuerdo con la oposici\u00f3n. Si bien algunos proyectos ya cuentan con un consenso previo, otros enfrentan una feroz resistencia, lo que pone en duda la rapidez de su aprobaci\u00f3n.<\/p>\n\n\n\n<p><strong>Las tensiones por la eliminaci\u00f3n de las PASO<\/strong><\/p>\n\n\n\n<p>Uno de los proyectos m\u00e1s pol\u00e9micos en discusi\u00f3n es la&nbsp;<strong>eliminaci\u00f3n de las PASO<\/strong>. Esta propuesta ha generado un intenso debate dentro del oficialismo y la oposici\u00f3n, especialmente en el PRO. El bloque encabezado por Cristian Ritondo ha se\u00f1alado que no tomar\u00e1 una decisi\u00f3n hasta conocer los detalles del proyecto presentado por el Ejecutivo. A pesar de las diferencias, dentro del PRO existen dos posturas claras: algunos prefieren suspender las PASO \u00fanicamente en 2025, mientras que otros abogan por su eliminaci\u00f3n definitiva.<\/p>\n\n\n\n<p>El Gobierno sostiene que la eliminaci\u00f3n de las primarias es necesaria, no solo por motivos&nbsp;<strong>presupuestarios<\/strong>, sino para evitar lo que considera una especulaci\u00f3n pol\u00edtica innecesaria. Para el jefe de Gabinete, Guillermo Francos, las PASO son un gasto que ha sido innecesario desde su instauraci\u00f3n en 2011. Este argumento es clave en la postura del Ejecutivo, aunque a\u00fan falta mucho por discutir para llegar a un acuerdo.<\/p>\n\n\n\n<p><strong>La negociaci\u00f3n pol\u00edtica ser\u00e1 clave<\/strong><\/p>\n\n\n\n<p>El escenario pol\u00edtico de cara a las sesiones extraordinarias est\u00e1 marcado por la incertidumbre. El Gobierno mantiene su postura de que todos los proyectos deben ser aprobados de manera expedita, pero las negociaciones pol\u00edticas entre el oficialismo y la oposici\u00f3n ser\u00e1n clave para determinar qu\u00e9 se aprueba finalmente. En particular, las tensiones internas dentro del PRO, que a\u00fan no han logrado resolver sus diferencias sobre varios proyectos, seguir\u00e1n siendo un factor importante en las discusiones del Congreso.<\/p>\n\n\n\n<p>Las\u00a0<strong>sesiones extraordinarias<\/strong>: gobierno del presidente <strong>Milei<\/strong> las convocan y buscan destrabar proyectos clave en un contexto de fuertes tensiones pol\u00edticas. Con el\u00a0<strong>debate sobre las PASO<\/strong>\u00a0y las\u00a0<strong>designaciones judiciales<\/strong>\u00a0como los temas m\u00e1s conflictivos, el futuro de la agenda legislativa depender\u00e1 en gran medida de la habilidad del Gobierno para negociar con sus aliados y la oposici\u00f3n.<\/p>\n","protected":false},"excerpt":{"rendered":"<p>Javier Milei convoca a sesiones extraordinarias para abordar proyectos conflictivos en el Congreso. La eliminaci\u00f3n de las PASO y los pliegos judiciales son algunos de los temas m\u00e1s discutidos. El presidente\u00a0Javier Milei ha convocado oficialmente a\u00a0sesiones extraordinarias: gobierno en el Congreso de la Naci\u00f3n. A trav\u00e9s del Decreto 23\/2025 de este lunes, el\u00a0Gobierno\u00a0busca abordar una [&hellip;]<\/p>\n","protected":false},"author":5,"featured_media":422094,"comment_status":"open","ping_status":"open","sticky":false,"template":"","format":"standard","meta":{"_stopmodifiedupdate":false,"_modified_date":"","inline_featured_image":false,"spay_email":"","jetpack_publicize_message":""},"categories":[501],"tags":[],"jetpack_featured_media_url":"https:\/\/notinor.com\/jujuy\/wp-content\/uploads\/2025\/01\/SESIONES.jpg","jetpack_publicize_connections":[],"_links":{"self":[{"href":"https:\/\/notinor.com\/jujuy\/wp-json\/wp\/v2\/posts\/422093"}],"collection":[{"href":"https:\/\/notinor.com\/jujuy\/wp-json\/wp\/v2\/posts"}],"about":[{"href":"https:\/\/notinor.com\/jujuy\/wp-json\/wp\/v2\/types\/post"}],"author":[{"embeddable":true,"href":"https:\/\/notinor.com\/jujuy\/wp-json\/wp\/v2\/users\/5"}],"replies":[{"embeddable":true,"href":"https:\/\/notinor.com\/jujuy\/wp-json\/wp\/v2\/comments?post=422093"}],"version-history":[{"count":1,"href":"https:\/\/notinor.com\/jujuy\/wp-json\/wp\/v2\/posts\/422093\/revisions"}],"predecessor-version":[{"id":422095,"href":"https:\/\/notinor.com\/jujuy\/wp-json\/wp\/v2\/posts\/422093\/revisions\/422095"}],"wp:featuredmedia":[{"embeddable":true,"href":"https:\/\/notinor.com\/jujuy\/wp-json\/wp\/v2\/media\/422094"}],"wp:attachment":[{"href":"https:\/\/notinor.com\/jujuy\/wp-json\/wp\/v2\/media?parent=422093"}],"wp:term":[{"taxonomy":"category","embeddable":true,"href":"https:\/\/notinor.com\/jujuy\/wp-json\/wp\/v2\/categories?post=422093"},{"taxonomy":"post_tag","embeddable":true,"href":"https:\/\/notinor.com\/jujuy\/wp-json\/wp\/v2\/tags?post=422093"}],"curies":[{"name":"wp","href":"https:\/\/api.w.org\/{rel}","templated":true}]}}