{"id":422089,"date":"2025-01-13T08:49:12","date_gmt":"2025-01-13T11:49:12","guid":{"rendered":"https:\/\/notinor.com\/jujuy\/?p=422089"},"modified":"2025-01-13T08:50:22","modified_gmt":"2025-01-13T11:50:22","slug":"la-depresion-es-una-enfermedad-de-salud-mental-que-puede-afectar-en-cualquier-etapa-de-la-vida","status":"publish","type":"post","link":"https:\/\/notinor.com\/jujuy\/la-depresion-es-una-enfermedad-de-salud-mental-que-puede-afectar-en-cualquier-etapa-de-la-vida\/","title":{"rendered":"La depresi\u00f3n es una enfermedad de salud mental que puede afectar en cualquier etapa de la vida"},"content":{"rendered":"\n<p class=\"has-medium-font-size\"><strong><em>Puede darse en ni\u00f1os, adolescentes, adultos y adultos mayores en cualquier g\u00e9nero y situaci\u00f3n social. La consulta temprana es fundamental.<\/em><\/strong><\/p>\n\n\n\n<figure class=\"wp-block-image\"><img decoding=\"async\" src=\"https:\/\/media.prensa.jujuy.gob.ar\/p\/87731de553eca7b03a10adc9bfb10fcf\/adjuntos\/301\/imagenes\/000\/406\/0000406796\/1200x0\/smart\/1jpg.jpg\" alt=\"La depresi\u00f3n es una enfermedad de salud mental que puede afectar en cualquier etapa de la vida\" title=\"La depresi\u00f3n es una enfermedad de salud mental que puede afectar en cualquier etapa de la vida\"\/><\/figure>\n\n\n\n<p>\u201cLa depresi\u00f3n es una enfermedad de salud mental muy frecuente que puede afectar en cualquier etapa de la vida. No tiene tanto que ver con la debilidad o la incapacidad de una persona, no tiene que ver con que la persona no tenga ganas o no quiera algo; en realidad, podr\u00edamos decir que es como si el cuerpo tuviera motor y ese motor se apaga, produciendo una falta de energ\u00eda vital que impide desarrollarse como habitualmente se hace y esto va condicionando distintas \u00e1reas\u201d, explic\u00f3 el secretario de Salud Mental, Adicciones y Discapacidad, Agust\u00edn Y\u00e9cora.<\/p>\n\n\n\n<p>Asimismo, indic\u00f3 que la depresi\u00f3n puede afectar entre 10 y un 30% de la poblaci\u00f3n mundial mientras \u201cen Jujuy es el cuatro motivo de consulta ambulatoria en salud mental y es el tercer motivo de internaci\u00f3n\u201d y remarc\u00f3 que \u201cafecta a todos los grupos etarios, puede darse en ni\u00f1os, adolescentes, adultos y adultos mayores y no distingue g\u00e9nero ni situaci\u00f3n social\u201d.<\/p>\n\n\n\n<h3>Se\u00f1ales para reconocer la depresi\u00f3n<\/h3>\n\n\n\n<p>\u201cPor ejemplo, en lo cognitivo empiezo a estar pesimista, negativo, sin posibilidad de disfrutar ni de ver soluciones; en el \u00e1rea de la voluntad entendida como energ\u00eda vital, me cuesta arrancar el d\u00eda, tener iniciativa propia, poder finalizar lo que inicio, duermo mal, pierdo el apetito\u201d, afirm\u00f3 Y\u00e9cora y sostuvo que \u201ctodo esto que repercute y va condicionando la funcionalidad social, laboral, acad\u00e9mica puede indicar que estamos frente a la depresi\u00f3n\u201d.&nbsp;<\/p>\n\n\n\n<p>Adem\u00e1s, apunt\u00f3 que \u201cno existe un solo tipo de depresi\u00f3n, as\u00ed como no existe un solo tipo de persona. Es una enfermedad que se trata, en general un tratamiento puede llevar entre 6 meses y 5 a\u00f1os, dependiendo de la complejidad de cada situaci\u00f3n y del tiempo oportuno de abordaje; como siempre decimos, mientras m\u00e1s temprano se interviene, m\u00e1s chances tenemos de poder ayudar: el impacto en la vida de la persona es menor si se puede actuar antes\u201d.<\/p>\n\n\n\n<h3>\u201cNos puede pasar a cualquiera\u201d<\/h3>\n\n\n\n<p>\u201cTenemos que tener presente que la enfermedad de la depresi\u00f3n puede pasarnos a cualquiera de nosotros. Son muchos los factores que pueden incidir, desde biol\u00f3gicos, hereditarios o contextuales; puede aparecer por ejemplo ante una p\u00e9rdida o situaciones como el fallecimiento de un ser querido, la p\u00e9rdida de un trabajo, el cambio de un domicilio y tambi\u00e9n en ciclos vitales como el paso de la ni\u00f1ez a la adolescencia, el embarazo, la maternidad o paternidad, la jubilaci\u00f3n, la perimenopausia o la edad adulta mayor\u201d, agreg\u00f3 Y\u00e9cora.<\/p>\n\n\n\n<h3>\u00bfC\u00f3mo acompa\u00f1ar a una persona que transita la depresi\u00f3n?<\/h3>\n\n\n\n<p>\u201cLa principal pregunta que nos hacen los familiares o seres queridos de quienes transitan depresi\u00f3n es c\u00f3mo acompa\u00f1ar porque existe el mito o perjuicio que la persona no quiere salir adelante y en realidad no puede hacerlo, tiene todas las intenciones, pero cuando repetimos lo que podr\u00eda hacerle bien, generamos sin quererlo un cortocircuito que puede frustrar, ser una sobre exigencia\u201d, agreg\u00f3.&nbsp;<\/p>\n\n\n\n<p>Por eso, apunt\u00f3 que \u201cla herramienta preventiva m\u00e1s importante es escuchar y dar un abrazo. A partir de ah\u00ed, cuando la persona puede contarnos, acompa\u00f1amos para comenzar con la ayuda profesional. Los tratamientos pueden incluir psicoterapia, a veces por breves periodos, a veces de manera extensa; pueden ser individuales o grupales e incluir o no medicaci\u00f3n de acuerdo a la situaci\u00f3n particular, siempre considerando que se puede salir, se puede curar\u201d.&nbsp;<\/p>\n\n\n\n<p>Por \u00faltimo, reiter\u00f3 que, en Jujuy, el sistema p\u00fablico a trav\u00e9s de su Plan Estrat\u00e9gico de Salud ofrece servicios con modalidad virtual, telef\u00f3nica, presencial, guardias 24 horas y los tratamientos ambulatorios en cualquiera de los hospitales y unidades de salud mental en toda la provincia.&nbsp;<\/p>\n\n\n\n<h3>\u00bfD\u00f3nde consultar?<\/h3>\n\n\n\n<p>* Salud Mental Escucha las 24 horas: 0800 888 4767&nbsp;<\/p>\n\n\n\n<p>* SAME 107 \u2013 Emergencias en Salud Mental las 24 horas&nbsp;<\/p>\n\n\n\n<p>* Servicio de Salud Digital: https:\/\/salud.jujuy.gob.ar\/asistenciavirtual\/ haciendo click en el bot\u00f3n \u201cSalud Mental\u201d de lunes a viernes de 8 a 20 horas&nbsp;<\/p>\n\n\n\n<p>* Guardia de Salud Mental las 24 horas, los 365 d\u00edas del a\u00f1o en Hospital Wenceslao Gallardo \u2013 Palpal\u00e1 (24 horas de lunes a domingos)&nbsp;<\/p>\n\n\n\n<p>* Guardia de Salud Mental del Hospital Pablo Soria (24 horas de lunes a domingos)&nbsp;<\/p>\n\n\n\n<p>* Guardia de Salud Mental del Hospital Materno Infantil (24 horas de lunes a domingos)&nbsp;<\/p>\n\n\n\n<p>* Guardia de Salud Mental del Hospital San Roque (24 horas de lunes a domingos)&nbsp;<\/p>\n\n\n\n<p>* Guardia de Salud Mental del CEN (lunes a domingos de 8 a 20 horas&nbsp;<\/p>\n\n\n\n<p>* Guardia de Salud Mental del CES \u2013 Hospital Snopek \u2013 Alto Comedero (8 a 20 horas de lunes a domingos)&nbsp;<\/p>\n\n\n\n<p>* Guardia de Salud Mental del Hospital Zabala \u2013 Perico (viernes, s\u00e1bados, domingos y feriados de 8 a 20 horas)&nbsp;<\/p>\n\n\n\n<p>* Guardia de Salud Mental del Hospital Oscar Or\u00edas \u2013 Libertador (viernes, s\u00e1bados, domingos y feriados de 8 a 20 horas)&nbsp;<\/p>\n\n\n\n<p>* Guardia de Salud Mental del Hospital Paterson y La Mendieta (24 horas de lunes a domingos)&nbsp;<\/p>\n\n\n\n<p>* Todos los Centros de Salud de la provincia. En este link se puede ubicar el m\u00e1s cercano al domicilio http:\/\/www.msaludjujuy.gov.ar:8022\/CartasServicioWeb\/Inicio&nbsp;<\/p>\n\n\n\n<p>* Secretar\u00eda de Salud Mental y Adicciones del Ministerio de Salud: 388 4245541&nbsp;<\/p>\n\n\n\n<p>* El Umbral: Belgrano N\u00b0 1205 \u2013 San Salvador de Jujuy \u2013 Tel\u00e9fono 0388-4249524 \u2013 Correo:&nbsp;elumbraljujuy@gmail.com&nbsp;\u2013 lunes a viernes de 8 a 20 horas&nbsp;<\/p>\n\n\n\n<p>Tambi\u00e9n se puede acudir a:&nbsp;<\/p>\n\n\n\n<p>* Departamento de Salud Mental de la Municipalidad de San de Jujuy: Jorge Newbery 996 \u2013 San Salvador de Jujuy \u2013 Tel\u00e9fono 388 5937187 \u2013 Correo:&nbsp;saludmentalmunicipiojujuy@gmail.com&nbsp;<\/p>\n\n\n\n<p>* Fundaci\u00f3n Vida: WhatsApp: 388- 4078233 \u2013 Facebook: C.A.S Centroatenci\u00f3nalsuicidaJujuy&nbsp;<\/p>\n\n\n\n<p>* Asociaci\u00f3n Civil Apostando a la Vida: Avenida 19 de Abril 943, San Salvador de Jujuy \u2013 Facebook: Asociaci\u00f3n Civil Apostando a la Vida \u2013 Correo:&nbsp;apostandoalavida@yahoo.com.ar&nbsp;<\/p>\n\n\n\n<p>* Departamento de Apoyo Institucional (DAI) \u2013 Secretar\u00eda de Equidad Educativa: Avenida Santib\u00e1\u00f1ez 1782, San Salvador de Jujuy \u2013 Celular: 388 \u2013 4580834&nbsp;<\/p>\n\n\n\n<p>* Secretar\u00eda de Derechos Humanos \u2013 Hip\u00f3lito Irigoyen 636 \u2013 Tel\u00e9fono: 4235877- 154040927- Correo:&nbsp;sdh@jujuy.gob.ar&nbsp;<\/p>\n\n\n\n<p>* Defensor\u00eda del Pueblo de la Provincia de Jujuy \u2013 Tel\u00e9fono: 0800- 444 \u2013 2010&nbsp;<\/p>\n\n\n\n<p>* Fundaci\u00f3n Crear Vale la Pena: Tel\u00e9fono: 549113211-2041 \u2013 Correo:&nbsp;info@crearvalelapena.org.ar&nbsp;<\/p>\n\n\n\n<p>* Programa Cuidadores de la Casa Com\u00fan de la Pastoral Social del Obispado de Jujuy: Tel\u00e9fono 388-154570825 \u2013 Correo:&nbsp;pastoraljujuy@gmail.com<\/p>\n","protected":false},"excerpt":{"rendered":"<p>Puede darse en ni\u00f1os, adolescentes, adultos y adultos mayores en cualquier g\u00e9nero y situaci\u00f3n social. La consulta temprana es fundamental. \u201cLa depresi\u00f3n es una enfermedad de salud mental muy frecuente que puede afectar en cualquier etapa de la vida. No tiene tanto que ver con la debilidad o la incapacidad de una persona, no tiene [&hellip;]<\/p>\n","protected":false},"author":5,"featured_media":422090,"comment_status":"open","ping_status":"open","sticky":false,"template":"","format":"standard","meta":{"_stopmodifiedupdate":false,"_modified_date":"","inline_featured_image":false,"spay_email":"","jetpack_publicize_message":""},"categories":[828],"tags":[],"jetpack_featured_media_url":"https:\/\/notinor.com\/jujuy\/wp-content\/uploads\/2025\/01\/DEPRESION.jpg","jetpack_publicize_connections":[],"_links":{"self":[{"href":"https:\/\/notinor.com\/jujuy\/wp-json\/wp\/v2\/posts\/422089"}],"collection":[{"href":"https:\/\/notinor.com\/jujuy\/wp-json\/wp\/v2\/posts"}],"about":[{"href":"https:\/\/notinor.com\/jujuy\/wp-json\/wp\/v2\/types\/post"}],"author":[{"embeddable":true,"href":"https:\/\/notinor.com\/jujuy\/wp-json\/wp\/v2\/users\/5"}],"replies":[{"embeddable":true,"href":"https:\/\/notinor.com\/jujuy\/wp-json\/wp\/v2\/comments?post=422089"}],"version-history":[{"count":2,"href":"https:\/\/notinor.com\/jujuy\/wp-json\/wp\/v2\/posts\/422089\/revisions"}],"predecessor-version":[{"id":422092,"href":"https:\/\/notinor.com\/jujuy\/wp-json\/wp\/v2\/posts\/422089\/revisions\/422092"}],"wp:featuredmedia":[{"embeddable":true,"href":"https:\/\/notinor.com\/jujuy\/wp-json\/wp\/v2\/media\/422090"}],"wp:attachment":[{"href":"https:\/\/notinor.com\/jujuy\/wp-json\/wp\/v2\/media?parent=422089"}],"wp:term":[{"taxonomy":"category","embeddable":true,"href":"https:\/\/notinor.com\/jujuy\/wp-json\/wp\/v2\/categories?post=422089"},{"taxonomy":"post_tag","embeddable":true,"href":"https:\/\/notinor.com\/jujuy\/wp-json\/wp\/v2\/tags?post=422089"}],"curies":[{"name":"wp","href":"https:\/\/api.w.org\/{rel}","templated":true}]}}