{"id":422086,"date":"2025-01-13T08:37:36","date_gmt":"2025-01-13T11:37:36","guid":{"rendered":"https:\/\/notinor.com\/jujuy\/?p=422086"},"modified":"2025-01-13T08:38:42","modified_gmt":"2025-01-13T11:38:42","slug":"el-gobierno-contribuira-para-la-obra-civil-de-entronizacion-de-la-virgen-de-la-candelaria","status":"publish","type":"post","link":"https:\/\/notinor.com\/jujuy\/el-gobierno-contribuira-para-la-obra-civil-de-entronizacion-de-la-virgen-de-la-candelaria\/","title":{"rendered":"El Gobierno contribuir\u00e1 para la obra civil de entronizaci\u00f3n de la Virgen de la Candelaria"},"content":{"rendered":"\n<p class=\"has-medium-font-size\"><strong><em>El gobernador Carlos Sadir dispuso aportar a la construcci\u00f3n de una plaza en el acceso sur de Humahuaca, con miras a revalorizar ese sector con la entronizaci\u00f3n de la Virgen de la Candelaria.<\/em><\/strong><\/p>\n\n\n<div class=\"wp-block-image\">\n<figure class=\"aligncenter is-resized\"><img decoding=\"async\" loading=\"lazy\" src=\"https:\/\/media.prensa.jujuy.gob.ar\/adjuntos\/301\/imagenes\/000\/406\/0000406744.gif\" alt=\"El Gobierno contribuir\u00e1 para la obra civil de entronizaci\u00f3n de la Virgen de la Candelaria\" width=\"835\" height=\"469\" title=\"El Gobierno contribuir\u00e1 para la obra civil de entronizaci\u00f3n de la Virgen de la Candelaria\"\/><figcaption class=\"wp-element-caption\">Gobernador Carlos Sadir y la Intendenta de Humahuaca Karina Paniagua<\/figcaption><\/figure><\/div>\n\n\n<p>As\u00ed se lo hizo saber a la intendenta de dicha ciudad, Karina Paniagua, en reciente encuentro. \u201cTambi\u00e9n apoyaremos las festividades religiosas programadas para febrero\u201d, apunt\u00f3.<\/p>\n\n\n\n<figure class=\"wp-block-image\"><a href=\"https:\/\/prensa.jujuy.gob.ar\/carlos-sadir\/sadir-felicito-al-gamer-jujeno-su-desempeno-las-competencias-esport-n118010\"><img decoding=\"async\" src=\"https:\/\/media.prensa.jujuy.gob.ar\/adjuntos\/301\/imagenes\/000\/406\/0000406743.gif\" alt=\"sadir felicito al gamer jujeno por su desempeno en las competencias de esport\" title=\"sadir felicito al gamer jujeno por su desempeno en las competencias de esport\"\/><\/a><\/figure>\n\n\n\n<p>Asimismo, recalc\u00f3 que \u201cJujuy es un pueblo muy religioso, tenemos varias celebraciones y la de Humahuaca re\u00fane muchos fieles\u201d, e hizo especial referencia a \u201cesta obra que potenciar\u00e1 el turismo religioso\u201d.<\/p>\n\n\n\n<p>En la oportunidad, tambi\u00e9n se dialog\u00f3 sobre otras obras para la ciudad.<\/p>\n\n\n\n<p>Por su parte, Paniagua agradeci\u00f3 al gobernador \u201cpor la colaboraci\u00f3n en esta obra para los humahuaque\u00f1os que trabajamos junto con el Obispado\u201d.&nbsp;<\/p>\n\n\n\n<p><strong>Proyecto Entronizaci\u00f3n Virgen de la Candelaria<\/strong>&nbsp;<\/p>\n\n\n\n<p>La obra de una plaza \u00e1rida que implica la entronizaci\u00f3n de la Virgen de la Candelaria, estar\u00e1 integrada al entorno cultural de la Quebrada y apta para diferentes actividades, sobre todo de car\u00e1cter religioso.&nbsp;<\/p>\n\n\n\n<p>El objetivo primordial es poner en valor la caminera principal que est\u00e1 en paralelo a la Ruta Nacional N\u00b0 9 con una imagen que genera devoci\u00f3n a fieles de la regi\u00f3n, a su vez se sumar\u00e1 un atractivo al circuito tur\u00edstico para los visitantes a la ciudad.&nbsp;<\/p>\n\n\n\n<p>De la reuni\u00f3n tambi\u00e9n participaron en representaci\u00f3n de la Prelatura de Humahuaca, el padre Fernando Vilte; los secretarios de Hacienda, Alejandro Guti\u00e9rrez; de Turismo y Cultura, Marcelo Caseres; y de Gobierno, Omar Cabrera.<\/p>\n","protected":false},"excerpt":{"rendered":"<p>El gobernador Carlos Sadir dispuso aportar a la construcci\u00f3n de una plaza en el acceso sur de Humahuaca, con miras a revalorizar ese sector con la entronizaci\u00f3n de la Virgen de la Candelaria. As\u00ed se lo hizo saber a la intendenta de dicha ciudad, Karina Paniagua, en reciente encuentro. \u201cTambi\u00e9n apoyaremos las festividades religiosas programadas [&hellip;]<\/p>\n","protected":false},"author":5,"featured_media":422087,"comment_status":"open","ping_status":"open","sticky":false,"template":"","format":"standard","meta":{"_stopmodifiedupdate":false,"_modified_date":"","inline_featured_image":false,"spay_email":"","jetpack_publicize_message":""},"categories":[2],"tags":[],"jetpack_featured_media_url":"https:\/\/notinor.com\/jujuy\/wp-content\/uploads\/2025\/01\/GOBERNADOR.jpg","jetpack_publicize_connections":[],"_links":{"self":[{"href":"https:\/\/notinor.com\/jujuy\/wp-json\/wp\/v2\/posts\/422086"}],"collection":[{"href":"https:\/\/notinor.com\/jujuy\/wp-json\/wp\/v2\/posts"}],"about":[{"href":"https:\/\/notinor.com\/jujuy\/wp-json\/wp\/v2\/types\/post"}],"author":[{"embeddable":true,"href":"https:\/\/notinor.com\/jujuy\/wp-json\/wp\/v2\/users\/5"}],"replies":[{"embeddable":true,"href":"https:\/\/notinor.com\/jujuy\/wp-json\/wp\/v2\/comments?post=422086"}],"version-history":[{"count":1,"href":"https:\/\/notinor.com\/jujuy\/wp-json\/wp\/v2\/posts\/422086\/revisions"}],"predecessor-version":[{"id":422088,"href":"https:\/\/notinor.com\/jujuy\/wp-json\/wp\/v2\/posts\/422086\/revisions\/422088"}],"wp:featuredmedia":[{"embeddable":true,"href":"https:\/\/notinor.com\/jujuy\/wp-json\/wp\/v2\/media\/422087"}],"wp:attachment":[{"href":"https:\/\/notinor.com\/jujuy\/wp-json\/wp\/v2\/media?parent=422086"}],"wp:term":[{"taxonomy":"category","embeddable":true,"href":"https:\/\/notinor.com\/jujuy\/wp-json\/wp\/v2\/categories?post=422086"},{"taxonomy":"post_tag","embeddable":true,"href":"https:\/\/notinor.com\/jujuy\/wp-json\/wp\/v2\/tags?post=422086"}],"curies":[{"name":"wp","href":"https:\/\/api.w.org\/{rel}","templated":true}]}}