{"id":422083,"date":"2025-01-12T23:35:54","date_gmt":"2025-01-13T02:35:54","guid":{"rendered":"https:\/\/notinor.com\/jujuy\/?p=422083"},"modified":"2025-01-12T23:35:56","modified_gmt":"2025-01-13T02:35:56","slug":"en-una-semana-clave-el-gobierno-espera-el-dato-de-inflacion-para-definir-la-baja-del-ritmo-de-devaluacion","status":"publish","type":"post","link":"https:\/\/notinor.com\/jujuy\/en-una-semana-clave-el-gobierno-espera-el-dato-de-inflacion-para-definir-la-baja-del-ritmo-de-devaluacion\/","title":{"rendered":"En una semana clave, el Gobierno espera el dato de inflaci\u00f3n para definir la baja del ritmo de devaluaci\u00f3n"},"content":{"rendered":"\n<p class=\"has-medium-font-size\"><strong><em>Este martes, el INDEC publicar\u00e1 el IPC de diciembre. El Presidente hab\u00eda anticipado que si la cifra se manten\u00eda por debajo de 2,5% iba a reducir el ajuste del d\u00f3lar oficial a 1% mensual. Qu\u00e9 puede pasar con la tasa de inter\u00e9s.<\/em><\/strong><\/p>\n\n\n\n<p><\/p>\n\n\n<div class=\"wp-block-image\">\n<figure class=\"aligncenter size-full\"><img decoding=\"async\" loading=\"lazy\" width=\"800\" height=\"450\" src=\"https:\/\/notinor.com\/jujuy\/wp-content\/uploads\/2025\/01\/gobierno-nacional.jpg\" alt=\"\" class=\"wp-image-422084\" srcset=\"https:\/\/notinor.com\/jujuy\/wp-content\/uploads\/2025\/01\/gobierno-nacional.jpg 800w, https:\/\/notinor.com\/jujuy\/wp-content\/uploads\/2025\/01\/gobierno-nacional-649x365.jpg 649w, https:\/\/notinor.com\/jujuy\/wp-content\/uploads\/2025\/01\/gobierno-nacional-500x280.jpg 500w, https:\/\/notinor.com\/jujuy\/wp-content\/uploads\/2025\/01\/gobierno-nacional-768x432.jpg 768w, https:\/\/notinor.com\/jujuy\/wp-content\/uploads\/2025\/01\/gobierno-nacional-750x422.jpg 750w\" sizes=\"(max-width: 800px) 100vw, 800px\" \/><\/figure><\/div>\n\n\n<p><\/p>\n\n\n\n<p>El INDEC dar\u00e1 a conocer este martes el \u00faltimo dato de inflaci\u00f3n de 2024 y el Gobierno espera que contin\u00fae en la senda de 2,5% para definir la baja del ritmo de devaluaci\u00f3n del tipo de cambio oficial.<\/p>\n\n\n\n<p>En noviembre, el presidente Javier Milei hab\u00eda anticipado que si se manten\u00eda la desaceleraci\u00f3n de los precios por dos meses, iban a reducir el crawling peg al 1% mensual.<\/p>\n\n\n\n<p>\u201cEn t\u00e9rminos de nominalidad, los precios corren cerca del 2% hace 2 meses, mientras que para el \u00faltimo mes del a\u00f1o las consultoras estiman que la cifra sea de 2,7%. Frente a este cuadro, como dijeron en el BCRA, el crawling peg se vuelve m\u00e1s un factor de inercia que un ancla. Pero la devaluaci\u00f3n al 1% mensual ya se siente en el mercado\u201d, indicaron desde la consultora GMA Capital. En ese sentido, destacaron que si el Ejecutivo avanza con la reducci\u00f3n del ritmo al 1% mensual \u201cser\u00eda la previa de un paso enorme para la eventual salida del cepo este a\u00f1o\u201d.<\/p>\n\n\n\n<p>Asimismo, en el \u00faltimo Relevamiento de Expectativas de Mercado (REM) los analistas moderaron sus proyecciones de devaluaci\u00f3n, ya que hab\u00edan estimado un d\u00f3lar oficial de $1139,5 para junio en el relevamiento del mes previo y ahora prev\u00e9n que igualar\u00eda los $1112, equivalente a un crawl de 1,2% mensual que podr\u00eda estirarse hasta fin de a\u00f1o.<\/p>\n\n\n\n<p>Los especialistas coincidieron en que la reducci\u00f3n del ritmo de devaluaci\u00f3n podr\u00eda estar acompa\u00f1ada de una baja en la tasa de inter\u00e9s. \u201cAsumimos que cuando bajen el crawl tambi\u00e9n bajar\u00e1n la tasa a la mitad, y la tasa quiz\u00e1s baje 10% o 15%, es decir, entre 300 y 500 bps desde el 32% TNA actual. Mientras avanza la desinflaci\u00f3n, tambi\u00e9n lo hace la remonetizaci\u00f3n de la econom\u00eda que, seg\u00fan el Gobierno, es una de las condiciones previas para levantar el cepo\u201d, afirmaron desde la consultora 1816.<\/p>\n\n\n\n<p>Por otro lado, d\u00edas atr\u00e1s se conoci\u00f3 la inflaci\u00f3n de la Ciudad de Buenos Aires, que fue del 3,3% en diciembre y acumul\u00f3 un alza de 136,7% en todo 2024. En un informe, LCG se\u00f1al\u00f3 que el dato m\u00e1s distintivo fue la aceleraci\u00f3n de la inflaci\u00f3n n\u00facleo de 0,5 puntos porcentuales respecto de noviembre y proyect\u00f3 un 2,7% para el IPC nacional.<\/p>\n\n\n\n<p>La consultora, en tanto, explic\u00f3: \u201cEl presidente Milei afirm\u00f3 que bajar\u00e1 el ritmo de depreciaci\u00f3n si se mantiene la inflaci\u00f3n en diciembre, as\u00ed que hay un rango de aumento de precios que puede verse como una situaci\u00f3n \u2018gris\u2019 (no se mantiene la inflaci\u00f3n, pero es parecida) lo que dar\u00eda discrecionalidad para decidir qu\u00e9 hacer con el d\u00f3lar oficial\u201d.<\/p>\n\n\n\n<p>Outlier tambi\u00e9n consider\u00f3 que \u201cun dato -de inflaci\u00f3n a nivel nacional- bastante por encima de 2,5% no alejar\u00eda del cumplimiento de la condici\u00f3n enunciada para la reducci\u00f3n del ritmo del crawling y la tasa de inter\u00e9s. Milei podr\u00eda avanzar igual y volver a forzar el proceso\u201d.<\/p>\n\n\n\n<p>\u201cCon una cifra oficial cercana a 3% mensual la administraci\u00f3n Milei puede jugar la carta de atribuir el dato a factores estacionales y puntales de diciembre. Por eso, no prevemos mayores cambios en las expectativas, aunque si pudiera ser problem\u00e1tico que no se observe una reducci\u00f3n en el crawl, ya que, en nuestra opini\u00f3n, los mercados como LECAP y futuros ya han internalizado, aunque sea parcialmente, una disminuci\u00f3n del mismo junto con la inflaci\u00f3n\u201d, desarrollaron desde Outlier.<\/p>\n\n\n\n<p>De todas formas, para la consultora, el Gobierno necesita que la tasa de inflaci\u00f3n mensual sea de un d\u00edgito antes de las elecciones legislativas: \u201cComo hemos anticipado y qued\u00f3 demostrado, si ese proceso no fluye por si mismo, est\u00e1n dispuestos a forzarlo, a\u00fan a costo de seguir incrementando los riesgos que se asumieron cuando se adopt\u00f3 el ancla cambiaria\u201d.<\/p>\n","protected":false},"excerpt":{"rendered":"<p>Este martes, el INDEC publicar\u00e1 el IPC de diciembre. El Presidente hab\u00eda anticipado que si la cifra se manten\u00eda por debajo de 2,5% iba a reducir el ajuste del d\u00f3lar oficial a 1% mensual. Qu\u00e9 puede pasar con la tasa de inter\u00e9s. El INDEC dar\u00e1 a conocer este martes el \u00faltimo dato de inflaci\u00f3n de [&hellip;]<\/p>\n","protected":false},"author":49,"featured_media":422084,"comment_status":"open","ping_status":"open","sticky":false,"template":"","format":"standard","meta":{"_stopmodifiedupdate":false,"_modified_date":"","inline_featured_image":false,"spay_email":"","jetpack_publicize_message":""},"categories":[2,676,501],"tags":[],"jetpack_featured_media_url":"https:\/\/notinor.com\/jujuy\/wp-content\/uploads\/2025\/01\/gobierno-nacional.jpg","jetpack_publicize_connections":[],"_links":{"self":[{"href":"https:\/\/notinor.com\/jujuy\/wp-json\/wp\/v2\/posts\/422083"}],"collection":[{"href":"https:\/\/notinor.com\/jujuy\/wp-json\/wp\/v2\/posts"}],"about":[{"href":"https:\/\/notinor.com\/jujuy\/wp-json\/wp\/v2\/types\/post"}],"author":[{"embeddable":true,"href":"https:\/\/notinor.com\/jujuy\/wp-json\/wp\/v2\/users\/49"}],"replies":[{"embeddable":true,"href":"https:\/\/notinor.com\/jujuy\/wp-json\/wp\/v2\/comments?post=422083"}],"version-history":[{"count":1,"href":"https:\/\/notinor.com\/jujuy\/wp-json\/wp\/v2\/posts\/422083\/revisions"}],"predecessor-version":[{"id":422085,"href":"https:\/\/notinor.com\/jujuy\/wp-json\/wp\/v2\/posts\/422083\/revisions\/422085"}],"wp:featuredmedia":[{"embeddable":true,"href":"https:\/\/notinor.com\/jujuy\/wp-json\/wp\/v2\/media\/422084"}],"wp:attachment":[{"href":"https:\/\/notinor.com\/jujuy\/wp-json\/wp\/v2\/media?parent=422083"}],"wp:term":[{"taxonomy":"category","embeddable":true,"href":"https:\/\/notinor.com\/jujuy\/wp-json\/wp\/v2\/categories?post=422083"},{"taxonomy":"post_tag","embeddable":true,"href":"https:\/\/notinor.com\/jujuy\/wp-json\/wp\/v2\/tags?post=422083"}],"curies":[{"name":"wp","href":"https:\/\/api.w.org\/{rel}","templated":true}]}}