{"id":421997,"date":"2025-01-09T23:48:17","date_gmt":"2025-01-10T02:48:17","guid":{"rendered":"https:\/\/notinor.com\/jujuy\/?p=421997"},"modified":"2025-01-09T23:48:19","modified_gmt":"2025-01-10T02:48:19","slug":"franco-colapinto-sera-piloto-de-alpine-en-la-formula-1","status":"publish","type":"post","link":"https:\/\/notinor.com\/jujuy\/franco-colapinto-sera-piloto-de-alpine-en-la-formula-1\/","title":{"rendered":"Franco Colapinto ser\u00e1 piloto de Alpine en la F\u00f3rmula 1"},"content":{"rendered":"\n<p class=\"has-medium-font-size\"><strong><em>El piloto argentino dej\u00f3 Williams y se fue a la escuder\u00eda francesa, que lo tendr\u00e1 como reserva de Doohan, bajo la lupa en las primeras seis fechas.<\/em><\/strong><\/p>\n\n\n\n<p><\/p>\n\n\n<div class=\"wp-block-image\">\n<figure class=\"aligncenter size-full\"><img decoding=\"async\" loading=\"lazy\" width=\"800\" height=\"450\" src=\"https:\/\/notinor.com\/jujuy\/wp-content\/uploads\/2025\/01\/colapinto-alpine.jpg\" alt=\"\" class=\"wp-image-421998\" srcset=\"https:\/\/notinor.com\/jujuy\/wp-content\/uploads\/2025\/01\/colapinto-alpine.jpg 800w, https:\/\/notinor.com\/jujuy\/wp-content\/uploads\/2025\/01\/colapinto-alpine-649x365.jpg 649w, https:\/\/notinor.com\/jujuy\/wp-content\/uploads\/2025\/01\/colapinto-alpine-500x280.jpg 500w, https:\/\/notinor.com\/jujuy\/wp-content\/uploads\/2025\/01\/colapinto-alpine-768x432.jpg 768w, https:\/\/notinor.com\/jujuy\/wp-content\/uploads\/2025\/01\/colapinto-alpine-750x422.jpg 750w\" sizes=\"(max-width: 800px) 100vw, 800px\" \/><\/figure><\/div>\n\n\n<p><\/p>\n\n\n\n<p>Franco Colapinto ya es piloto de Alpine en la F\u00f3rmula 1. El argentino, que sorprendi\u00f3 al mundo en 2024 con sus nueve carreras en Williams, dej\u00f3 la escuder\u00eda inglesa que lo llev\u00f3 hasta la m\u00e1xima categor\u00eda y firm\u00f3 por \"m\u00faltiples temporadas\" con los franceses.<\/p>\n\n\n\n<p>El pilarense de 21 a\u00f1os empezar\u00e1 como piloto de reserva, pero con un ojo en el rendimiento del novato Jack Doohan, quien tom\u00f3 el lugar de Esteban Ocon (se fue a Haas) y tiene aseguradas como titular solamente las seis primeras carreras del 2025.<\/p>\n\n\n\n<p>\"Franco estar\u00e1 presente en varios Grandes Premios a lo largo del a\u00f1o y tambi\u00e9n compartir\u00e1 tareas con Paul Aron y Ry\u014d Hirakawa en el Programa de Pruebas de Autos Anteriores (TPC), adem\u00e1s de contribuir en el simulador\", expres\u00f3 el equipo galo -con sede en Reino Unido- mediante un comunicado.<\/p>\n\n\n\n<p>Si a Alpine no le convence el rendimiento del australiano de 21 a\u00f1os, quien debut\u00f3 en el \u00faltimo GP de Abu Dhabi (termin\u00f3 15\u00b0), el argentino podr\u00eda meterse nuevamente entre los 20 hombres m\u00e1s r\u00e1pidos del mundo como compa\u00f1ero de equipo de Pierre Gasly.<\/p>\n\n\n\n<p>En un mensaje publicado por Alpine, Colapinto agradeci\u00f3 a Williams por las oportunidades pasadas y a sus \"incre\u00edbles fan\u00e1ticos en Argentina\". \"Su pasi\u00f3n y aliento significan mucho para m\u00ed. Apuntemos a cosas a\u00fan m\u00e1s grandes en 2025 y m\u00e1s all\u00e1\", expres\u00f3.<\/p>\n\n\n\n<p>Sin chances de titularidad en Williams por la llegada de Carlos Sainz, y ca\u00edda la negociaci\u00f3n con Red Bull, el hombre clave para esta chance a Colapinto se llama Flavio Briatore, un hist\u00f3rico de la F1 que asesora a Alpine y toma las decisiones pesadas.<\/p>\n\n\n\n<p>\u201cEstamos muy contentos de haber llegado a un acuerdo con Williams para fichar a &nbsp;Colapinto. Es evidente que es uno de los mejores j\u00f3venes talentos del automovilismo en este momento. Es justo decir que su aparici\u00f3n en la parrilla de F\u00f3rmula 1 el a\u00f1o pasado sorprendi\u00f3 a muchos, incluido yo\", afirm\u00f3.<\/p>\n\n\n\n<p>A Briatore si algo le sobra es ojo para detectar promesas: hizo bicampe\u00f3n del mundo a Michael Schumacher en Benetton (1994 y 1995) y luego repiti\u00f3 la historia con Fernando Alonso en Renault (2005 y 2006).<\/p>\n","protected":false},"excerpt":{"rendered":"<p>El piloto argentino dej\u00f3 Williams y se fue a la escuder\u00eda francesa, que lo tendr\u00e1 como reserva de Doohan, bajo la lupa en las primeras seis fechas. Franco Colapinto ya es piloto de Alpine en la F\u00f3rmula 1. El argentino, que sorprendi\u00f3 al mundo en 2024 con sus nueve carreras en Williams, dej\u00f3 la escuder\u00eda [&hellip;]<\/p>\n","protected":false},"author":49,"featured_media":421998,"comment_status":"open","ping_status":"open","sticky":false,"template":"","format":"standard","meta":{"_stopmodifiedupdate":false,"_modified_date":"","inline_featured_image":false,"spay_email":"","jetpack_publicize_message":""},"categories":[7],"tags":[],"jetpack_featured_media_url":"https:\/\/notinor.com\/jujuy\/wp-content\/uploads\/2025\/01\/colapinto-alpine.jpg","jetpack_publicize_connections":[],"_links":{"self":[{"href":"https:\/\/notinor.com\/jujuy\/wp-json\/wp\/v2\/posts\/421997"}],"collection":[{"href":"https:\/\/notinor.com\/jujuy\/wp-json\/wp\/v2\/posts"}],"about":[{"href":"https:\/\/notinor.com\/jujuy\/wp-json\/wp\/v2\/types\/post"}],"author":[{"embeddable":true,"href":"https:\/\/notinor.com\/jujuy\/wp-json\/wp\/v2\/users\/49"}],"replies":[{"embeddable":true,"href":"https:\/\/notinor.com\/jujuy\/wp-json\/wp\/v2\/comments?post=421997"}],"version-history":[{"count":1,"href":"https:\/\/notinor.com\/jujuy\/wp-json\/wp\/v2\/posts\/421997\/revisions"}],"predecessor-version":[{"id":421999,"href":"https:\/\/notinor.com\/jujuy\/wp-json\/wp\/v2\/posts\/421997\/revisions\/421999"}],"wp:featuredmedia":[{"embeddable":true,"href":"https:\/\/notinor.com\/jujuy\/wp-json\/wp\/v2\/media\/421998"}],"wp:attachment":[{"href":"https:\/\/notinor.com\/jujuy\/wp-json\/wp\/v2\/media?parent=421997"}],"wp:term":[{"taxonomy":"category","embeddable":true,"href":"https:\/\/notinor.com\/jujuy\/wp-json\/wp\/v2\/categories?post=421997"},{"taxonomy":"post_tag","embeddable":true,"href":"https:\/\/notinor.com\/jujuy\/wp-json\/wp\/v2\/tags?post=421997"}],"curies":[{"name":"wp","href":"https:\/\/api.w.org\/{rel}","templated":true}]}}