{"id":421994,"date":"2025-01-09T23:18:44","date_gmt":"2025-01-10T02:18:44","guid":{"rendered":"https:\/\/notinor.com\/jujuy\/?p=421994"},"modified":"2025-01-09T23:18:45","modified_gmt":"2025-01-10T02:18:45","slug":"sadir-felicito-a-un-gamer-jujeno-por-su-desempeno-en-las-competencias-de-esport","status":"publish","type":"post","link":"https:\/\/notinor.com\/jujuy\/sadir-felicito-a-un-gamer-jujeno-por-su-desempeno-en-las-competencias-de-esport\/","title":{"rendered":"Sadir felicit\u00f3 a\u00a0un gamer juje\u00f1o por su desempe\u00f1o en las competencias de Esport"},"content":{"rendered":"\n<p class=\"has-medium-font-size\"><strong><em>El gobernador Carlos Sadir recibi\u00f3 a Lucas Garay, primer gamer juje\u00f1o profesional de 23 a\u00f1os, quien qued\u00f3 entre los mejores jugadores del mundo en la categor\u00eda eFootball Mobile del prestigioso FIFAe World Cup 2024.<\/em><\/strong><\/p>\n\n\n\n<p><\/p>\n\n\n<div class=\"wp-block-image\">\n<figure class=\"aligncenter size-full\"><img decoding=\"async\" loading=\"lazy\" width=\"800\" height=\"450\" src=\"https:\/\/notinor.com\/jujuy\/wp-content\/uploads\/2025\/01\/sadir-y-gamer.jpg\" alt=\"\" class=\"wp-image-421995\" srcset=\"https:\/\/notinor.com\/jujuy\/wp-content\/uploads\/2025\/01\/sadir-y-gamer.jpg 800w, https:\/\/notinor.com\/jujuy\/wp-content\/uploads\/2025\/01\/sadir-y-gamer-649x365.jpg 649w, https:\/\/notinor.com\/jujuy\/wp-content\/uploads\/2025\/01\/sadir-y-gamer-500x280.jpg 500w, https:\/\/notinor.com\/jujuy\/wp-content\/uploads\/2025\/01\/sadir-y-gamer-768x432.jpg 768w, https:\/\/notinor.com\/jujuy\/wp-content\/uploads\/2025\/01\/sadir-y-gamer-750x422.jpg 750w\" sizes=\"(max-width: 800px) 100vw, 800px\" \/><\/figure><\/div>\n\n\n<p><\/p>\n\n\n\n<p>Durante el encuentro, el primer mandatario se interioriz\u00f3 sobre el desempe\u00f1o del joven gamer en los juegos de multiplataforma y sobre los desaf\u00edos para este a\u00f1o.<\/p>\n\n\n\n<p>En tal oportunidad, Lucas, conocido como \"Luckz\" en el \u00e1mbito de los juegos, le coment\u00f3 al gobernador su experiencia en Arabia Saudita y sobre su participaci\u00f3n en la liga de Espa\u00f1a profesional donde represent\u00f3 a Jujuy y gan\u00f3 el campeonato.<\/p>\n\n\n\n<p>\u201cMis objetivos internacionales son quedar en un equipo de Europa y Brasil, y a nivel nacional hacer una competencia en el pa\u00eds para ver los talentos ocultos y elevar el deporte electr\u00f3nico a otro nivel\u201d, afirm\u00f3.<\/p>\n\n\n\n<p>Asimismo, agradeci\u00f3 al gobernador Sadir por \u201cseguir mis pasos\u201d y finalmente destac\u00f3 que \u201cla idea es generar conciencia desde Desaf\u00edo Jujuy que esto es un deporte profesional\u201d. Tambi\u00e9n participaron del encuentro, el secretario de la Asociaci\u00f3n de Deportes Electr\u00f3nicos de Jujuy, Camilo Atim, y Luis P\u00e9rez, embajador de esports del Norte Argentino y presidente de la Asociaci\u00f3n de Deportes Electr\u00f3nicos de Jujuy.<\/p>\n","protected":false},"excerpt":{"rendered":"<p>El gobernador Carlos Sadir recibi\u00f3 a Lucas Garay, primer gamer juje\u00f1o profesional de 23 a\u00f1os, quien qued\u00f3 entre los mejores jugadores del mundo en la categor\u00eda eFootball Mobile del prestigioso FIFAe World Cup 2024. Durante el encuentro, el primer mandatario se interioriz\u00f3 sobre el desempe\u00f1o del joven gamer en los juegos de multiplataforma y sobre [&hellip;]<\/p>\n","protected":false},"author":49,"featured_media":421995,"comment_status":"open","ping_status":"open","sticky":false,"template":"","format":"standard","meta":{"_stopmodifiedupdate":false,"_modified_date":"","inline_featured_image":false,"spay_email":"","jetpack_publicize_message":""},"categories":[2,514],"tags":[],"jetpack_featured_media_url":"https:\/\/notinor.com\/jujuy\/wp-content\/uploads\/2025\/01\/sadir-y-gamer.jpg","jetpack_publicize_connections":[],"_links":{"self":[{"href":"https:\/\/notinor.com\/jujuy\/wp-json\/wp\/v2\/posts\/421994"}],"collection":[{"href":"https:\/\/notinor.com\/jujuy\/wp-json\/wp\/v2\/posts"}],"about":[{"href":"https:\/\/notinor.com\/jujuy\/wp-json\/wp\/v2\/types\/post"}],"author":[{"embeddable":true,"href":"https:\/\/notinor.com\/jujuy\/wp-json\/wp\/v2\/users\/49"}],"replies":[{"embeddable":true,"href":"https:\/\/notinor.com\/jujuy\/wp-json\/wp\/v2\/comments?post=421994"}],"version-history":[{"count":1,"href":"https:\/\/notinor.com\/jujuy\/wp-json\/wp\/v2\/posts\/421994\/revisions"}],"predecessor-version":[{"id":421996,"href":"https:\/\/notinor.com\/jujuy\/wp-json\/wp\/v2\/posts\/421994\/revisions\/421996"}],"wp:featuredmedia":[{"embeddable":true,"href":"https:\/\/notinor.com\/jujuy\/wp-json\/wp\/v2\/media\/421995"}],"wp:attachment":[{"href":"https:\/\/notinor.com\/jujuy\/wp-json\/wp\/v2\/media?parent=421994"}],"wp:term":[{"taxonomy":"category","embeddable":true,"href":"https:\/\/notinor.com\/jujuy\/wp-json\/wp\/v2\/categories?post=421994"},{"taxonomy":"post_tag","embeddable":true,"href":"https:\/\/notinor.com\/jujuy\/wp-json\/wp\/v2\/tags?post=421994"}],"curies":[{"name":"wp","href":"https:\/\/api.w.org\/{rel}","templated":true}]}}