{"id":421958,"date":"2025-01-08T21:30:00","date_gmt":"2025-01-09T00:30:00","guid":{"rendered":"https:\/\/notinor.com\/jujuy\/?p=421958"},"modified":"2025-01-08T09:30:29","modified_gmt":"2025-01-08T09:30:29","slug":"se-puso-en-marcha-la-campana-2025-para-erradicar-el-dengue-en-la-ciudad","status":"publish","type":"post","link":"https:\/\/notinor.com\/jujuy\/se-puso-en-marcha-la-campana-2025-para-erradicar-el-dengue-en-la-ciudad\/","title":{"rendered":"Se puso en marcha la Campa\u00f1a 2025 para erradicar el Dengue en la ciudad"},"content":{"rendered":"\n<p class=\"has-medium-font-size\"><strong><em>El intendente Ra\u00fal \u201cChuli\u201d Jorge, junto al ministro de Salud Gustavo Bouhid, lanzaron la campa\u00f1a 2025 contra el dengue en el sector B-6 de Alto Comedero. La iniciativa incluye una amplia labor estrat\u00e9gica de concientizaci\u00f3n y erradicaci\u00f3n de criaderos del mosquito Aedes Aegypti, vector transmisor del virus, con personal sanitario y log\u00edstica municipal en toda la ciudad de San Salvador de Jujuy.<\/em><\/strong><\/p>\n\n\n<div class=\"wp-block-image\">\n<figure class=\"aligncenter\"><img decoding=\"async\" src=\"https:\/\/www.sansalvadordejujuy.gob.ar\/wp-content\/uploads\/2025\/01\/Campana-contra-el-dengue-2025-Prensa-Muni-Jujuy1-1-1024x701.jpg\" alt=\"\" class=\"wp-image-81436\"\/><\/figure><\/div>\n\n\n<p>El intendente destac\u00f3 la importancia de concientizar e informar a los vecinos sobre el problema del dengue, subrayando la labor del descacharrado y la eliminaci\u00f3n de todos los elementos que sirven de criaderos del mosquito, \u201ces importante que los vecinos se informen a trav\u00e9s de las folleter\u00edas y vean claramente todos los peligros de contraer la enfermedad y c\u00f3mo evitarla, desarrollando las tareas m\u00ednimas en cada una de las viviendas y su entorno\u201d, expres\u00f3.<\/p>\n\n\n\n<p>As\u00ed mismo, a\u00f1adi\u00f3 que, \u201ctodo esto tambi\u00e9n est\u00e1 relacionado con el cuidado de los ni\u00f1os, fundamentalmente con el uso de repelentes que est\u00e1n a la venta en las farmacias o que se entregan gratuitamente en las campa\u00f1as. Pero tambi\u00e9n se trata de una actitud de hacerlo permanentemente en los lugares m\u00e1s peligrosos\u201d.<\/p>\n\n\n<div class=\"wp-block-image\">\n<figure class=\"alignright\"><img decoding=\"async\" src=\"https:\/\/www.sansalvadordejujuy.gob.ar\/wp-content\/uploads\/2025\/01\/Campana-contra-el-dengue-2025-Prensa-Muni-Jujuy6-1-1024x741.jpg\" alt=\"\" class=\"wp-image-81437\"\/><\/figure><\/div>\n\n\n<p>Tambi\u00e9n, destac\u00f3 que \u201cac\u00e1 hay todo un trabajo conjunto que se est\u00e1 haciendo. Pedimos mucha colaboraci\u00f3n y mucha atenci\u00f3n para que tengamos una contenci\u00f3n muy grande, acerca de esto que nos acecha, que ya viene a\u00f1o a a\u00f1o, que tambi\u00e9n viene creciendo la cantidad de casos y si nos encuentra unidos, juntos, con este tipo de campa\u00f1as vamos a poder ser m\u00e1s resilientes a todo esto que se viene\u201d.<\/p>\n\n\n\n<p>Por su parte, el ministro Bohuid enfatiz\u00f3 que \u201clo que hacemos es generar conciencia con estas campa\u00f1as para los vecinos. Sabemos que combatir al vector, es decir, al mosquito, es lo que evita la propagaci\u00f3n de la enfermedad. Adem\u00e1s, en esta difusi\u00f3n tambi\u00e9n promovemos la prevenci\u00f3n para quienes ya hayan contra\u00eddo la enfermedad, indicando hacia d\u00f3nde dirigirse, cu\u00e1les son los s\u00edntomas y recordando que el mosquito es el transmisor de esta enfermedad. Es importante destacar que los huevos de los mosquitos se encuentran en el agua estancada\u201d.<\/p>\n\n\n<div class=\"wp-block-image\">\n<figure class=\"aligncenter\"><img decoding=\"async\" src=\"https:\/\/www.sansalvadordejujuy.gob.ar\/wp-content\/uploads\/2025\/01\/Campana-contra-el-dengue-2025-Prensa-Muni-Jujuy2-1-1024x710.jpg\" alt=\"\" class=\"wp-image-81438\"\/><\/figure><\/div>\n\n\n<p>El ministro resalt\u00f3 la importancia de que los vecinos realicen el descacharrado, ya que esto permitir\u00e1 el ingreso del agente sanitario y del personal municipal, quienes est\u00e1n trabajando en las \u00e1reas identificadas con mapas de calor y donde se han detectado ovitrampas positivas.<\/p>\n\n\n\n<p>Bohuid confirm\u00f3 que \u201chasta el momento, la provincia tiene 712 casos febriles sospechosos de dengue, todos ellos confirmados como negativos. Por lo tanto, hasta ahora no hay un solo caso positivo. Esto permite que el equipo contin\u00fae con la prevenci\u00f3n y el monitoreo\u201d.<\/p>\n\n\n<div class=\"wp-block-image\">\n<figure class=\"aligncenter\"><img decoding=\"async\" src=\"https:\/\/www.sansalvadordejujuy.gob.ar\/wp-content\/uploads\/2025\/01\/Campana-contra-el-dengue-2025-Prensa-Muni-Jujuy5-1-1024x741.jpg\" alt=\"\" class=\"wp-image-81439\"\/><\/figure><\/div>\n\n\n<p>Adem\u00e1s, recomend\u00f3 que \u201csi alguien tiene fiebre, no se automedique y consulte al m\u00e9dico, ya que la sintomatolog\u00eda puede parecerse a un cuadro gripal. Adem\u00e1s, existen otras enfermedades y virus respiratorios en el ambiente, especialmente en esta \u00e9poca de lluvias. Por lo tanto, cuando una persona tiene fiebre, lo mejor que puede hacer es consultar con un profesional\u201d.<\/p>\n\n\n\n<p>\u201cPor eso, es importante tambi\u00e9n la difusi\u00f3n del agente sanitario que est\u00e1 llegando casa por casa explicando y dejando folleter\u00eda sobre cu\u00e1les son los s\u00edntomas de alarma que indican que un paciente debe ser internado\u201d, continu\u00f3.<\/p>\n\n\n\n<p>Asimismo, record\u00f3 que adem\u00e1s del cuadro de fiebre, \u201clos s\u00edntomas del dengue son v\u00f3mitos, baja de presi\u00f3n y hemorragias, tanto nasales como gingivales. Estos son los s\u00edntomas que hacen que se deba acudir inmediatamente al centro de salud m\u00e1s cercano para que el paciente reciba la atenci\u00f3n correspondiente\u201d.<\/p>\n\n\n\n<p>Por \u00faltimo, el ministro Bohuid agradeci\u00f3 al intendente y a todo el equipo por el trabajo conjunto que se inici\u00f3. Adem\u00e1s, pidi\u00f3 a los vecinos que tengan conciencia tanto de su propia responsabilidad como de la de todo el barrio y el centro vecinal. \u201cUn vecino que no hace el descacharrado o el desmalezamiento puede permitir que el mosquito se desarrolle en ese lugar, y por supuesto, si el mosquito se reproduce, todo el barrio tendr\u00e1 problemas\u201d, explic\u00f3.<\/p>\n\n\n\n<p><strong>Nota audiovisual:<\/strong>&nbsp;<a href=\"https:\/\/youtu.be\/R1BuwWM-lHo\">https:\/\/youtu.be\/R1BuwWM-lHo<\/a><\/p>\n","protected":false},"excerpt":{"rendered":"<p>El intendente Ra\u00fal \u201cChuli\u201d Jorge, junto al ministro de Salud Gustavo Bouhid, lanzaron la campa\u00f1a 2025 contra el dengue en el sector B-6 de Alto Comedero. La iniciativa incluye una amplia labor estrat\u00e9gica de concientizaci\u00f3n y erradicaci\u00f3n de criaderos del mosquito Aedes Aegypti, vector transmisor del virus, con personal sanitario y log\u00edstica municipal en toda [&hellip;]<\/p>\n","protected":false},"author":5,"featured_media":421959,"comment_status":"open","ping_status":"open","sticky":false,"template":"","format":"standard","meta":{"_stopmodifiedupdate":false,"_modified_date":"","inline_featured_image":false,"spay_email":"","jetpack_publicize_message":""},"categories":[514],"tags":[],"jetpack_featured_media_url":"https:\/\/notinor.com\/jujuy\/wp-content\/uploads\/2025\/01\/dengue.jpg","jetpack_publicize_connections":[],"_links":{"self":[{"href":"https:\/\/notinor.com\/jujuy\/wp-json\/wp\/v2\/posts\/421958"}],"collection":[{"href":"https:\/\/notinor.com\/jujuy\/wp-json\/wp\/v2\/posts"}],"about":[{"href":"https:\/\/notinor.com\/jujuy\/wp-json\/wp\/v2\/types\/post"}],"author":[{"embeddable":true,"href":"https:\/\/notinor.com\/jujuy\/wp-json\/wp\/v2\/users\/5"}],"replies":[{"embeddable":true,"href":"https:\/\/notinor.com\/jujuy\/wp-json\/wp\/v2\/comments?post=421958"}],"version-history":[{"count":1,"href":"https:\/\/notinor.com\/jujuy\/wp-json\/wp\/v2\/posts\/421958\/revisions"}],"predecessor-version":[{"id":421960,"href":"https:\/\/notinor.com\/jujuy\/wp-json\/wp\/v2\/posts\/421958\/revisions\/421960"}],"wp:featuredmedia":[{"embeddable":true,"href":"https:\/\/notinor.com\/jujuy\/wp-json\/wp\/v2\/media\/421959"}],"wp:attachment":[{"href":"https:\/\/notinor.com\/jujuy\/wp-json\/wp\/v2\/media?parent=421958"}],"wp:term":[{"taxonomy":"category","embeddable":true,"href":"https:\/\/notinor.com\/jujuy\/wp-json\/wp\/v2\/categories?post=421958"},{"taxonomy":"post_tag","embeddable":true,"href":"https:\/\/notinor.com\/jujuy\/wp-json\/wp\/v2\/tags?post=421958"}],"curies":[{"name":"wp","href":"https:\/\/api.w.org\/{rel}","templated":true}]}}