{"id":421947,"date":"2025-01-08T22:05:01","date_gmt":"2025-01-09T01:05:01","guid":{"rendered":"https:\/\/notinor.com\/jujuy\/?p=421947"},"modified":"2025-01-08T22:05:02","modified_gmt":"2025-01-09T01:05:02","slug":"el-gobernador-carlos-sadir-entrego-camiones-a-yavi-y-puesto-del-marques","status":"publish","type":"post","link":"https:\/\/notinor.com\/jujuy\/el-gobernador-carlos-sadir-entrego-camiones-a-yavi-y-puesto-del-marques\/","title":{"rendered":"El Gobernador Carlos Sadir entreg\u00f3 camiones a Yavi y Puesto del Marqu\u00e9s"},"content":{"rendered":"\n<p class=\"has-medium-font-size\"><strong><em>La entrega, se dio en el marco del esquema de beneficios de regal\u00edas mineras y proyectos que presentan los municipios y comisiones municipales para el desarrollo de la Puna y Quebrada para impulsar y continuar desarrollando la actividad productiva en dichas regiones.<\/em><\/strong><\/p>\n\n\n\n<p><\/p>\n\n\n<div class=\"wp-block-image\">\n<figure class=\"aligncenter size-full\"><img decoding=\"async\" loading=\"lazy\" width=\"800\" height=\"450\" src=\"https:\/\/notinor.com\/jujuy\/wp-content\/uploads\/2025\/01\/camiones-sadir.jpg\" alt=\"\" class=\"wp-image-421948\" srcset=\"https:\/\/notinor.com\/jujuy\/wp-content\/uploads\/2025\/01\/camiones-sadir.jpg 800w, https:\/\/notinor.com\/jujuy\/wp-content\/uploads\/2025\/01\/camiones-sadir-649x365.jpg 649w, https:\/\/notinor.com\/jujuy\/wp-content\/uploads\/2025\/01\/camiones-sadir-500x280.jpg 500w, https:\/\/notinor.com\/jujuy\/wp-content\/uploads\/2025\/01\/camiones-sadir-768x432.jpg 768w, https:\/\/notinor.com\/jujuy\/wp-content\/uploads\/2025\/01\/camiones-sadir-750x422.jpg 750w\" sizes=\"(max-width: 800px) 100vw, 800px\" \/><\/figure><\/div>\n\n\n<p><\/p>\n\n\n\n<p>En ese sentido, el ministro de Desarrollo Econ\u00f3mico y Producci\u00f3n, Juan Robles, sostuvo que dicha entrega es \u201cfundamental para sostener la actividad econ\u00f3mica y productiva, y reforzar los parques automotores en la regi\u00f3n\u201d.<\/p>\n\n\n\n<p>Explic\u00f3 que en los casos de Yavi y Puesto del Marqu\u00e9s, \u201cvan a usarse de manera inmediata para optimizar los trabajos de cosecha y agilizar los tiempos de trabajo\u201d, y en el caso de Tilcara, el veh\u00edculo entregado, \u201ctuvo un accionar inmediato a partir de las inclemencias del clima\u201d.<\/p>\n\n\n\n<p>Anticip\u00f3 que se van a continuar realizando entregas de veh\u00edculos en la medida que vayan siendo aprobados los proyectos y acorde a las regal\u00edas mineras, afirmando que \u201cvamos a estar en toda la provincia y aprovechar los recursos naturales\u201d porque \u201cqueremos que quede una infraestructura productiva para que a futuro se puedan continuar realizando todas las actividades\u201d.<\/p>\n\n\n\n<p>Finalmente, los comisionados de Yavi y Puesto del Marqu\u00e9s, Antonio Borja y Fernando Ariel Cusi, agradecieron la entrega, afirmando que \u201cson herramientas muy \u00fatiles para realizar los trabajos de manera m\u00e1s r\u00e1pida y segura\u201d.<\/p>\n","protected":false},"excerpt":{"rendered":"<p>La entrega, se dio en el marco del esquema de beneficios de regal\u00edas mineras y proyectos que presentan los municipios y comisiones municipales para el desarrollo de la Puna y Quebrada para impulsar y continuar desarrollando la actividad productiva en dichas regiones. En ese sentido, el ministro de Desarrollo Econ\u00f3mico y Producci\u00f3n, Juan Robles, sostuvo [&hellip;]<\/p>\n","protected":false},"author":49,"featured_media":421948,"comment_status":"open","ping_status":"open","sticky":false,"template":"","format":"standard","meta":{"_stopmodifiedupdate":false,"_modified_date":"","inline_featured_image":false,"spay_email":"","jetpack_publicize_message":""},"categories":[2,4],"tags":[],"jetpack_featured_media_url":"https:\/\/notinor.com\/jujuy\/wp-content\/uploads\/2025\/01\/camiones-sadir.jpg","jetpack_publicize_connections":[],"_links":{"self":[{"href":"https:\/\/notinor.com\/jujuy\/wp-json\/wp\/v2\/posts\/421947"}],"collection":[{"href":"https:\/\/notinor.com\/jujuy\/wp-json\/wp\/v2\/posts"}],"about":[{"href":"https:\/\/notinor.com\/jujuy\/wp-json\/wp\/v2\/types\/post"}],"author":[{"embeddable":true,"href":"https:\/\/notinor.com\/jujuy\/wp-json\/wp\/v2\/users\/49"}],"replies":[{"embeddable":true,"href":"https:\/\/notinor.com\/jujuy\/wp-json\/wp\/v2\/comments?post=421947"}],"version-history":[{"count":1,"href":"https:\/\/notinor.com\/jujuy\/wp-json\/wp\/v2\/posts\/421947\/revisions"}],"predecessor-version":[{"id":421949,"href":"https:\/\/notinor.com\/jujuy\/wp-json\/wp\/v2\/posts\/421947\/revisions\/421949"}],"wp:featuredmedia":[{"embeddable":true,"href":"https:\/\/notinor.com\/jujuy\/wp-json\/wp\/v2\/media\/421948"}],"wp:attachment":[{"href":"https:\/\/notinor.com\/jujuy\/wp-json\/wp\/v2\/media?parent=421947"}],"wp:term":[{"taxonomy":"category","embeddable":true,"href":"https:\/\/notinor.com\/jujuy\/wp-json\/wp\/v2\/categories?post=421947"},{"taxonomy":"post_tag","embeddable":true,"href":"https:\/\/notinor.com\/jujuy\/wp-json\/wp\/v2\/tags?post=421947"}],"curies":[{"name":"wp","href":"https:\/\/api.w.org\/{rel}","templated":true}]}}