{"id":421944,"date":"2025-01-08T20:44:04","date_gmt":"2025-01-08T23:44:04","guid":{"rendered":"https:\/\/notinor.com\/jujuy\/?p=421944"},"modified":"2025-01-08T20:44:06","modified_gmt":"2025-01-08T23:44:06","slug":"el-gobierno-reclamo-a-las-provincias-que-sus-municipios-adecuen-las-tasas-municipales-al-costo-de-los-servicios-prestados","status":"publish","type":"post","link":"https:\/\/notinor.com\/jujuy\/el-gobierno-reclamo-a-las-provincias-que-sus-municipios-adecuen-las-tasas-municipales-al-costo-de-los-servicios-prestados\/","title":{"rendered":"El Gobierno reclam\u00f3 a las provincias que sus municipios adec\u00faen las tasas municipales al costo de los servicios prestados"},"content":{"rendered":"\n<p class=\"has-medium-font-size\"><strong><em>El Ministerio de Econom\u00eda envi\u00f3 este mi\u00e9rcoles una nota a las 23 provincias en la que se les solicit\u00f3 que implementen medidas para que sus municipios se adecuen a la legislaci\u00f3n y promuevan la derogaci\u00f3n de las \u201cTasas municipales\u201d, de aquellas que su valor no guarde proporcionalidad con el costo de la prestaci\u00f3n del servicio, caracteriz\u00e1ndose por ser ilegales y arbitrarias, e incumplen la Ley 23.548 de Coparticipaci\u00f3n Federal de Recursos Fiscales.<\/em><\/strong><\/p>\n\n\n\n<p><\/p>\n\n\n<div class=\"wp-block-image\">\n<figure class=\"aligncenter size-full\"><img decoding=\"async\" loading=\"lazy\" width=\"800\" height=\"450\" src=\"https:\/\/notinor.com\/jujuy\/wp-content\/uploads\/2025\/01\/tasas-municipales.jpg\" alt=\"\" class=\"wp-image-421945\" srcset=\"https:\/\/notinor.com\/jujuy\/wp-content\/uploads\/2025\/01\/tasas-municipales.jpg 800w, https:\/\/notinor.com\/jujuy\/wp-content\/uploads\/2025\/01\/tasas-municipales-649x365.jpg 649w, https:\/\/notinor.com\/jujuy\/wp-content\/uploads\/2025\/01\/tasas-municipales-500x280.jpg 500w, https:\/\/notinor.com\/jujuy\/wp-content\/uploads\/2025\/01\/tasas-municipales-768x432.jpg 768w, https:\/\/notinor.com\/jujuy\/wp-content\/uploads\/2025\/01\/tasas-municipales-750x422.jpg 750w\" sizes=\"(max-width: 800px) 100vw, 800px\" \/><\/figure><\/div>\n\n\n<p><\/p>\n\n\n\n<p>En este sentido, <strong>en el escrito se solicit\u00f3 que se eliminen estas \u201cTasas municipales\u201d que tienen una coincidencia substancial, total o parcial, de hechos imponibles o bases con los impuestos nacionales coparticipables; que no resultan razonables con el costo del servicio efectivamente prestado; y no respetan la jurisprudencia de la Corte Suprema de Justicia de la Naci\u00f3n. <\/strong>Adem\u00e1s, se pidi\u00f3 intimar a los municipios para que, en el caso de que no cumplan con lo se\u00f1alado, se los suspenda en su participaci\u00f3n de la masa coparticipable.<\/p>\n\n\n\n<p><strong>Asimismo, se destac\u00f3 que el ejercicio ilegal y arbitrario de la potestad tributaria aplicada por municipios, perjudica a los esfuerzos del Gobierno Nacional para evitar incrementos en la presi\u00f3n tributaria.<\/strong> A su vez, estos afectan los costos de los bienes y servicios, e impiden una mayor reducci\u00f3n de la tasa de inflaci\u00f3n nacional, perjudicando al ciudadano y a las diferentes jurisdicciones.<\/p>\n\n\n\n<p><strong>La nota enviada tambi\u00e9n hace hincapi\u00e9 en que Ley de Coparticipaci\u00f3n, a la cual adhirieron todas las provincias, obliga a estos distritos y sus municipios a no gravar por v\u00eda de impuestos, tasas, contribuciones u otros tributos, <\/strong>cualquiera fuere su caracter\u00edstica o denominaci\u00f3n, las materias imponibles sujetas a los impuestos nacionales distribuidos.<\/p>\n\n\n\n<p><strong>Finalmente, en la nota se resalta que esos tributos municipales son deducibles en la liquidaci\u00f3n del Impuesto a las Ganancias y que, por este motivo, se disminuye la masa coparticipable,<\/strong> lo que genera un claro perjuicio al Estado Nacional y a las diferentes jurisdicciones provinciales en sus recursos coparticipables, sin que exista justificaci\u00f3n alguna.<\/p>\n","protected":false},"excerpt":{"rendered":"<p>El Ministerio de Econom\u00eda envi\u00f3 este mi\u00e9rcoles una nota a las 23 provincias en la que se les solicit\u00f3 que implementen medidas para que sus municipios se adecuen a la legislaci\u00f3n y promuevan la derogaci\u00f3n de las \u201cTasas municipales\u201d, de aquellas que su valor no guarde proporcionalidad con el costo de la prestaci\u00f3n del servicio, [&hellip;]<\/p>\n","protected":false},"author":49,"featured_media":421945,"comment_status":"open","ping_status":"open","sticky":false,"template":"","format":"standard","meta":{"_stopmodifiedupdate":false,"_modified_date":"","inline_featured_image":false,"spay_email":"","jetpack_publicize_message":""},"categories":[2,676,5],"tags":[],"jetpack_featured_media_url":"https:\/\/notinor.com\/jujuy\/wp-content\/uploads\/2025\/01\/tasas-municipales.jpg","jetpack_publicize_connections":[],"_links":{"self":[{"href":"https:\/\/notinor.com\/jujuy\/wp-json\/wp\/v2\/posts\/421944"}],"collection":[{"href":"https:\/\/notinor.com\/jujuy\/wp-json\/wp\/v2\/posts"}],"about":[{"href":"https:\/\/notinor.com\/jujuy\/wp-json\/wp\/v2\/types\/post"}],"author":[{"embeddable":true,"href":"https:\/\/notinor.com\/jujuy\/wp-json\/wp\/v2\/users\/49"}],"replies":[{"embeddable":true,"href":"https:\/\/notinor.com\/jujuy\/wp-json\/wp\/v2\/comments?post=421944"}],"version-history":[{"count":1,"href":"https:\/\/notinor.com\/jujuy\/wp-json\/wp\/v2\/posts\/421944\/revisions"}],"predecessor-version":[{"id":421946,"href":"https:\/\/notinor.com\/jujuy\/wp-json\/wp\/v2\/posts\/421944\/revisions\/421946"}],"wp:featuredmedia":[{"embeddable":true,"href":"https:\/\/notinor.com\/jujuy\/wp-json\/wp\/v2\/media\/421945"}],"wp:attachment":[{"href":"https:\/\/notinor.com\/jujuy\/wp-json\/wp\/v2\/media?parent=421944"}],"wp:term":[{"taxonomy":"category","embeddable":true,"href":"https:\/\/notinor.com\/jujuy\/wp-json\/wp\/v2\/categories?post=421944"},{"taxonomy":"post_tag","embeddable":true,"href":"https:\/\/notinor.com\/jujuy\/wp-json\/wp\/v2\/tags?post=421944"}],"curies":[{"name":"wp","href":"https:\/\/api.w.org\/{rel}","templated":true}]}}