{"id":421941,"date":"2025-01-08T19:47:05","date_gmt":"2025-01-08T22:47:05","guid":{"rendered":"https:\/\/notinor.com\/jujuy\/?p=421941"},"modified":"2025-01-08T19:47:07","modified_gmt":"2025-01-08T22:47:07","slug":"la-ovejeria-detuvieron-a-tres-hombres-por-la-brutal-agresion-a-mujer-trans-en-la-vispera-de-ano-nuevo","status":"publish","type":"post","link":"https:\/\/notinor.com\/jujuy\/la-ovejeria-detuvieron-a-tres-hombres-por-la-brutal-agresion-a-mujer-trans-en-la-vispera-de-ano-nuevo\/","title":{"rendered":"La Ovejer\u00eda: detuvieron a tres hombres por la brutal agresi\u00f3n a mujer trans en la v\u00edspera de A\u00f1o Nuevo"},"content":{"rendered":"\n<p class=\"has-medium-font-size\"><strong><em>El hecho ocurri\u00f3 el pasado 31 de diciembre en la localidad de La Ovejer\u00eda. La v\u00edctima sufri\u00f3 fractura de mand\u00edbula y hab\u00eda quedado inconsciente.<\/em><\/strong><\/p>\n\n\n\n<p><\/p>\n\n\n<div class=\"wp-block-image\">\n<figure class=\"aligncenter size-full\"><img decoding=\"async\" loading=\"lazy\" width=\"800\" height=\"450\" src=\"https:\/\/notinor.com\/jujuy\/wp-content\/uploads\/2025\/01\/allanamiento.jpg\" alt=\"\" class=\"wp-image-421942\" srcset=\"https:\/\/notinor.com\/jujuy\/wp-content\/uploads\/2025\/01\/allanamiento.jpg 800w, https:\/\/notinor.com\/jujuy\/wp-content\/uploads\/2025\/01\/allanamiento-649x365.jpg 649w, https:\/\/notinor.com\/jujuy\/wp-content\/uploads\/2025\/01\/allanamiento-500x280.jpg 500w, https:\/\/notinor.com\/jujuy\/wp-content\/uploads\/2025\/01\/allanamiento-768x432.jpg 768w, https:\/\/notinor.com\/jujuy\/wp-content\/uploads\/2025\/01\/allanamiento-750x422.jpg 750w\" sizes=\"(max-width: 800px) 100vw, 800px\" \/><\/figure><\/div>\n\n\n<p><\/p>\n\n\n\n<p><strong>Tres hombres fueron detenidos por presunta responsabilidad en una violenta agresi\u00f3n contra una mujer trans en La Ovejer\u00eda. El hecho, que conmocion\u00f3 a la comunidad, tuvo lugar el martes 31 de diciembre, cuando la v\u00edctima fue atacada con un hierro, lo que le provoc\u00f3 una fractura de mand\u00edbula y la dej\u00f3 inconsciente.<\/strong><\/p>\n\n\n\n<p>Seg\u00fan inform\u00f3 la Ayudante Fiscal Regional, Daniela Vanesa Guerrero, <strong>la v\u00edctima identificada como M. Cejas, fue interceptada por tres hombres mientras transitaba cerca de una cancha en el barrio 25 de Mayo de La Ovejer\u00eda. Uno de los agresores, Torres G. de 24 a\u00f1os, la golpe\u00f3 en el rostro con un hierro, mientras que otros dos le impidieron escapar.<\/strong><\/p>\n\n\n\n<p>La agresi\u00f3n se detuvo gracias a la intervenci\u00f3n de un hermano de la v\u00edctima, quien ahuyent\u00f3 a los atacantes.<\/p>\n\n\n\n<p>El operativo de detenci\u00f3n fue realizado el martes 7 de enero por personal de la Subcomisar\u00eda de La Ovejer\u00eda y el Grupo de Acci\u00f3n R\u00e1pida de Resoluci\u00f3n Antidisturbios (GARRA), en cumplimiento de una orden judicial emitida por el Juzgado de Control a cargo de Cristian Leonardo Molina. La coordinaci\u00f3n de las acciones cont\u00f3 tambi\u00e9n con la colaboraci\u00f3n del Fiscal Regional, Alfredo Jos\u00e9 Blanco.<\/p>\n\n\n\n<p><strong>En este marco, se allanaron tres domicilios en el barrio 25 de Mayo, donde se concret\u00f3 la captura de los sospechosos.<\/strong><\/p>\n\n\n\n<p><strong>La causa fue caratulada como \"Lesiones graves agravadas por el odio racial o religioso, de g\u00e9nero o de la orientaci\u00f3n sexual, identidad de g\u00e9nero o su expresi\u00f3n\", <\/strong>se encuentra actualmente a cargo de Mar\u00eda Emilia Curten Haquim, quien continuar\u00e1 con las investigaciones para esclarecer el hecho y determinar responsabilidades.<\/p>\n","protected":false},"excerpt":{"rendered":"<p>El hecho ocurri\u00f3 el pasado 31 de diciembre en la localidad de La Ovejer\u00eda. La v\u00edctima sufri\u00f3 fractura de mand\u00edbula y hab\u00eda quedado inconsciente. Tres hombres fueron detenidos por presunta responsabilidad en una violenta agresi\u00f3n contra una mujer trans en La Ovejer\u00eda. El hecho, que conmocion\u00f3 a la comunidad, tuvo lugar el martes 31 de [&hellip;]<\/p>\n","protected":false},"author":49,"featured_media":421942,"comment_status":"open","ping_status":"open","sticky":false,"template":"","format":"standard","meta":{"_stopmodifiedupdate":false,"_modified_date":"","inline_featured_image":false,"spay_email":"","jetpack_publicize_message":""},"categories":[2,4,3],"tags":[],"jetpack_featured_media_url":"https:\/\/notinor.com\/jujuy\/wp-content\/uploads\/2025\/01\/allanamiento.jpg","jetpack_publicize_connections":[],"_links":{"self":[{"href":"https:\/\/notinor.com\/jujuy\/wp-json\/wp\/v2\/posts\/421941"}],"collection":[{"href":"https:\/\/notinor.com\/jujuy\/wp-json\/wp\/v2\/posts"}],"about":[{"href":"https:\/\/notinor.com\/jujuy\/wp-json\/wp\/v2\/types\/post"}],"author":[{"embeddable":true,"href":"https:\/\/notinor.com\/jujuy\/wp-json\/wp\/v2\/users\/49"}],"replies":[{"embeddable":true,"href":"https:\/\/notinor.com\/jujuy\/wp-json\/wp\/v2\/comments?post=421941"}],"version-history":[{"count":1,"href":"https:\/\/notinor.com\/jujuy\/wp-json\/wp\/v2\/posts\/421941\/revisions"}],"predecessor-version":[{"id":421943,"href":"https:\/\/notinor.com\/jujuy\/wp-json\/wp\/v2\/posts\/421941\/revisions\/421943"}],"wp:featuredmedia":[{"embeddable":true,"href":"https:\/\/notinor.com\/jujuy\/wp-json\/wp\/v2\/media\/421942"}],"wp:attachment":[{"href":"https:\/\/notinor.com\/jujuy\/wp-json\/wp\/v2\/media?parent=421941"}],"wp:term":[{"taxonomy":"category","embeddable":true,"href":"https:\/\/notinor.com\/jujuy\/wp-json\/wp\/v2\/categories?post=421941"},{"taxonomy":"post_tag","embeddable":true,"href":"https:\/\/notinor.com\/jujuy\/wp-json\/wp\/v2\/tags?post=421941"}],"curies":[{"name":"wp","href":"https:\/\/api.w.org\/{rel}","templated":true}]}}