{"id":421451,"date":"2024-12-25T21:14:00","date_gmt":"2024-12-26T00:14:00","guid":{"rendered":"https:\/\/notinor.com\/jujuy\/?p=421451"},"modified":"2024-12-25T09:14:24","modified_gmt":"2024-12-25T09:14:24","slug":"colonias-de-vacaciones-ultimos-dias-de-inscripcion","status":"publish","type":"post","link":"https:\/\/notinor.com\/jujuy\/colonias-de-vacaciones-ultimos-dias-de-inscripcion\/","title":{"rendered":"Colonias de vacaciones: \u00faltimos d\u00edas de inscripci\u00f3n"},"content":{"rendered":"\n<p class=\"has-medium-font-size\"><strong><em>Las Colonias de Vacaciones organizadas por la Municipalidad de San Salvador de Jujuy est\u00e1n a punto de comenzar, y este a\u00f1o prometen ser una gran experiencia para los ni\u00f1os de entre\u00a06 y 13 a\u00f1os. Las actividades se desarrollar\u00e1n desde el\u00a0jueves 2 de enero\u00a0hasta el\u00a0viernes 14 de febrero de 2025, ofreciendo un espacio de aprendizaje, juegos y convivencia para los m\u00e1s peque\u00f1os.<\/em><\/strong><\/p>\n\n\n\n<figure class=\"wp-block-image\"><img decoding=\"async\" src=\"https:\/\/www.sansalvadordejujuy.gob.ar\/wp-content\/uploads\/2024\/01\/cierre-colonia-1024x502.jpg\" alt=\"\" class=\"wp-image-62352\"\/><\/figure>\n\n\n\n<p>El proceso de inscripci\u00f3n continuar\u00e1 en los dientitos puntos donde se desarrollar\u00e1n<strong>.<\/strong>&nbsp;Como parte de una iniciativa solidaria, se solicita a las familias llevar un&nbsp;<strong>juguete<\/strong>&nbsp;que permita completar la inscripci\u00f3n y asegurar un lugar en las colonias, como parte de la Campa\u00f1a Solidaria, que lleva adelante la Dirrecci\u00f3n de Inclusi\u00f3n y Asistencia \u201cIlusi\u00f3n Navidad.<\/p>\n\n\n\n<p>LLas actividades de las Colonias se llevar\u00e1n a cabo en diversos Centros Deportivos Municipales, estrat\u00e9gicamente distribuidos en la ciudad. A continuaci\u00f3n, se detallan los puntos disponibles para que elijas el m\u00e1s cercano a tu domicilio y completes la inscripci\u00f3n. Cabe destacar que en el Centro Deportivo N\u00b0 1 las inscripciones se realizan a partir de las 8:30 hs, mientras que en los Centros Deportivos barriales se realizan por la tarde, en los horarios habituales de las clases que all\u00ed se dictan.<\/p>\n\n\n\n<ul>\n<li><strong>Centro Deportivo N.\u00ba 1 \u201cPajarito Cid Conde\u201d<\/strong>&nbsp;\u2013 Av. Espa\u00f1a N.\u00ba 1946, Parque San Mart\u00edn.<\/li>\n\n\n\n<li><strong>Centro Deportivo N.\u00ba 2 \u201cCentro Cultural \u00c9xodo Juje\u00f1o\u201d<\/strong>&nbsp;\u2013 Calle Tanco esquina Santa Rosa, Complejo Cultural \u201c\u00c9xodo Juje\u00f1o\u201d, B\u00b0 18 de Noviembre.<\/li>\n\n\n\n<li><strong>Centro Deportivo N.\u00ba 3 \u201cB\u00b0 Malvinas\u201d<\/strong>&nbsp;\u2013 Calle Arismendi s\/n, B\u00b0 Malvinas \u2013 Mej\u00edas esquina San Luis (CPV Santa Rita).<\/li>\n\n\n\n<li><strong>Centro Deportivo N.\u00ba 4 \u201cB\u00b0 Chijra \u2013 B\u00b0 Campo Verde\u201d<\/strong>&nbsp;\u2013 Calle Lamas esquina Manantiales, B\u00b0 Chijra \u2013 Polideportivo del Nido, B\u00b0 Campo Verde.<\/li>\n\n\n\n<li><strong>Centro Deportivo N.\u00ba 5 \u201cB\u00b0 San Pedrito\u201d<\/strong>&nbsp;\u2013Escuela Eva Per\u00f3n\u2013 B\u00b0 San Pedrito.<\/li>\n\n\n\n<li><strong>Centro Deportivo N.\u00ba 7 \u201cB\u00b0 Coronel Arias\u201d<\/strong>&nbsp;\u2013 Calle R\u00edo Bamba esquina Monteagudo, B\u00b0 Coronel Arias.<\/li>\n\n\n\n<li><strong>Centro Deportivo N.\u00ba 8 \u201cB\u00b0 Mariano Moreno\u201d<\/strong>&nbsp;\u2013 Calle Jos\u00e9 de la Iglesia esquina Y\u00e9cora, B\u00b0 Cuyaya.<\/li>\n\n\n\n<li><strong>Centro Deportivo N.\u00ba 10 \u201cB\u00b0 Alberdi\u201d<\/strong>&nbsp;\u2013 Alberro y Alvarado, B\u00b0 Alberdi.<\/li>\n\n\n\n<li><strong>Centro Deportivo N.\u00ba 11 \u201cB\u00b0 Punta Diamante\u201d<\/strong>&nbsp;\u2013 Juanita Moro esquina Esmeralda, B\u00b0 Punta Diamante.<\/li>\n<\/ul>\n\n\n\n<p>En el Distrito Alto Comedero, el municipio ha dispuesto&nbsp;<strong>15 colonias de vacaciones<\/strong>&nbsp;distribuidas en distintos puntos para garantizar el acceso de todos los ni\u00f1os de la zona, por lo que los interesados pueden acercarse a la&nbsp;<strong>Delegaci\u00f3n Municipal de Alto Comedero<\/strong>, en Avenida Forestal N.\u00ba 1999, Sector B3, Barrio Alto Comedero, de lunes a viernes, para conocer el punto mas cercano a su domicilio.<\/p>\n\n\n\n<p>Por consultas los vecinos pueden ponerse en contacto en la Fan Page de la&nbsp;<strong>Direcci\u00f3n de Deportes y Recreaci\u00f3n<\/strong>,<a href=\"https:\/\/www.facebook.com\/dirdedeportes\">https:\/\/www.facebook.com\/dirdedeportes<\/a>&nbsp;o ubicarse a las oficinas ubicadas en el extremo norte del Parque San Mart\u00edn.<\/p>\n","protected":false},"excerpt":{"rendered":"<p>Las Colonias de Vacaciones organizadas por la Municipalidad de San Salvador de Jujuy est\u00e1n a punto de comenzar, y este a\u00f1o prometen ser una gran experiencia para los ni\u00f1os de entre\u00a06 y 13 a\u00f1os. Las actividades se desarrollar\u00e1n desde el\u00a0jueves 2 de enero\u00a0hasta el\u00a0viernes 14 de febrero de 2025, ofreciendo un espacio de aprendizaje, juegos [&hellip;]<\/p>\n","protected":false},"author":5,"featured_media":421452,"comment_status":"open","ping_status":"open","sticky":false,"template":"","format":"standard","meta":{"_stopmodifiedupdate":false,"_modified_date":"","inline_featured_image":false,"spay_email":"","jetpack_publicize_message":""},"categories":[13],"tags":[],"jetpack_featured_media_url":"https:\/\/notinor.com\/jujuy\/wp-content\/uploads\/2024\/12\/COLONIA-2.jpg","jetpack_publicize_connections":[],"_links":{"self":[{"href":"https:\/\/notinor.com\/jujuy\/wp-json\/wp\/v2\/posts\/421451"}],"collection":[{"href":"https:\/\/notinor.com\/jujuy\/wp-json\/wp\/v2\/posts"}],"about":[{"href":"https:\/\/notinor.com\/jujuy\/wp-json\/wp\/v2\/types\/post"}],"author":[{"embeddable":true,"href":"https:\/\/notinor.com\/jujuy\/wp-json\/wp\/v2\/users\/5"}],"replies":[{"embeddable":true,"href":"https:\/\/notinor.com\/jujuy\/wp-json\/wp\/v2\/comments?post=421451"}],"version-history":[{"count":1,"href":"https:\/\/notinor.com\/jujuy\/wp-json\/wp\/v2\/posts\/421451\/revisions"}],"predecessor-version":[{"id":421453,"href":"https:\/\/notinor.com\/jujuy\/wp-json\/wp\/v2\/posts\/421451\/revisions\/421453"}],"wp:featuredmedia":[{"embeddable":true,"href":"https:\/\/notinor.com\/jujuy\/wp-json\/wp\/v2\/media\/421452"}],"wp:attachment":[{"href":"https:\/\/notinor.com\/jujuy\/wp-json\/wp\/v2\/media?parent=421451"}],"wp:term":[{"taxonomy":"category","embeddable":true,"href":"https:\/\/notinor.com\/jujuy\/wp-json\/wp\/v2\/categories?post=421451"},{"taxonomy":"post_tag","embeddable":true,"href":"https:\/\/notinor.com\/jujuy\/wp-json\/wp\/v2\/tags?post=421451"}],"curies":[{"name":"wp","href":"https:\/\/api.w.org\/{rel}","templated":true}]}}