{"id":421448,"date":"2024-12-25T21:01:00","date_gmt":"2024-12-26T00:01:00","guid":{"rendered":"https:\/\/notinor.com\/jujuy\/?p=421448"},"modified":"2024-12-25T09:01:20","modified_gmt":"2024-12-25T09:01:20","slug":"mencion-especial-desde-japon-para-una-alumna-de-6to-grado-de-la-escuela-marina-vilte","status":"publish","type":"post","link":"https:\/\/notinor.com\/jujuy\/mencion-especial-desde-japon-para-una-alumna-de-6to-grado-de-la-escuela-marina-vilte\/","title":{"rendered":"Menci\u00f3n especial\u00a0desde Jap\u00f3n para una alumna de 6to grado de la Escuela \u201cMarina Vilte\u201d"},"content":{"rendered":"\n<p class=\"has-medium-font-size\"><strong><em>El intendente Ra\u00fal \u201cChuli\u201d Jorge recibi\u00f3 a Abigail Vargas, alumna de sexto grado de la Escuela Municipal Marina Vilte, quien fue la \u00fanica representante elegida de Latinoam\u00e9rica y la segunda en el Continente Americano por su obra pict\u00f3rica sobre la esencia de la paz y la resiliencia hacia el pueblo de Jap\u00f3n. Abigail particip\u00f3 en un concurso en el que ni\u00f1os y j\u00f3venes de m\u00e1s de 120 ciudades de todo el mundo competieron, evento organizado por la \u201cRed de Alcaldes por la Paz de Hiroshima\u201d, de la cual forma parte el municipio capitalino.<\/em><\/strong><\/p>\n\n\n<div class=\"wp-block-image\">\n<figure class=\"aligncenter\"><img decoding=\"async\" src=\"https:\/\/www.sansalvadordejujuy.gob.ar\/wp-content\/uploads\/2024\/12\/LIBRO-MARINA-VILTE-5-1-1024x494.jpg\" alt=\"\" class=\"wp-image-80624\"\/><\/figure><\/div>\n\n\n<p>En este sentido, la subsecretaria de Desarrollo Humano, Salud y Educaci\u00f3n, Daniela Amerise, destac\u00f3 la labor que viene ejerciendo el municipio hacia una comunidad que tuvo en las guerras mundiales el mejor ejemplo de esfuerzo y resiliencia ante las adversidades. \u201cLa verdad que a trav\u00e9s de Pedro Sato que nos permite realizar esta articulaci\u00f3n con toda la comunidad y colectividad japonesa es muy importante porque nos permite trabajar en tem\u00e1ticas importantes como la paz y resiliencia de un pueblo que ha sufrido este error mundial como lo fueron las bombas de Hiroshima y Nagasaki\u201d.<\/p>\n\n\n\n<p>Adem\u00e1s, remarco que el premio llena de orgullo al municipio y cuerpo docente lo que lleva a seguir redoblando el esfuerzo por la educaci\u00f3n y el mensaje de paz, \u201cpara nosotros trabajar con j\u00f3venes como la ganadora de 12 a\u00f1os de edad que ha podido plasmar toda su capacidad y mensaje sobre la paz y de amor mundial, lo que representa una gratitud a la colectividad japonesa y a la familia que nos permite articular este tipo de tem\u00e1ticas\u201d.<\/p>\n\n\n\n<p>Por su parte el director de Culto y Relaciones Institucionales Nacionales e Internacionales, Pedro Sato, mencion\u00f3 detalles de la participaci\u00f3n del municipio en la Red de Alcaldes por la paz de Hiroshima. \u201cEl municipio como miembro de esta red y en ese marco pudimos acceder a este concurso que a nivel mundial busca tomar a Jap\u00f3n como s\u00edmbolo de paz y resiliencia, de esta manera, hoy tenemos la grata noticia de que Abigail estudiante de la escuela Marina Vilte fue galardonada con una menci\u00f3n especial siendo la \u00fanica representante en Latinoam\u00e9rica. Y que justamente tiene que ver con el trabajo que se hace por la paz mundial desde este red de Alcaldes, sobre todo pensando que los ni\u00f1os son el presente y el futuro para lo que viene y en ellos recae el mantenimiento de la paz\u201d.<\/p>\n\n\n\n<p>Por \u00faltimo, la docente de artes visuales de la Escuela Municipal Marina Vilte, Silvia Colqui, agradeci\u00f3 la participaci\u00f3n de la instituci\u00f3n involucrando a los alumnos en temas tan importantes para el proceso de crecimiento de los chicos, \u201cfeliz por la ni\u00f1a y su menci\u00f3n y el premio que se llev\u00f3 Abigail lo que demuestra el sentimiento que pueden plasmar los chicos en un dibujo que ella hab\u00eda descartado pero que al final termino siendo el galardonado\u201d. Y sum\u00e1ndose a lo expresado por la docente, Abigail dej\u00f3 palabras de agradecimiento y felicidad por poder expresar lo que ella piensa de la paz, \u201cdibuje una paloma que en su coraz\u00f3n est\u00e1 el mundo representando la paz que tenemos que tener todos \u201c.<\/p>\n\n\n\n<p><strong>Nota audiovisual:<\/strong>&nbsp;<a href=\"https:\/\/youtu.be\/kMosPu7NlPU\">https:\/\/youtu.be\/kMosPu7NlPU<\/a><\/p>\n","protected":false},"excerpt":{"rendered":"<p>El intendente Ra\u00fal \u201cChuli\u201d Jorge recibi\u00f3 a Abigail Vargas, alumna de sexto grado de la Escuela Municipal Marina Vilte, quien fue la \u00fanica representante elegida de Latinoam\u00e9rica y la segunda en el Continente Americano por su obra pict\u00f3rica sobre la esencia de la paz y la resiliencia hacia el pueblo de Jap\u00f3n. Abigail particip\u00f3 en [&hellip;]<\/p>\n","protected":false},"author":5,"featured_media":421449,"comment_status":"open","ping_status":"open","sticky":false,"template":"","format":"standard","meta":{"_stopmodifiedupdate":false,"_modified_date":"","inline_featured_image":false,"spay_email":"","jetpack_publicize_message":""},"categories":[13],"tags":[],"jetpack_featured_media_url":"https:\/\/notinor.com\/jujuy\/wp-content\/uploads\/2024\/12\/RECCONOCIMIENTO.jpg","jetpack_publicize_connections":[],"_links":{"self":[{"href":"https:\/\/notinor.com\/jujuy\/wp-json\/wp\/v2\/posts\/421448"}],"collection":[{"href":"https:\/\/notinor.com\/jujuy\/wp-json\/wp\/v2\/posts"}],"about":[{"href":"https:\/\/notinor.com\/jujuy\/wp-json\/wp\/v2\/types\/post"}],"author":[{"embeddable":true,"href":"https:\/\/notinor.com\/jujuy\/wp-json\/wp\/v2\/users\/5"}],"replies":[{"embeddable":true,"href":"https:\/\/notinor.com\/jujuy\/wp-json\/wp\/v2\/comments?post=421448"}],"version-history":[{"count":1,"href":"https:\/\/notinor.com\/jujuy\/wp-json\/wp\/v2\/posts\/421448\/revisions"}],"predecessor-version":[{"id":421450,"href":"https:\/\/notinor.com\/jujuy\/wp-json\/wp\/v2\/posts\/421448\/revisions\/421450"}],"wp:featuredmedia":[{"embeddable":true,"href":"https:\/\/notinor.com\/jujuy\/wp-json\/wp\/v2\/media\/421449"}],"wp:attachment":[{"href":"https:\/\/notinor.com\/jujuy\/wp-json\/wp\/v2\/media?parent=421448"}],"wp:term":[{"taxonomy":"category","embeddable":true,"href":"https:\/\/notinor.com\/jujuy\/wp-json\/wp\/v2\/categories?post=421448"},{"taxonomy":"post_tag","embeddable":true,"href":"https:\/\/notinor.com\/jujuy\/wp-json\/wp\/v2\/tags?post=421448"}],"curies":[{"name":"wp","href":"https:\/\/api.w.org\/{rel}","templated":true}]}}