{"id":421445,"date":"2024-12-25T20:37:00","date_gmt":"2024-12-25T23:37:00","guid":{"rendered":"https:\/\/notinor.com\/jujuy\/?p=421445"},"modified":"2024-12-25T08:37:12","modified_gmt":"2024-12-25T08:37:12","slug":"el-intendente-jorge-habilito-la-sexta-estacion-matera-en-alto-comedero","status":"publish","type":"post","link":"https:\/\/notinor.com\/jujuy\/el-intendente-jorge-habilito-la-sexta-estacion-matera-en-alto-comedero\/","title":{"rendered":"El intendente Jorge habilit\u00f3 la sexta Estaci\u00f3n Matera en Alto Comedero"},"content":{"rendered":"\n<p class=\"has-medium-font-size\"><strong><em>El intendente Ra\u00fal \u201cChuli\u201d Jorge junto a la secretaria de Planificaci\u00f3n y Ambiente, Adriana D\u00edaz, dej\u00f3 habilitada la sexta Estaci\u00f3n Matera con energ\u00eda renovable en la manzana municipal del sector B6 de Alto Comedero, adyacente al Casa de la Historia y la Cultura \u201cJorge Cafrune\u201d en homenaje a la religiosa Mar\u00eda Electa Wigner de la congregaci\u00f3n del Instituto Santa B\u00e1rbara y Divino Redentor.<\/em><\/strong><\/p>\n\n\n<div class=\"wp-block-image\">\n<figure class=\"aligncenter\"><img decoding=\"async\" src=\"https:\/\/www.sansalvadordejujuy.gob.ar\/wp-content\/uploads\/2024\/12\/Estacion-matera-en-Alto-Comedero-Prensa-Muni-Jujuy2-1-1024x767.jpg\" alt=\"\" class=\"wp-image-80824\"\/><\/figure><\/div>\n\n\n<p>En la ocasi\u00f3n, el intendente Jorge, destac\u00f3 el lugar donde se instal\u00f3 la nueva Estaci\u00f3n Matera, la conocida manzana municipal, zona donde funcionan la Escuela \u201cMarina Vilte\u201d, el CPV Madre Teresa de Calcuta, el Multiespacio y recalc\u00f3 que la obra se ejecut\u00f3 bajo que el programa \u2018Presupuesto participativo\u2019\u201d.<\/p>\n\n\n\n<p>\u201cEsta Estaci\u00f3n Matera, un complejo de energ\u00eda renovable, est\u00e1 dise\u00f1ada para hacer m\u00e1s amigable la plaza. Los vecinos podr\u00e1n cargar sus termos, disponer de cargadores para celulares y aire para las ruedas de bicicletas, entre otros servicios. El objetivo es ofrecer un espacio adaptable, c\u00f3modo e integrador\u201d, expres\u00f3.<\/p>\n\n\n<div class=\"wp-block-image\">\n<figure class=\"aligncenter\"><img decoding=\"async\" src=\"https:\/\/www.sansalvadordejujuy.gob.ar\/wp-content\/uploads\/2024\/12\/Estacion-matera-en-Alto-Comedero-Prensa-Muni-Jujuy4-1024x722.jpg\" alt=\"\" class=\"wp-image-80820\"\/><\/figure><\/div>\n\n\n<p>El intendente expres\u00f3, \u201csabemos la cantidad de familias que se re\u00fanen en este sector, la manzana municipal, gracias a las m\u00faltiples actividades culturales, deportivas y recreativas que se realizan aqu\u00ed\u201d. Adem\u00e1s, afirm\u00f3, \u201cesta es la sexta Estaci\u00f3n Matera que estamos instalando, y completaremos el plan con nuevas estaciones en otros barrios para la primera quincena de enero\u201d.<\/p>\n\n\n<div class=\"wp-block-image\">\n<figure class=\"aligncenter\"><img decoding=\"async\" src=\"https:\/\/www.sansalvadordejujuy.gob.ar\/wp-content\/uploads\/2024\/12\/Estacion-matera-en-Alto-Comedero-Prensa-Muni-Jujuy3-1024x766.jpg\" alt=\"\" class=\"wp-image-80821\"\/><\/figure><\/div>\n\n\n<p>Por su parte, Adriana D\u00edaz destac\u00f3 que la instalaci\u00f3n de la \u201cEstaci\u00f3n Matera\u201d fue respaldada por 20 instituciones de Alto Comedero, entre ellas los centros vecinales del Aeroparque (Sectores B3, B6, B1, B2) y otras organizaciones. Tambi\u00e9n apoy\u00f3 la escuela Marina Vilte como uno de los firmantes. \u201cDentro de los proyectos, solicitamos el aval de las instituciones y utilizamos este plan tambi\u00e9n para educar sobre energ\u00edas renovables. Esta Matera cuenta con un asiento con respaldo, pensado para las madres que amamantan y para las personas mayores\u201d, explic\u00f3.<\/p>\n\n\n\n<p>Asimismo, la funcionaria aclar\u00f3 que en la Estaci\u00f3n Matera se rinde homenaje a la hermana Mar\u00eda Electa Wigner, perteneciente a la congregaci\u00f3n del Instituto Santa B\u00e1rbara y del Divino Redentor, en Alto Comedero. La hermana Mar\u00eda Electa jug\u00f3 un papel fundamental al participar y acompa\u00f1ar a muchos vecinos cuando este sector reci\u00e9n comenzaba a formarse.<\/p>\n\n\n\n<p>Por \u00faltimo, Elbio Lamas, presidente del Centro Vecinal del barrio Aeroparque del Sector B3, destac\u00f3 que la \u201cEstaci\u00f3n Matera\u201d fue gestionada por los centros vecinales y se instal\u00f3 \u201cen un lugar muy concurrido del barrio, tanto por los ni\u00f1os como por los vecinos, debido a los eventos deportivos que se realizan en el \u00e1rea, la cual considero el mejor sector\u201d.<\/p>\n\n\n\n<p><strong>Nota audiovisual:<\/strong>&nbsp;<a href=\"https:\/\/youtu.be\/tetGoK_3sck\">https:\/\/youtu.be\/tetGoK_3sck<\/a><\/p>\n","protected":false},"excerpt":{"rendered":"<p>El intendente Ra\u00fal \u201cChuli\u201d Jorge junto a la secretaria de Planificaci\u00f3n y Ambiente, Adriana D\u00edaz, dej\u00f3 habilitada la sexta Estaci\u00f3n Matera con energ\u00eda renovable en la manzana municipal del sector B6 de Alto Comedero, adyacente al Casa de la Historia y la Cultura \u201cJorge Cafrune\u201d en homenaje a la religiosa Mar\u00eda Electa Wigner de la [&hellip;]<\/p>\n","protected":false},"author":5,"featured_media":421446,"comment_status":"open","ping_status":"open","sticky":false,"template":"","format":"standard","meta":{"_stopmodifiedupdate":false,"_modified_date":"","inline_featured_image":false,"spay_email":"","jetpack_publicize_message":""},"categories":[514],"tags":[],"jetpack_featured_media_url":"https:\/\/notinor.com\/jujuy\/wp-content\/uploads\/2024\/12\/estacion.jpg","jetpack_publicize_connections":[],"_links":{"self":[{"href":"https:\/\/notinor.com\/jujuy\/wp-json\/wp\/v2\/posts\/421445"}],"collection":[{"href":"https:\/\/notinor.com\/jujuy\/wp-json\/wp\/v2\/posts"}],"about":[{"href":"https:\/\/notinor.com\/jujuy\/wp-json\/wp\/v2\/types\/post"}],"author":[{"embeddable":true,"href":"https:\/\/notinor.com\/jujuy\/wp-json\/wp\/v2\/users\/5"}],"replies":[{"embeddable":true,"href":"https:\/\/notinor.com\/jujuy\/wp-json\/wp\/v2\/comments?post=421445"}],"version-history":[{"count":1,"href":"https:\/\/notinor.com\/jujuy\/wp-json\/wp\/v2\/posts\/421445\/revisions"}],"predecessor-version":[{"id":421447,"href":"https:\/\/notinor.com\/jujuy\/wp-json\/wp\/v2\/posts\/421445\/revisions\/421447"}],"wp:featuredmedia":[{"embeddable":true,"href":"https:\/\/notinor.com\/jujuy\/wp-json\/wp\/v2\/media\/421446"}],"wp:attachment":[{"href":"https:\/\/notinor.com\/jujuy\/wp-json\/wp\/v2\/media?parent=421445"}],"wp:term":[{"taxonomy":"category","embeddable":true,"href":"https:\/\/notinor.com\/jujuy\/wp-json\/wp\/v2\/categories?post=421445"},{"taxonomy":"post_tag","embeddable":true,"href":"https:\/\/notinor.com\/jujuy\/wp-json\/wp\/v2\/tags?post=421445"}],"curies":[{"name":"wp","href":"https:\/\/api.w.org\/{rel}","templated":true}]}}