{"id":421432,"date":"2024-12-24T16:40:16","date_gmt":"2024-12-24T19:40:16","guid":{"rendered":"https:\/\/notinor.com\/jujuy\/?p=421432"},"modified":"2024-12-24T16:40:17","modified_gmt":"2024-12-24T16:40:17","slug":"la-conferencia-episcopal-y-milei-coincidieron-en-generar-caminos-de-dialogo-entendimiento-y-cooperacion","status":"publish","type":"post","link":"https:\/\/notinor.com\/jujuy\/la-conferencia-episcopal-y-milei-coincidieron-en-generar-caminos-de-dialogo-entendimiento-y-cooperacion\/","title":{"rendered":"La Conferencia Episcopal y Milei coincidieron en generar \"caminos de di\u00e1logo, entendimiento y cooperaci\u00f3n\""},"content":{"rendered":"\n<p class=\"has-medium-font-size\"><strong><em>El mandatario respondi\u00f3 la misiva de la Comisi\u00f3n Ejecutiva de la instituci\u00f3n y agradeci\u00f3 a la Iglesia por la asistencia a los sectores m\u00e1s vulnerables de la sociedad.<\/em><\/strong><\/p>\n\n\n<div class=\"wp-block-image\">\n<figure class=\"aligncenter size-large\"><img decoding=\"async\" loading=\"lazy\" width=\"655\" height=\"480\" src=\"https:\/\/notinor.com\/jujuy\/wp-content\/uploads\/2024\/12\/image-76-655x480.png\" alt=\"\" class=\"wp-image-421434\" srcset=\"https:\/\/notinor.com\/jujuy\/wp-content\/uploads\/2024\/12\/image-76-655x480.png 655w, https:\/\/notinor.com\/jujuy\/wp-content\/uploads\/2024\/12\/image-76-498x365.png 498w, https:\/\/notinor.com\/jujuy\/wp-content\/uploads\/2024\/12\/image-76-768x563.png 768w, https:\/\/notinor.com\/jujuy\/wp-content\/uploads\/2024\/12\/image-76-750x549.png 750w, https:\/\/notinor.com\/jujuy\/wp-content\/uploads\/2024\/12\/image-76.png 983w\" sizes=\"(max-width: 655px) 100vw, 655px\" \/><\/figure><\/div>\n\n\n<p><\/p>\n\n\n\n<p><strong>La Conferencia Episcopal y Milei coincidieron en generar \"caminos de di\u00e1logo, entendimiento y cooperaci\u00f3n\"<\/strong>. El presidente <strong>Javier Milei<\/strong>&nbsp;le respondi\u00f3 el pedido a la<strong>&nbsp;Conferencia Episcopal&nbsp;<\/strong>y <strong>le agradeci\u00f3 a la Iglesia por la asistencia a los sectores m\u00e1s vulnerables de la sociedad.&nbsp;<\/strong><\/p>\n\n\n\n<p>A trav\u00e9s de un breve intercambio por carta, el mandatario plante\u00f3: \u201cAgradezco su nota del pasado 11 de diciembre y <strong>valoro su ofrecimiento para promover caminos de di\u00e1logo, entendimientos y cooperaci\u00f3n<\/strong>, esenciales para el bienestar de nuestra Patria y de todos los Argentinos\u201d.<\/p>\n\n\n\n<p>\u201cComo Presidente de la Naci\u00f3n,<strong> reafirmo nuestro compromiso con el trabajo conjunto para preservar la paz, fomentar el entendimiento y buscar el desarrollo integral de nuestra Naci\u00f3n\u201d<\/strong>, a\u00f1adi\u00f3.<\/p>\n\n\n\n<p>En la misma l\u00ednea, el libertario expuso: \u201c<strong>En este a\u00f1o, hemos valorado especialmente la colaboraci\u00f3n de la Iglesia<\/strong> en el acompa\u00f1amiento a los sectores m\u00e1s vulnerables de la sociedad, una labor significativa en favor del bien com\u00fan\u201d.<\/p>\n\n\n\n<p><\/p>\n\n\n<div class=\"wp-block-image\">\n<figure class=\"aligncenter size-full\"><img decoding=\"async\" loading=\"lazy\" width=\"768\" height=\"432\" src=\"https:\/\/notinor.com\/jujuy\/wp-content\/uploads\/2024\/12\/image-26.png\" alt=\"\" class=\"wp-image-420835\" srcset=\"https:\/\/notinor.com\/jujuy\/wp-content\/uploads\/2024\/12\/image-26.png 768w, https:\/\/notinor.com\/jujuy\/wp-content\/uploads\/2024\/12\/image-26-649x365.png 649w, https:\/\/notinor.com\/jujuy\/wp-content\/uploads\/2024\/12\/image-26-500x280.png 500w, https:\/\/notinor.com\/jujuy\/wp-content\/uploads\/2024\/12\/image-26-750x422.png 750w\" sizes=\"(max-width: 768px) 100vw, 768px\" \/><\/figure><\/div>\n\n\n<p><\/p>\n\n\n\n<p><strong>\u201c<\/strong>Quedo a disposici\u00f3n para <strong>continuar construyendo espacios de di\u00e1logo y cooperaci\u00f3n que permitan avanzar hacia los objetivos compartidos\u201d<\/strong>, agreg\u00f3 al tiempo que expres\u00f3 sus \u201cmejores deseos\u201d en las v\u00edsperas de Navidad y A\u00f1o Nuevo, y salud\u00f3 a la Conferencia Episcopal que, a principios de diciembre, hab\u00eda abierto una comunicaci\u00f3n con el mandatario por el mismo canal de di\u00e1logo.&nbsp;<\/p>\n\n\n\n<p>El 11 de diciembre, la<strong>&nbsp;Comisi\u00f3n Ejecutiva de la Conferencia Episcopal Argentina<\/strong>&nbsp;<strong>renov\u00f3 el llamado a fortalecer la fe y la confianza en un futuro mejor<\/strong>, y a trav\u00e9s de <strong>una nota enviada al jefe de Estado<\/strong>, lo convoc\u00f3 a participar de la construcci\u00f3n de caminos \"de di\u00e1logo, entendimiento y cooperaci\u00f3n entre todos los sectores sociales.&nbsp;<\/p>\n\n\n\n<p>\u201cEste tiempo especial nos invita a <strong>reflexionar sobre el mensaje de paz que el Ni\u00f1o de Bel\u00e9n trae al mundo<\/strong>, un mensaje que sigue siendo una gu\u00eda luminosa para nuestras acciones y decisiones\u201d, sostuvieron los obispos.<\/p>\n\n\n\n<p>Y agregaron: \u201cEn el marco del Jubileo de la Esperanza, convocado por el Papa Francisco, <strong>renovamos el llamado a fortalecer nuestra fe y nuestra confianza<\/strong> en un futuro mejor.<strong>&nbsp;<\/strong>Queremos, desde nuestro lugar, ofrecernos para<strong> juntos ayudar a generar caminos de di\u00e1logo, entendimiento y cooperaci\u00f3n entre todos los sectores sociales\u201d.<\/strong><\/p>\n\n\n\n<p><\/p>\n\n\n<div class=\"wp-block-image\">\n<figure class=\"aligncenter size-large\"><img decoding=\"async\" loading=\"lazy\" width=\"339\" height=\"480\" src=\"https:\/\/notinor.com\/jujuy\/wp-content\/uploads\/2024\/12\/image-75-339x480.png\" alt=\"\" class=\"wp-image-421433\" srcset=\"https:\/\/notinor.com\/jujuy\/wp-content\/uploads\/2024\/12\/image-75-339x480.png 339w, https:\/\/notinor.com\/jujuy\/wp-content\/uploads\/2024\/12\/image-75-258x365.png 258w, https:\/\/notinor.com\/jujuy\/wp-content\/uploads\/2024\/12\/image-75.png 509w\" sizes=\"(max-width: 339px) 100vw, 339px\" \/><\/figure><\/div>\n\n\n<p><\/p>\n\n\n\n<p>Asimismo, argumentaron que se trata de valores fundamentales \u201cpara <strong>consolidar la paz social, estrechar los lazos de unidad entre los argentinos y atender con especial prioridad a las necesidades de los m\u00e1s pobres y vulnerables<\/strong> de nuestra sociedad\u201d.<\/p>\n\n\n\n<p>\u201cEstamos a disposici\u00f3n para el encuentro personal y <strong>pedimos a Dios que le conceda sabidur\u00eda y fortaleza en su servicio a la Naci\u00f3n<\/strong> y confiamos que, bajo el amparo de nuestra Madre, la Virgen de Luj\u00e1n, <strong>podremos juntos construir una Argentina que sea hogar de encuentro, solidaridad y verdadera fraternidad<\/strong>\u201d, concluyeron los obispos.&nbsp;<\/p>\n","protected":false},"excerpt":{"rendered":"<p>El mandatario respondi\u00f3 la misiva de la Comisi\u00f3n Ejecutiva de la instituci\u00f3n y agradeci\u00f3 a la Iglesia por la asistencia a los sectores m\u00e1s vulnerables de la sociedad. La Conferencia Episcopal y Milei coincidieron en generar \"caminos de di\u00e1logo, entendimiento y cooperaci\u00f3n\". El presidente Javier Milei&nbsp;le respondi\u00f3 el pedido a la&nbsp;Conferencia Episcopal&nbsp;y le agradeci\u00f3 a [&hellip;]<\/p>\n","protected":false},"author":51,"featured_media":421434,"comment_status":"open","ping_status":"open","sticky":false,"template":"","format":"standard","meta":{"_stopmodifiedupdate":false,"_modified_date":"","inline_featured_image":false,"spay_email":"","jetpack_publicize_message":""},"categories":[5],"tags":[],"jetpack_featured_media_url":"https:\/\/notinor.com\/jujuy\/wp-content\/uploads\/2024\/12\/image-76.png","jetpack_publicize_connections":[],"_links":{"self":[{"href":"https:\/\/notinor.com\/jujuy\/wp-json\/wp\/v2\/posts\/421432"}],"collection":[{"href":"https:\/\/notinor.com\/jujuy\/wp-json\/wp\/v2\/posts"}],"about":[{"href":"https:\/\/notinor.com\/jujuy\/wp-json\/wp\/v2\/types\/post"}],"author":[{"embeddable":true,"href":"https:\/\/notinor.com\/jujuy\/wp-json\/wp\/v2\/users\/51"}],"replies":[{"embeddable":true,"href":"https:\/\/notinor.com\/jujuy\/wp-json\/wp\/v2\/comments?post=421432"}],"version-history":[{"count":3,"href":"https:\/\/notinor.com\/jujuy\/wp-json\/wp\/v2\/posts\/421432\/revisions"}],"predecessor-version":[{"id":421435,"href":"https:\/\/notinor.com\/jujuy\/wp-json\/wp\/v2\/posts\/421432\/revisions\/421435"}],"wp:featuredmedia":[{"embeddable":true,"href":"https:\/\/notinor.com\/jujuy\/wp-json\/wp\/v2\/media\/421434"}],"wp:attachment":[{"href":"https:\/\/notinor.com\/jujuy\/wp-json\/wp\/v2\/media?parent=421432"}],"wp:term":[{"taxonomy":"category","embeddable":true,"href":"https:\/\/notinor.com\/jujuy\/wp-json\/wp\/v2\/categories?post=421432"},{"taxonomy":"post_tag","embeddable":true,"href":"https:\/\/notinor.com\/jujuy\/wp-json\/wp\/v2\/tags?post=421432"}],"curies":[{"name":"wp","href":"https:\/\/api.w.org\/{rel}","templated":true}]}}