{"id":421386,"date":"2024-12-24T12:18:31","date_gmt":"2024-12-24T15:18:31","guid":{"rendered":"https:\/\/notinor.com\/jujuy\/?p=421386"},"modified":"2024-12-24T12:18:00","modified_gmt":"2024-12-24T12:18:00","slug":"el-gobierno-prorrogo-una-medida-clave-para-que-las-empresas-publicas-puedan-tener-accionistas-privados","status":"publish","type":"post","link":"https:\/\/notinor.com\/jujuy\/el-gobierno-prorrogo-una-medida-clave-para-que-las-empresas-publicas-puedan-tener-accionistas-privados\/","title":{"rendered":"El Gobierno prorrog\u00f3 una medida clave para que las empresas p\u00fablicas puedan tener accionistas privados"},"content":{"rendered":"\n<p class=\"has-medium-font-size\"><strong><em>A trav\u00e9s de un decreto, prolong\u00f3 por 60 d\u00edas el per\u00edodo en el que podr\u00e1 transformar en sociedades an\u00f3nimas a las compa\u00f1\u00edas del Estado. Esto puede favorecer la venta de activos financieros de cada una de las firmas.<\/em><\/strong><\/p>\n\n\n<div class=\"wp-block-image\">\n<figure class=\"aligncenter size-large\"><img decoding=\"async\" loading=\"lazy\" width=\"840\" height=\"415\" src=\"https:\/\/notinor.com\/jujuy\/wp-content\/uploads\/2024\/12\/image-62-840x415.png\" alt=\"\" class=\"wp-image-421388\" srcset=\"https:\/\/notinor.com\/jujuy\/wp-content\/uploads\/2024\/12\/image-62-840x415.png 840w, https:\/\/notinor.com\/jujuy\/wp-content\/uploads\/2024\/12\/image-62-660x326.png 660w, https:\/\/notinor.com\/jujuy\/wp-content\/uploads\/2024\/12\/image-62-768x379.png 768w, https:\/\/notinor.com\/jujuy\/wp-content\/uploads\/2024\/12\/image-62-750x370.png 750w, https:\/\/notinor.com\/jujuy\/wp-content\/uploads\/2024\/12\/image-62-1140x563.png 1140w, https:\/\/notinor.com\/jujuy\/wp-content\/uploads\/2024\/12\/image-62.png 1256w\" sizes=\"(max-width: 840px) 100vw, 840px\" \/><\/figure><\/div>\n\n\n<p><\/p>\n\n\n\n<p><strong>El gobierno de Javier Milei volvi\u00f3 a\u00a0prorrogar el plazo para que las empresas del Estado se transformen en Sociedades An\u00f3nimas.<\/strong>\u00a0Lo hizo mediante un decreto publicado en el Bolet\u00edn Oficial, que lleva la firma del presidente y todo su gabinete de ministros.<\/p>\n\n\n\n<p>Cuando Milei lleg\u00f3 a la presidencia en diciembre pasado, <strong>declar\u00f3 la\u00a0\"emergencia p\u00fablica\u00a0en materia econ\u00f3mica, financiera, fiscal, administrativa, previsional, tarifaria, sanitaria y social<\/strong> hasta el 31 de diciembre de 2025\". <\/p>\n\n\n\n<p>En ese contexto, <strong>el Ejecutivo hab\u00eda resuelto dar un plazo inicial de seis meses para que las empresas del Estado Nacional en sociedades an\u00f3nimas<\/strong>, con el objetivo de \"achicar el peso del Estado\" y que puedan tener accionistas privados.<\/p>\n\n\n\n<p>A fin de junio \u00faltimo,\u00a0<strong>el Ejecutivo hab\u00eda extendido ese plazo por otros seis meses m\u00e1s y ahora decidi\u00f3 volver a estirarlo por otros 60 d\u00edas<\/strong>. <\/p>\n\n\n\n<p>\"<strong>La gravedad de la situaci\u00f3n exige su pr\u00f3rroga por el t\u00e9rmino de SESENTA (60) d\u00edas con el fin de contar con el tiempo suficiente<\/strong> para concretar lo establecido en el inciso 2) del art\u00edculo 77, en el inciso 1) apartado b) del art\u00edculo 83 y en el art\u00edculo 88 de la Ley General de Sociedades N\u00ba 19.550 (T.O. 1984) y sus modificatorias\", estableci\u00f3 el Decreto 1120\/2024.<\/p>\n\n\n\n<p><\/p>\n\n\n<div class=\"wp-block-image\">\n<figure class=\"aligncenter size-large\"><img decoding=\"async\" loading=\"lazy\" width=\"812\" height=\"480\" src=\"https:\/\/notinor.com\/jujuy\/wp-content\/uploads\/2024\/12\/image-61-812x480.png\" alt=\"\" class=\"wp-image-421387\" srcset=\"https:\/\/notinor.com\/jujuy\/wp-content\/uploads\/2024\/12\/image-61-812x480.png 812w, https:\/\/notinor.com\/jujuy\/wp-content\/uploads\/2024\/12\/image-61-618x365.png 618w, https:\/\/notinor.com\/jujuy\/wp-content\/uploads\/2024\/12\/image-61-768x454.png 768w, https:\/\/notinor.com\/jujuy\/wp-content\/uploads\/2024\/12\/image-61-750x443.png 750w, https:\/\/notinor.com\/jujuy\/wp-content\/uploads\/2024\/12\/image-61-1140x674.png 1140w, https:\/\/notinor.com\/jujuy\/wp-content\/uploads\/2024\/12\/image-61.png 1200w\" sizes=\"(max-width: 812px) 100vw, 812px\" \/><\/figure><\/div>\n\n\n<p><\/p>\n\n\n\n<p>Por ahora, <strong>solo fue inscripta una empresa en este registro<\/strong>, a cargo Inspecci\u00f3n General de Justicia (IGJ), la sociedad <strong>Corporaci\u00f3n Buenos Aires Sur<\/strong>.\u00a0<\/p>\n\n\n\n<p><strong>\"La sociedad Corporaci\u00f3n Buenos Aires Sur S.E qued\u00f3 convertida en Corporaci\u00f3n Buenos Aires Sur Sociedad An\u00f3nima Unipersonal,<\/strong>\u00a0una sociedad perteneciente al Gobierno de la Ciudad Aut\u00f3noma de Buenos Aires, y que <strong>fue creada en el a\u00f1o 2000 como Sociedad del Estado<\/strong> para promover el desarrollo integral de la zona sur de la Ciudad de Buenos Aires\u201d, estableci\u00f3 un comunicado oficial hace un mes.<\/p>\n\n\n\n<p>La transformaci\u00f3n de empresas estatales a sociedades an\u00f3nimas aparece como <strong>un paso previo para la privatizaci\u00f3n<\/strong>. Por ahora, pese a la intenci\u00f3n oficial de vender la participaci\u00f3n accionaria de algunas empresas de la cartera estatal, <strong>no se ha concretado ninguna operaci\u00f3n<\/strong>. <\/p>\n\n\n\n<p><strong>La primera que est\u00e1 en l\u00ednea es la metalmec\u00e1nica de Mendoza Impsa<\/strong>, que entr\u00f3 recientemente en la \u00faltima etapa de la negociaci\u00f3n. La semana pasada, el \u00fanico oferente, la compa\u00f1\u00eda estadounidense <strong>ARC Energy<\/strong>, deb\u00eda mejorar la oferta realizada, valuada en unos <strong>US$ 27 millones.<\/strong><\/p>\n","protected":false},"excerpt":{"rendered":"<p>A trav\u00e9s de un decreto, prolong\u00f3 por 60 d\u00edas el per\u00edodo en el que podr\u00e1 transformar en sociedades an\u00f3nimas a las compa\u00f1\u00edas del Estado. Esto puede favorecer la venta de activos financieros de cada una de las firmas. El gobierno de Javier Milei volvi\u00f3 a\u00a0prorrogar el plazo para que las empresas del Estado se transformen [&hellip;]<\/p>\n","protected":false},"author":51,"featured_media":421388,"comment_status":"open","ping_status":"open","sticky":false,"template":"","format":"standard","meta":{"_stopmodifiedupdate":false,"_modified_date":"","inline_featured_image":false,"spay_email":"","jetpack_publicize_message":""},"categories":[676],"tags":[],"jetpack_featured_media_url":"https:\/\/notinor.com\/jujuy\/wp-content\/uploads\/2024\/12\/image-62.png","jetpack_publicize_connections":[],"_links":{"self":[{"href":"https:\/\/notinor.com\/jujuy\/wp-json\/wp\/v2\/posts\/421386"}],"collection":[{"href":"https:\/\/notinor.com\/jujuy\/wp-json\/wp\/v2\/posts"}],"about":[{"href":"https:\/\/notinor.com\/jujuy\/wp-json\/wp\/v2\/types\/post"}],"author":[{"embeddable":true,"href":"https:\/\/notinor.com\/jujuy\/wp-json\/wp\/v2\/users\/51"}],"replies":[{"embeddable":true,"href":"https:\/\/notinor.com\/jujuy\/wp-json\/wp\/v2\/comments?post=421386"}],"version-history":[{"count":1,"href":"https:\/\/notinor.com\/jujuy\/wp-json\/wp\/v2\/posts\/421386\/revisions"}],"predecessor-version":[{"id":421389,"href":"https:\/\/notinor.com\/jujuy\/wp-json\/wp\/v2\/posts\/421386\/revisions\/421389"}],"wp:featuredmedia":[{"embeddable":true,"href":"https:\/\/notinor.com\/jujuy\/wp-json\/wp\/v2\/media\/421388"}],"wp:attachment":[{"href":"https:\/\/notinor.com\/jujuy\/wp-json\/wp\/v2\/media?parent=421386"}],"wp:term":[{"taxonomy":"category","embeddable":true,"href":"https:\/\/notinor.com\/jujuy\/wp-json\/wp\/v2\/categories?post=421386"},{"taxonomy":"post_tag","embeddable":true,"href":"https:\/\/notinor.com\/jujuy\/wp-json\/wp\/v2\/tags?post=421386"}],"curies":[{"name":"wp","href":"https:\/\/api.w.org\/{rel}","templated":true}]}}