{"id":421377,"date":"2024-12-25T12:15:48","date_gmt":"2024-12-25T15:15:48","guid":{"rendered":"https:\/\/notinor.com\/jujuy\/?p=421377"},"modified":"2024-12-25T12:16:06","modified_gmt":"2024-12-25T15:16:06","slug":"en-2025-la-economia-crecera-al-menos-4-de-donde-saldran-los-dolares-para-sostener-la-actividad","status":"publish","type":"post","link":"https:\/\/notinor.com\/jujuy\/en-2025-la-economia-crecera-al-menos-4-de-donde-saldran-los-dolares-para-sostener-la-actividad\/","title":{"rendered":"En 2025 la econom\u00eda crecer\u00e1 al menos 4%: de d\u00f3nde saldr\u00e1n los d\u00f3lares para sostener la actividad"},"content":{"rendered":"\n<p class=\"has-medium-font-size\"><strong><em>Se espera que el a\u00f1o pr\u00f3ximo aumente la demanda de divisas por mayores importaciones y turismo. Expectativas por el aporte del FMI.<\/em><\/strong><\/p>\n\n\n<div class=\"wp-block-image\">\n<figure class=\"aligncenter size-large\"><img decoding=\"async\" loading=\"lazy\" width=\"737\" height=\"480\" src=\"https:\/\/notinor.com\/jujuy\/wp-content\/uploads\/2024\/12\/image-58-737x480.png\" alt=\"\" class=\"wp-image-421382\" srcset=\"https:\/\/notinor.com\/jujuy\/wp-content\/uploads\/2024\/12\/image-58-737x480.png 737w, https:\/\/notinor.com\/jujuy\/wp-content\/uploads\/2024\/12\/image-58-560x365.png 560w, https:\/\/notinor.com\/jujuy\/wp-content\/uploads\/2024\/12\/image-58-768x500.png 768w, https:\/\/notinor.com\/jujuy\/wp-content\/uploads\/2024\/12\/image-58-750x489.png 750w, https:\/\/notinor.com\/jujuy\/wp-content\/uploads\/2024\/12\/image-58.png 864w\" sizes=\"(max-width: 737px) 100vw, 737px\" \/><\/figure><\/div>\n\n\n<p><\/p>\n\n\n\n<p><strong>El 2024 cerrar\u00e1 con una ca\u00edda de la actividad de entre 3% y 2%<\/strong>, pero a la vez dejar\u00e1 un arrastre estad\u00edstico de dos puntos para <strong>apuntalar el\u00a0crecimiento\u00a0del a\u00f1o pr\u00f3ximo<\/strong>, que<strong>\u00a0rondar\u00eda entre el 4% y el 5%.<\/strong><\/p>\n\n\n\n<p>A lo largo de este a\u00f1o, <strong>el Banco Central logr\u00f3 comprar cerca de\u00a0US$ 20.000 millones\u00a0<\/strong>en el Mercado Unico y Libre de Cambios (MULC), pero <strong>solo una parte pas\u00f3 a reforzar las reservas. <\/strong><\/p>\n\n\n\n<p>El \u00faltimo dato oficial marca que <strong>las reservas brutas llegan a\u00a0US$ 32.550 millones<\/strong>, tras ubicarse en <strong>US$ 21.209 millones<\/strong> hace poco m\u00e1s de un a\u00f1o, cuando asumi\u00f3 <strong>Javier Milei<\/strong>. Sin embargo, <strong>las reservas netas<\/strong>, las que efectivamente puede usar el Central, <strong>siguen siendo negativas por<\/strong>\u00a0<strong>US$ 4.800 millones.<\/strong><\/p>\n\n\n\n<p>Con este escenario y la perspectiva de que <strong>en 2025 aumenten tanto las importaciones como el pago de deudas y la demanda de divisas por turismo<\/strong>, la inc\u00f3gnita es\u00a0<strong>si la Argentina contar\u00e1 con los d\u00f3lares necesarios<\/strong> para sostener ese crecimiento.<\/p>\n\n\n\n<p><\/p>\n\n\n<div class=\"wp-block-image\">\n<figure class=\"aligncenter size-large\"><img decoding=\"async\" loading=\"lazy\" width=\"840\" height=\"455\" src=\"https:\/\/notinor.com\/jujuy\/wp-content\/uploads\/2024\/12\/image-59-840x455.png\" alt=\"\" class=\"wp-image-421383\" srcset=\"https:\/\/notinor.com\/jujuy\/wp-content\/uploads\/2024\/12\/image-59-840x455.png 840w, https:\/\/notinor.com\/jujuy\/wp-content\/uploads\/2024\/12\/image-59-660x358.png 660w, https:\/\/notinor.com\/jujuy\/wp-content\/uploads\/2024\/12\/image-59-768x416.png 768w, https:\/\/notinor.com\/jujuy\/wp-content\/uploads\/2024\/12\/image-59-750x407.png 750w, https:\/\/notinor.com\/jujuy\/wp-content\/uploads\/2024\/12\/image-59.png 1053w\" sizes=\"(max-width: 840px) 100vw, 840px\" \/><\/figure><\/div>\n\n\n<p><\/p>\n\n\n\n<p><strong>Mat\u00edas Surt<\/strong>, Economista Jefe de la consultora de <strong>Invecq<\/strong>, proyecta para 2025 una expansi\u00f3n de la econom\u00eda de <strong>3,5%<\/strong>, aunque se\u00f1ala que podr\u00eda llegar al <strong>4%<\/strong>.\u00a0<\/p>\n\n\n\n<p><strong>\"Los drivers ser\u00e1n las exportaciones y la recuperaci\u00f3n del consumo<\/strong>,<strong> <\/strong>dado el proceso de estabilizaci\u00f3n y el regreso del cr\u00e9dito. Los sectores l\u00edderes ser\u00e1n miner\u00eda y energ\u00eda\".<\/p>\n\n\n\n<p><strong>Dante Sica<\/strong>, director de <strong>Abeceb<\/strong>, asegura que de cara a 2025, \"<strong>el Gobierno ya tiene los d\u00f3lares suficientes para cubrir las necesidades por deuda, importaciones y turismo<\/strong>\".<\/p>\n\n\n\n<p>\"<strong>Esa es la raz\u00f3n por la que baja riesgo pa\u00eds<\/strong>. En 2025 va a costar acumular divisas, pero el Banco Central no va a perder reservas\", asegur\u00f3.<\/p>\n\n\n\n<p>\"No veo una preocupaci\u00f3n por ese lado. La Argentina va a tener en 2025,\u00a0<strong>US$ 92.000 millones de necesidades <\/strong>y cuando se miran las fuentes,<strong> entre lo que hoy tiene acordado, est\u00e1 cubierto.\u00a0<\/strong>Esto sin contar que haya un acuerdo con el\u00a0Fondo Monetario\u00a0ni que pueda salir a conseguir fondos frescos\", agreg\u00f3.<\/p>\n\n\n\n<p>Surt plantea que <strong>el intercambio comercial de bienes seguir\u00e1 dando un super\u00e1vit abultado<\/strong> el a\u00f1o que viene, en la zona de los<strong>\u00a0US$ 15.000 millones.<\/strong>\u00a0<\/p>\n\n\n\n<p>Si bien advierte que <strong>los servicios ser\u00e1n claramente deficitarios,<\/strong> apunta que \"no llegar\u00e1n a consumirse todo ese super\u00e1vit\". \"El punto central est\u00e1 en la continuidad o no del\u00a0d\u00f3lar blend\", afirm\u00f3.<\/p>\n\n\n\n<p><\/p>\n\n\n<div class=\"wp-block-image\">\n<figure class=\"aligncenter size-large\"><img decoding=\"async\" loading=\"lazy\" width=\"732\" height=\"480\" src=\"https:\/\/notinor.com\/jujuy\/wp-content\/uploads\/2024\/12\/image-60-732x480.png\" alt=\"\" class=\"wp-image-421384\" srcset=\"https:\/\/notinor.com\/jujuy\/wp-content\/uploads\/2024\/12\/image-60-732x480.png 732w, https:\/\/notinor.com\/jujuy\/wp-content\/uploads\/2024\/12\/image-60-556x365.png 556w, https:\/\/notinor.com\/jujuy\/wp-content\/uploads\/2024\/12\/image-60-768x504.png 768w, https:\/\/notinor.com\/jujuy\/wp-content\/uploads\/2024\/12\/image-60-750x492.png 750w, https:\/\/notinor.com\/jujuy\/wp-content\/uploads\/2024\/12\/image-60.png 898w\" sizes=\"(max-width: 732px) 100vw, 732px\" \/><\/figure><\/div>\n\n\n<p><\/p>\n\n\n\n<p><strong>El blend o d\u00f3lar exportador se integra con el 80% del valor del tipo de cambio oficial y el 20% del contado con liqui<\/strong>. As\u00ed se llega a una cotizaci\u00f3n actual de\u00a0<strong>$ 1.053\u00a0<\/strong>que si bien es un est\u00edmulo para que los exportadores liquiden, a la vez genera que\u00a0<strong>el 20% de las divisas no pasen por el Banco Central,\u00a0<\/strong>lo que impacta negativamente en la acumulaci\u00f3n de reservas.<\/p>\n\n\n\n<p>Surt explica que \"<strong>mientras exista el blend ese super\u00e1vit comercial<\/strong>\u00a0<strong>pasa por la brecha y no por el Mercado Unico y Libre de Cambios (MULC).<\/strong>\u00a0El FMI seguramente ponga como requisito eliminar o disminuir el blend; en busca de que la recuperaci\u00f3n no estrangule el MULC. Creo que algo de eso podr\u00eda ocurrir\".<\/p>\n\n\n\n<p>Otra alternativa es el acuerdo con el FMI, que podr\u00eda traer para Surt<strong>\u00a0fondos frescos por US$ 10.000 o US$ 15.000 millones.\u00a0<\/strong>\"El mercado internacional quiz\u00e1s esperar\u00e1 un poco m\u00e1s para entrar a que haya se\u00f1ales econ\u00f3micas (cepo) y pol\u00edticas (validaci\u00f3n en elecciones)\".<\/p>\n\n\n\n<p><\/p>\n\n\n<div class=\"wp-block-image\">\n<figure class=\"aligncenter size-large\"><img decoding=\"async\" loading=\"lazy\" width=\"800\" height=\"480\" src=\"https:\/\/notinor.com\/jujuy\/wp-content\/uploads\/2024\/12\/image-57-800x480.png\" alt=\"\" class=\"wp-image-421381\" srcset=\"https:\/\/notinor.com\/jujuy\/wp-content\/uploads\/2024\/12\/image-57-800x480.png 800w, https:\/\/notinor.com\/jujuy\/wp-content\/uploads\/2024\/12\/image-57-608x365.png 608w, https:\/\/notinor.com\/jujuy\/wp-content\/uploads\/2024\/12\/image-57-768x461.png 768w, https:\/\/notinor.com\/jujuy\/wp-content\/uploads\/2024\/12\/image-57-750x450.png 750w, https:\/\/notinor.com\/jujuy\/wp-content\/uploads\/2024\/12\/image-57.png 1000w\" sizes=\"(max-width: 800px) 100vw, 800px\" \/><\/figure><\/div>\n\n\n<p><\/p>\n\n\n\n<p><strong>Mart\u00edn Rapetti<\/strong>, director de la consultora <strong>Equilibra<\/strong>, le pone matices a este optimismo. Sostuvo que <strong>el pa\u00eds \"va a una econom\u00eda deficitaria en el comercio internacional<\/strong> y<strong>\u00a0para sostener el d\u00e9ficit har\u00e1n falta m\u00e1s exportaciones o financiamiento\"<\/strong>.\u00a0\"Pero tiene que ser un financiamiento sostenible en el tiempo\", advirti\u00f3.<\/p>\n\n\n\n<p>Para Rapetti,\u00a0<strong>\"hoy existe una borrachera con la energ\u00eda y miner\u00eda<\/strong>\".\u00a0\"No quiero menospreciar el papel que van a jugar estas dos anchas avenidas de generaci\u00f3n de d\u00f3lares\", aclar\u00f3. <\/p>\n\n\n\n<p>\"Pero cuando se miran los n\u00fameros, <strong>no se concluye todav\u00eda que habr\u00e1 un flujo de capitales que permita a la econom\u00eda argentina ser cara en d\u00f3lares y sostenible en el tiempo<\/strong> con este nivel de productividad\", consider\u00f3.<\/p>\n\n\n\n<p>Para 2025, <strong>el Gobierno ya anticip\u00f3 que bajar\u00e1 el crawling peg del 2% mensual al 1%<\/strong>, lo que llevar\u00e1 a profundizar el atraso cambiario. \"<strong>La Argentina va a necesitar a\u00f1os de super\u00e1vit en la cuenta corriente<\/strong> para generar esos d\u00f3lares y adem\u00e1s entrada de capitales.\u00a0<strong>Todo eso requiere un d\u00f3lar m\u00e1s alto\"<\/strong>, cerr\u00f3.<\/p>\n","protected":false},"excerpt":{"rendered":"<p>Se espera que el a\u00f1o pr\u00f3ximo aumente la demanda de divisas por mayores importaciones y turismo. Expectativas por el aporte del FMI. El 2024 cerrar\u00e1 con una ca\u00edda de la actividad de entre 3% y 2%, pero a la vez dejar\u00e1 un arrastre estad\u00edstico de dos puntos para apuntalar el\u00a0crecimiento\u00a0del a\u00f1o pr\u00f3ximo, que\u00a0rondar\u00eda entre el [&hellip;]<\/p>\n","protected":false},"author":51,"featured_media":421382,"comment_status":"open","ping_status":"open","sticky":false,"template":"","format":"standard","meta":{"_stopmodifiedupdate":false,"_modified_date":"","inline_featured_image":false,"spay_email":"","jetpack_publicize_message":""},"categories":[2,676],"tags":[],"jetpack_featured_media_url":"https:\/\/notinor.com\/jujuy\/wp-content\/uploads\/2024\/12\/image-58.png","jetpack_publicize_connections":[],"_links":{"self":[{"href":"https:\/\/notinor.com\/jujuy\/wp-json\/wp\/v2\/posts\/421377"}],"collection":[{"href":"https:\/\/notinor.com\/jujuy\/wp-json\/wp\/v2\/posts"}],"about":[{"href":"https:\/\/notinor.com\/jujuy\/wp-json\/wp\/v2\/types\/post"}],"author":[{"embeddable":true,"href":"https:\/\/notinor.com\/jujuy\/wp-json\/wp\/v2\/users\/51"}],"replies":[{"embeddable":true,"href":"https:\/\/notinor.com\/jujuy\/wp-json\/wp\/v2\/comments?post=421377"}],"version-history":[{"count":2,"href":"https:\/\/notinor.com\/jujuy\/wp-json\/wp\/v2\/posts\/421377\/revisions"}],"predecessor-version":[{"id":421385,"href":"https:\/\/notinor.com\/jujuy\/wp-json\/wp\/v2\/posts\/421377\/revisions\/421385"}],"wp:featuredmedia":[{"embeddable":true,"href":"https:\/\/notinor.com\/jujuy\/wp-json\/wp\/v2\/media\/421382"}],"wp:attachment":[{"href":"https:\/\/notinor.com\/jujuy\/wp-json\/wp\/v2\/media?parent=421377"}],"wp:term":[{"taxonomy":"category","embeddable":true,"href":"https:\/\/notinor.com\/jujuy\/wp-json\/wp\/v2\/categories?post=421377"},{"taxonomy":"post_tag","embeddable":true,"href":"https:\/\/notinor.com\/jujuy\/wp-json\/wp\/v2\/tags?post=421377"}],"curies":[{"name":"wp","href":"https:\/\/api.w.org\/{rel}","templated":true}]}}