{"id":421074,"date":"2024-12-18T20:45:29","date_gmt":"2024-12-18T23:45:29","guid":{"rendered":"https:\/\/notinor.com\/jujuy\/?p=421074"},"modified":"2024-12-19T01:41:38","modified_gmt":"2024-12-19T04:41:38","slug":"un-brutal-incidente-en-un-puesto-de-gendarmeria-en-salta-termino-con-un-muerto","status":"publish","type":"post","link":"https:\/\/notinor.com\/jujuy\/un-brutal-incidente-en-un-puesto-de-gendarmeria-en-salta-termino-con-un-muerto\/","title":{"rendered":"Un brutal incidente en un puesto de Gendarmer\u00eda en Salta termin\u00f3 con un muerto"},"content":{"rendered":"\n<p class=\"has-medium-font-size\"><strong><em>La ministra de Seguridad&nbsp;Patricia Bullrich se\u00f1al\u00f3 que los efectivos frenaron el ataque e incautaron 22 bultos sospechosos.&nbsp;\"No pasa ni un gramo m\u00e1s de droga por nuestras fronteras\", lanz\u00f3. Hubo un duro enfrentamiento con Gendarmer\u00eda.<\/em><\/strong><\/p>\n\n\n\n<p><\/p>\n\n\n<div class=\"wp-block-image\">\n<figure class=\"aligncenter size-full\"><img decoding=\"async\" loading=\"lazy\" width=\"800\" height=\"450\" src=\"https:\/\/notinor.com\/jujuy\/wp-content\/uploads\/2024\/12\/enfrentamiento-gendarmeria-salta.jpg\" alt=\"\" class=\"wp-image-421075\" srcset=\"https:\/\/notinor.com\/jujuy\/wp-content\/uploads\/2024\/12\/enfrentamiento-gendarmeria-salta.jpg 800w, https:\/\/notinor.com\/jujuy\/wp-content\/uploads\/2024\/12\/enfrentamiento-gendarmeria-salta-649x365.jpg 649w, https:\/\/notinor.com\/jujuy\/wp-content\/uploads\/2024\/12\/enfrentamiento-gendarmeria-salta-500x280.jpg 500w, https:\/\/notinor.com\/jujuy\/wp-content\/uploads\/2024\/12\/enfrentamiento-gendarmeria-salta-768x432.jpg 768w, https:\/\/notinor.com\/jujuy\/wp-content\/uploads\/2024\/12\/enfrentamiento-gendarmeria-salta-750x422.jpg 750w\" sizes=\"(max-width: 800px) 100vw, 800px\" \/><\/figure><\/div>\n\n\n<p><\/p>\n\n\n\n<p><strong>Se produjo en Or\u00e1n, en el l\u00edmite con Bolivia y hay dos versiones. Una habla de un conflicto entre bagayeros, pero crece la hip\u00f3tesis de un ataque narco, que fue avalada por la ministra de Seguridad, Patricia Bullrich.<\/strong><\/p>\n\n\n\n<p><strong>Tiros, gritos, piedras y tensi\u00f3n en el medio de la noche. Todos esos elementos se conjugaron esta madrugada en un episodio tr\u00e1gico en la localidad salte\u00f1a de Or\u00e1n que termin\u00f3 con la muerte de una persona, en la frontera con Bolivia, <\/strong>tras un enfrentamiento que se desat\u00f3 en el Puesto 28 de Gendarmer\u00eda Nacional Argentina, sobre la Ruta Nacional 50.<\/p>\n\n\n\n<p>Seg\u00fan se inform\u00f3, hubo dos versiones sobre el hecho que provoc\u00f3 la batalla campal: algunos hablan de una pelea entre personas dedicadas al contrabando en la zona y definen lo sucedido como una mejicaneada entre bagayeros\u201d; <strong>sin embargo otros afirman que podr\u00eda haberse desatado a ra\u00edz del secuestro de una importante cantidad de droga por parte de la GNA.<\/strong><\/p>\n\n\n\n<p><strong>La hip\u00f3tesis narco fue avalada esta ma\u00f1ana por la ministra de Seguridad, Patricia Bullrich, que destac\u00f3 este mi\u00e9rcoles la puesta a punto del Plan G\u00fcemes en la frontera de Salta,<\/strong> luego de que efectivos de Gendarmer\u00eda Nacional repelieran el ataque de lo que denomin\u00f3 como \"una banda narco que intent\u00f3 pasar al pa\u00eds\".<\/p>\n\n\n\n<p><\/p>\n\n\n\n<figure class=\"wp-block-embed is-type-video is-provider-youtube wp-block-embed-youtube wp-embed-aspect-16-9 wp-has-aspect-ratio\"><div class=\"wp-block-embed__wrapper\">\n<div class=\"jeg_video_container jeg_video_content\"><iframe loading=\"lazy\" title=\"Un brutal incidente en un puesto de Gendarmer\u00eda en Salta termin\u00f3 con un muerto\" width=\"500\" height=\"281\" src=\"https:\/\/www.youtube.com\/embed\/bMX0nL2mnWw?feature=oembed\" frameborder=\"0\" allow=\"accelerometer; autoplay; clipboard-write; encrypted-media; gyroscope; picture-in-picture; web-share\" referrerpolicy=\"strict-origin-when-cross-origin\" allowfullscreen><\/iframe><\/div>\n<\/div><\/figure>\n\n\n\n<p><\/p>\n\n\n\n<p><strong>\"En Or\u00e1n-Aguas Blancas, narcos violentos atacaron a Gendarmer\u00eda porque no soportan que se les termin\u00f3 el negocio. Quisieron cruzar cargamentos ilegales por pasos clandestinos y, al ser interceptados, respondieron. Pero qued\u00f3 claro: no pasa ni un gramo m\u00e1s de droga por nuestras fronteras\",<\/strong> expres\u00f3 a trav\u00e9s de su cuenta de X.<\/p>\n\n\n\n<p>La funcionaria nacional public\u00f3 el mensaje acompa\u00f1ado de un video donde muestra a un grupo de personas atacar el veh\u00edculo en el cual se desplazaban los efectivos de seguridad. <strong>\"Los gendarmes frenaron el ataque, controlaron la situaci\u00f3n y aseguraron 22 bultos sospechosos. Es claro: el Plan G\u00fcemes les est\u00e1 cortando el negocio. Se les termin\u00f3\",<\/strong> agreg\u00f3.<\/p>\n\n\n\n<p><strong>D\u00edas atr\u00e1s, la ministra encabez\u00f3 el lanzamiento del Plan G\u00fcemes en la localidad de Aguas Blancas, Salta, acompa\u00f1ada por el gobernador Gustavo S\u00e1enz.<\/strong><\/p>\n\n\n\n<p>\u201cCreo que, con la voluntad pol\u00edtica de ambos gobiernos, con la fuerza y profesionalidad de las fuerzas federales y provinciales, la decisi\u00f3n de los gobiernos locales, vamos a dar esta guerra sin cuartel contra los que quieren venir a robarse la vida de los argentinos, a sus hijos y llevarlos al narcotr\u00e1fico\u201d, expres\u00f3 durante el acto de presentaci\u00f3n.<\/p>\n\n\n\n<p>La funcionaria nacional destac\u00f3 que la primera parte del plan ir\u00e1 desde diciembre a marzo de 2025, con un despliegue de 310 efectivos, la mitad de los que se instalaron en Rosario, en el marco del Plan Bandera. Adem\u00e1s, destac\u00f3 que por primera vez en la historia, la Prefectura Naval patrullar\u00e1 las aguas del R\u00edo Bermejo.<\/p>\n\n\n\n<p><strong>\u201cLes digo a las fuerzas federales, y me animo decirle a la fuerza provincial de seguridad, pongan todo, pongan el coraz\u00f3n, la cabeza, y usen las armas que la Naci\u00f3n le dio para proteger a los ciudadanos de bien, porque con nuestro Gobierno el que las hace las paga\u201d, <\/strong>concluy\u00f3 Bullrich durante el acto.<\/p>\n\n\n\n<p>Producto del arribo de gendarmes a la zona, adem\u00e1s del ataque que denunci\u00f3 la ministra, se produjeron graves enfrentamientos en el puesto 28 con los llamados \"bagayeros\" (pasadores de hojas de coca y contrabando de cigarrillos), quienes se enfrentaron con los gendarmes.<\/p>\n\n\n\n<p><strong>Los incidentes dejaron el saldo tr\u00e1gico de un trabajador fallecido y al menos cuatro heridos (dos de ellos en estado cr\u00edtico), seg\u00fan publica el medio El Tribuno de Salta.<\/strong><\/p>\n\n\n\n<p>A ra\u00edz de este hecho, los trabajadores informales realizan un corte total de la Ruta Nacional 50 a la altura de Aguas Blancas para reclamar justicia y pedir por la continuidad de la actividad que ejercen.<\/p>\n\n\n\n<p><strong>Como pare del plan de Seguridad, la Prefectura Naval Argentina (PNA) patrullar\u00e1 por primera vez las aguas del R\u00edo Bermejo, un espacio que hasta ahora hab\u00eda sido controlado exclusivamente por la Polic\u00eda del Estado Plurinacional de Bolivia.<\/strong><\/p>\n\n\n\n<p>El operativo contar\u00e1 con un despliegue de 310 efectivos, quienes ser\u00e1n asignados a las \u00e1reas cr\u00edticas, con una presencia intensiva en puntos estrat\u00e9gicos como el r\u00edo Bermejo y la Ruta Nacional 34, conocida como la \"Ruta de la Droga\".<\/p>\n\n\n\n<p>Adem\u00e1s, habr\u00e1 una \"estrategia de abordaje criminal conjunta\", a trav\u00e9s de la coordinaci\u00f3n entre fuerzas federales, provinciales y el Poder Judicial, incluyendo la colaboraci\u00f3n con el Ministerio P\u00fablico Fiscal, PROCUNAR y PROCELAC.<\/p>\n\n\n\n<p><strong>Finalmente, desde el Ministerio de Seguridad de la Naci\u00f3n aseguran que este fortalecimiento del control en pasos fronterizos en puntos como Aguas Blancas, implicar\u00e1 \"controles m\u00e1s rigurosos para prevenir actividades il\u00edcitas y mejorar la seguridad de los habitantes\".<\/strong><\/p>\n\n\n\n<p><strong>\u201cVinimos a cambiar la historia de la decadencia por una de florecimiento. Este es un cambio profundo, no un simple cambio de figuritas. Salta ser\u00e1 un ejemplo de que con voluntad pol\u00edtica y decisiones firmes se puede devolver la seguridad y la dignidad a los argentinos\u201d,<\/strong> concluy\u00f3 Bullrich.<\/p>\n","protected":false},"excerpt":{"rendered":"<p>La ministra de Seguridad&nbsp;Patricia Bullrich se\u00f1al\u00f3 que los efectivos frenaron el ataque e incautaron 22 bultos sospechosos.&nbsp;\"No pasa ni un gramo m\u00e1s de droga por nuestras fronteras\", lanz\u00f3. Hubo un duro enfrentamiento con Gendarmer\u00eda. Se produjo en Or\u00e1n, en el l\u00edmite con Bolivia y hay dos versiones. Una habla de un conflicto entre bagayeros, pero [&hellip;]<\/p>\n","protected":false},"author":49,"featured_media":421075,"comment_status":"open","ping_status":"open","sticky":false,"template":"","format":"standard","meta":{"_stopmodifiedupdate":false,"_modified_date":"","inline_featured_image":false,"spay_email":"","jetpack_publicize_message":""},"categories":[2,5,2553],"tags":[],"jetpack_featured_media_url":"https:\/\/notinor.com\/jujuy\/wp-content\/uploads\/2024\/12\/enfrentamiento-gendarmeria-salta.jpg","jetpack_publicize_connections":[],"_links":{"self":[{"href":"https:\/\/notinor.com\/jujuy\/wp-json\/wp\/v2\/posts\/421074"}],"collection":[{"href":"https:\/\/notinor.com\/jujuy\/wp-json\/wp\/v2\/posts"}],"about":[{"href":"https:\/\/notinor.com\/jujuy\/wp-json\/wp\/v2\/types\/post"}],"author":[{"embeddable":true,"href":"https:\/\/notinor.com\/jujuy\/wp-json\/wp\/v2\/users\/49"}],"replies":[{"embeddable":true,"href":"https:\/\/notinor.com\/jujuy\/wp-json\/wp\/v2\/comments?post=421074"}],"version-history":[{"count":2,"href":"https:\/\/notinor.com\/jujuy\/wp-json\/wp\/v2\/posts\/421074\/revisions"}],"predecessor-version":[{"id":421083,"href":"https:\/\/notinor.com\/jujuy\/wp-json\/wp\/v2\/posts\/421074\/revisions\/421083"}],"wp:featuredmedia":[{"embeddable":true,"href":"https:\/\/notinor.com\/jujuy\/wp-json\/wp\/v2\/media\/421075"}],"wp:attachment":[{"href":"https:\/\/notinor.com\/jujuy\/wp-json\/wp\/v2\/media?parent=421074"}],"wp:term":[{"taxonomy":"category","embeddable":true,"href":"https:\/\/notinor.com\/jujuy\/wp-json\/wp\/v2\/categories?post=421074"},{"taxonomy":"post_tag","embeddable":true,"href":"https:\/\/notinor.com\/jujuy\/wp-json\/wp\/v2\/tags?post=421074"}],"curies":[{"name":"wp","href":"https:\/\/api.w.org\/{rel}","templated":true}]}}