{"id":421049,"date":"2024-12-18T08:27:00","date_gmt":"2024-12-18T11:27:00","guid":{"rendered":"https:\/\/notinor.com\/jujuy\/?p=421049"},"modified":"2024-12-18T13:30:19","modified_gmt":"2024-12-18T16:30:19","slug":"velasquez-amador-gladis-florentina","status":"publish","type":"post","link":"https:\/\/notinor.com\/jujuy\/velasquez-amador-gladis-florentina\/","title":{"rendered":"VELASQUEZ AMADOR, Gladis Florentina"},"content":{"rendered":"\n<p><strong>Falleci\u00f3 el d\u00eda 16 de diciembre de 2024, a hs. 16:50. C.A.S.R. y B.P., a la edad de 83 a\u00f1os. Sus hermanos: Reinaldo, An\u00edbal, Jos\u00e9, Normando, Rosa, Jael y Ana Mar\u00eda; sus hermanos pol\u00edticos, sobrinos y dem\u00e1s familiares participan con profundo dolor su fallecimiento y comunican que sus restos fueron inhumados ayer 17 de diciembre en el cementerio Rosario. FAE. Casa de duelo salas Arenales de empresa La Piedad sita en Arenales 1145. Servicio empresa La Piedad Salta 727 S.S.de Jujuy. Tel. 0388-4222487. L\u00ednea gratuita 0800-444-5274.<\/strong><\/p>\n","protected":false},"excerpt":{"rendered":"<p>Falleci\u00f3 el d\u00eda 16 de diciembre de 2024, a hs. 16:50. C.A.S.R. y B.P., a la edad de 83 a\u00f1os. Sus hermanos: Reinaldo, An\u00edbal, Jos\u00e9, Normando, Rosa, Jael y Ana Mar\u00eda; sus hermanos pol\u00edticos, sobrinos y dem\u00e1s familiares participan con profundo dolor su fallecimiento y comunican que sus restos fueron inhumados ayer 17 de diciembre [&hellip;]<\/p>\n","protected":false},"author":5,"featured_media":129720,"comment_status":"open","ping_status":"open","sticky":false,"template":"","format":"standard","meta":{"_stopmodifiedupdate":false,"_modified_date":"","inline_featured_image":false,"spay_email":"","jetpack_publicize_message":""},"categories":[523],"tags":[],"jetpack_featured_media_url":"https:\/\/notinor.com\/jujuy\/wp-content\/uploads\/2017\/08\/Obituarios1.jpg","jetpack_publicize_connections":[],"_links":{"self":[{"href":"https:\/\/notinor.com\/jujuy\/wp-json\/wp\/v2\/posts\/421049"}],"collection":[{"href":"https:\/\/notinor.com\/jujuy\/wp-json\/wp\/v2\/posts"}],"about":[{"href":"https:\/\/notinor.com\/jujuy\/wp-json\/wp\/v2\/types\/post"}],"author":[{"embeddable":true,"href":"https:\/\/notinor.com\/jujuy\/wp-json\/wp\/v2\/users\/5"}],"replies":[{"embeddable":true,"href":"https:\/\/notinor.com\/jujuy\/wp-json\/wp\/v2\/comments?post=421049"}],"version-history":[{"count":1,"href":"https:\/\/notinor.com\/jujuy\/wp-json\/wp\/v2\/posts\/421049\/revisions"}],"predecessor-version":[{"id":421050,"href":"https:\/\/notinor.com\/jujuy\/wp-json\/wp\/v2\/posts\/421049\/revisions\/421050"}],"wp:featuredmedia":[{"embeddable":true,"href":"https:\/\/notinor.com\/jujuy\/wp-json\/wp\/v2\/media\/129720"}],"wp:attachment":[{"href":"https:\/\/notinor.com\/jujuy\/wp-json\/wp\/v2\/media?parent=421049"}],"wp:term":[{"taxonomy":"category","embeddable":true,"href":"https:\/\/notinor.com\/jujuy\/wp-json\/wp\/v2\/categories?post=421049"},{"taxonomy":"post_tag","embeddable":true,"href":"https:\/\/notinor.com\/jujuy\/wp-json\/wp\/v2\/tags?post=421049"}],"curies":[{"name":"wp","href":"https:\/\/api.w.org\/{rel}","templated":true}]}}