{"id":420367,"date":"2024-12-05T22:39:00","date_gmt":"2024-12-06T01:39:00","guid":{"rendered":"https:\/\/notinor.com\/jujuy\/?p=420367"},"modified":"2024-12-05T10:39:34","modified_gmt":"2024-12-05T10:39:34","slug":"concejales-y-funcionarios-municipales-continuan-abordando-los-alcances-del-presupuesto-2025","status":"publish","type":"post","link":"https:\/\/notinor.com\/jujuy\/concejales-y-funcionarios-municipales-continuan-abordando-los-alcances-del-presupuesto-2025\/","title":{"rendered":"Concejales y funcionarios municipales contin\u00faan abordando los alcances del Presupuesto 2025"},"content":{"rendered":"\n<p class=\"has-medium-font-size\"><strong><em>En el marco de la comisi\u00f3n de Finanzas y Econom\u00eda, concejales mantuvieron reuniones con funcionarios de la Direcci\u00f3n de Obras P\u00fablicas y, posteriormente, con el secretario de Desarrollo Humano, Rodrigo Altea, con el objetivo de continuar analizando los alcances del Presupuesto Municipal 2025. \u00a0<\/em><\/strong><\/p>\n\n\n<div class=\"wp-block-image\">\n<figure class=\"aligncenter size-large\"><img decoding=\"async\" loading=\"lazy\" width=\"720\" height=\"480\" src=\"https:\/\/notinor.com\/jujuy\/wp-content\/uploads\/2024\/12\/Reunion-3-720x480.jpg\" alt=\"\" class=\"wp-image-420369\" srcset=\"https:\/\/notinor.com\/jujuy\/wp-content\/uploads\/2024\/12\/Reunion-3-720x480.jpg 720w, https:\/\/notinor.com\/jujuy\/wp-content\/uploads\/2024\/12\/Reunion-3-548x365.jpg 548w, https:\/\/notinor.com\/jujuy\/wp-content\/uploads\/2024\/12\/Reunion-3-768x512.jpg 768w, https:\/\/notinor.com\/jujuy\/wp-content\/uploads\/2024\/12\/Reunion-3-1536x1024.jpg 1536w, https:\/\/notinor.com\/jujuy\/wp-content\/uploads\/2024\/12\/Reunion-3-2048x1365.jpg 2048w, https:\/\/notinor.com\/jujuy\/wp-content\/uploads\/2024\/12\/Reunion-3-750x500.jpg 750w, https:\/\/notinor.com\/jujuy\/wp-content\/uploads\/2024\/12\/Reunion-3-1140x760.jpg 1140w\" sizes=\"(max-width: 720px) 100vw, 720px\" \/><\/figure><\/div>\n\n\n<p>Al respecto, el titular de la comisi\u00f3n, concejal <strong>Leandro Giubergia<\/strong>, manifest\u00f3: \"Creo que es importante escuchar muchas de las tareas y de las cosas que desarrollan estas diferentes \u00e1reas de la municipalidad y cu\u00e1les son los proyectos y obras que se van a ejecutar el a\u00f1o que viene. As\u00ed que dieron un pantallazo claro, fueron realmente muy espec\u00edficos en muchas cuestiones, sobre todo en materia de obra p\u00fablica, de cu\u00e1les ser\u00e1n las obras que se van a estar desarrollando. Ser\u00e1 muy importante, sobre todo para la ciudad, sabiendo tambi\u00e9n de la dif\u00edcil situaci\u00f3n que tenemos a nivel nacional y lo econ\u00f3mico, que eso ha tra\u00eddo mucho parate en la obra p\u00fablica\".<\/p>\n\n\n<div class=\"wp-block-image\">\n<figure class=\"aligncenter size-large\"><img decoding=\"async\" loading=\"lazy\" width=\"720\" height=\"480\" src=\"https:\/\/notinor.com\/jujuy\/wp-content\/uploads\/2024\/12\/Reunion-4-720x480.jpg\" alt=\"\" class=\"wp-image-420370\" srcset=\"https:\/\/notinor.com\/jujuy\/wp-content\/uploads\/2024\/12\/Reunion-4-720x480.jpg 720w, https:\/\/notinor.com\/jujuy\/wp-content\/uploads\/2024\/12\/Reunion-4-548x365.jpg 548w, https:\/\/notinor.com\/jujuy\/wp-content\/uploads\/2024\/12\/Reunion-4-768x512.jpg 768w, https:\/\/notinor.com\/jujuy\/wp-content\/uploads\/2024\/12\/Reunion-4-1536x1024.jpg 1536w, https:\/\/notinor.com\/jujuy\/wp-content\/uploads\/2024\/12\/Reunion-4-2048x1365.jpg 2048w, https:\/\/notinor.com\/jujuy\/wp-content\/uploads\/2024\/12\/Reunion-4-750x500.jpg 750w, https:\/\/notinor.com\/jujuy\/wp-content\/uploads\/2024\/12\/Reunion-4-1140x760.jpg 1140w\" sizes=\"(max-width: 720px) 100vw, 720px\" \/><\/figure><\/div>\n\n\n<p>Mientras que el secretario de Desarrollo Humano, <strong>Rodrigo Altea<\/strong>, expres\u00f3: \"Un espacio de di\u00e1logo muy oportuno, siempre con la apertura de este Concejo Deliberante a escuchar y a coordinar acciones y decisiones en conjunto, con el ejecutivo en busca de una mejor ciudad y ciudadan\u00eda.\u00a0 En este esquema hablamos sobre el presupuesto, aplicando las fortalezas y falencias del mismo en materias de Desarrollo Humano, y tambi\u00e9n surgieron charlas y comunicaci\u00f3n, por eso la importancia del espacio de di\u00e1logo, de acciones que surgen de ordenanza y de ordenanzas que surgen de acciones, que se desarrollan en el territorio de la ciudad\".<\/p>\n\n\n<div class=\"wp-block-image\">\n<figure class=\"aligncenter size-large\"><img decoding=\"async\" loading=\"lazy\" width=\"720\" height=\"480\" src=\"https:\/\/notinor.com\/jujuy\/wp-content\/uploads\/2024\/12\/Reunion-5-720x480.jpg\" alt=\"\" class=\"wp-image-420371\" srcset=\"https:\/\/notinor.com\/jujuy\/wp-content\/uploads\/2024\/12\/Reunion-5-720x480.jpg 720w, https:\/\/notinor.com\/jujuy\/wp-content\/uploads\/2024\/12\/Reunion-5-548x365.jpg 548w, https:\/\/notinor.com\/jujuy\/wp-content\/uploads\/2024\/12\/Reunion-5-768x512.jpg 768w, https:\/\/notinor.com\/jujuy\/wp-content\/uploads\/2024\/12\/Reunion-5-1536x1024.jpg 1536w, https:\/\/notinor.com\/jujuy\/wp-content\/uploads\/2024\/12\/Reunion-5-2048x1365.jpg 2048w, https:\/\/notinor.com\/jujuy\/wp-content\/uploads\/2024\/12\/Reunion-5-750x500.jpg 750w, https:\/\/notinor.com\/jujuy\/wp-content\/uploads\/2024\/12\/Reunion-5-1140x760.jpg 1140w\" sizes=\"(max-width: 720px) 100vw, 720px\" \/><\/figure><\/div>\n\n\n<p>\"Esperemos que se evacuen las dudas \u2013continu\u00f3 Altea- que tengamos el presupuesto aprobado y que podamos seguir pensando en acciones positivas para las personas que vivimos en esta ciudad, siempre bajo la \u00f3ptica de la inclusi\u00f3n, del desarrollo pleno de las personas, y de la felicidad que creo que es lo que buscamos cada uno de nosotros\".<\/p>\n\n\n<div class=\"wp-block-image\">\n<figure class=\"aligncenter size-large\"><img decoding=\"async\" loading=\"lazy\" width=\"720\" height=\"480\" src=\"https:\/\/notinor.com\/jujuy\/wp-content\/uploads\/2024\/12\/Reunion-6-720x480.jpg\" alt=\"\" class=\"wp-image-420372\" srcset=\"https:\/\/notinor.com\/jujuy\/wp-content\/uploads\/2024\/12\/Reunion-6-720x480.jpg 720w, https:\/\/notinor.com\/jujuy\/wp-content\/uploads\/2024\/12\/Reunion-6-548x365.jpg 548w, https:\/\/notinor.com\/jujuy\/wp-content\/uploads\/2024\/12\/Reunion-6-768x512.jpg 768w, https:\/\/notinor.com\/jujuy\/wp-content\/uploads\/2024\/12\/Reunion-6-1536x1024.jpg 1536w, https:\/\/notinor.com\/jujuy\/wp-content\/uploads\/2024\/12\/Reunion-6-2048x1365.jpg 2048w, https:\/\/notinor.com\/jujuy\/wp-content\/uploads\/2024\/12\/Reunion-6-750x500.jpg 750w, https:\/\/notinor.com\/jujuy\/wp-content\/uploads\/2024\/12\/Reunion-6-1140x760.jpg 1140w\" sizes=\"(max-width: 720px) 100vw, 720px\" \/><\/figure><\/div>\n\n\n<p>Por su parte, el Director General de Obras P\u00fablicas, <strong>Daniel Sosa<\/strong>, coment\u00f3: \"Vinimos en conjunto con la Secretar\u00eda de Obras P\u00fablicas para explicarle a las autoridades del Concejo cu\u00e1les son las obras que pretendemos ejecutar en el periodo 2025, es una intervenci\u00f3n ambiciosa y le hemos resaltado cu\u00e1les eran las cuadras que consideramos que son convenientes para el a\u00f1o que viene\".<\/p>\n\n\n<div class=\"wp-block-image\">\n<figure class=\"aligncenter size-large\"><img decoding=\"async\" loading=\"lazy\" width=\"720\" height=\"480\" src=\"https:\/\/notinor.com\/jujuy\/wp-content\/uploads\/2024\/12\/Reunion-7-720x480.jpg\" alt=\"\" class=\"wp-image-420373\" srcset=\"https:\/\/notinor.com\/jujuy\/wp-content\/uploads\/2024\/12\/Reunion-7-720x480.jpg 720w, https:\/\/notinor.com\/jujuy\/wp-content\/uploads\/2024\/12\/Reunion-7-548x365.jpg 548w, https:\/\/notinor.com\/jujuy\/wp-content\/uploads\/2024\/12\/Reunion-7-768x512.jpg 768w, https:\/\/notinor.com\/jujuy\/wp-content\/uploads\/2024\/12\/Reunion-7-1536x1024.jpg 1536w, https:\/\/notinor.com\/jujuy\/wp-content\/uploads\/2024\/12\/Reunion-7-2048x1365.jpg 2048w, https:\/\/notinor.com\/jujuy\/wp-content\/uploads\/2024\/12\/Reunion-7-750x500.jpg 750w, https:\/\/notinor.com\/jujuy\/wp-content\/uploads\/2024\/12\/Reunion-7-1140x760.jpg 1140w\" sizes=\"(max-width: 720px) 100vw, 720px\" \/><\/figure><\/div>\n\n\n<p>En ese sentido, clarific\u00f3 \"las obras que tienen vital importancia y jerarqu\u00eda en la utilizaci\u00f3n de estos fondos es la avenida Hip\u00f3lito Yrigoyen, y venimos a explicarle a los concejales la importancia y la necesidad de darle soluci\u00f3n a la ciudadan\u00eda\".<\/p>\n\n\n\n<p>Por \u00faltimo, el Director General de Planeamiento Urbano, <strong>Marcos Santos<\/strong>, remarc\u00f3: \"Tuvimos una reuni\u00f3n bastante productiva, hemos comentado desde la Secretar\u00eda de Obras P\u00fablicas cu\u00e1l ser\u00eda nuestro tentativo plan para el 2025, para la ejecuci\u00f3n de diferentes tipos de obras. Siempre venimos con una actitud proactiva para resolver o calmar dudas que tienen los concejales, efectivamente fue muy buena la reuni\u00f3n\".<\/p>\n\n\n\n<p>Participaron de las reuniones los concejales: Leandro Giubergia, Gast\u00f3n Mill\u00f3n, Liliana Gim\u00e9nez, N\u00e9stor Barrios, Mar\u00eda Gal\u00e1n, Keila Zequeiros, Guillermo Alem\u00e1n, Blanca Ontiveros, Graciela Carrasco y Melisa Silva, quienes recibieron al Secretario Desarrollo Humano, Rodrigo Altea, al Director General de Obras P\u00fablicas, Daniel Sosa y Marcos Santos, Director General de Planeamiento Urbano del Municipio.<\/p>\n","protected":false},"excerpt":{"rendered":"<p>En el marco de la comisi\u00f3n de Finanzas y Econom\u00eda, concejales mantuvieron reuniones con funcionarios de la Direcci\u00f3n de Obras P\u00fablicas y, posteriormente, con el secretario de Desarrollo Humano, Rodrigo Altea, con el objetivo de continuar analizando los alcances del Presupuesto Municipal 2025. \u00a0 Al respecto, el titular de la comisi\u00f3n, concejal Leandro Giubergia, manifest\u00f3: [&hellip;]<\/p>\n","protected":false},"author":5,"featured_media":420368,"comment_status":"open","ping_status":"open","sticky":false,"template":"","format":"standard","meta":{"_stopmodifiedupdate":false,"_modified_date":"","inline_featured_image":false,"spay_email":"","jetpack_publicize_message":""},"categories":[514],"tags":[],"jetpack_featured_media_url":"https:\/\/notinor.com\/jujuy\/wp-content\/uploads\/2024\/12\/Reunion-2-scaled.jpg","jetpack_publicize_connections":[],"_links":{"self":[{"href":"https:\/\/notinor.com\/jujuy\/wp-json\/wp\/v2\/posts\/420367"}],"collection":[{"href":"https:\/\/notinor.com\/jujuy\/wp-json\/wp\/v2\/posts"}],"about":[{"href":"https:\/\/notinor.com\/jujuy\/wp-json\/wp\/v2\/types\/post"}],"author":[{"embeddable":true,"href":"https:\/\/notinor.com\/jujuy\/wp-json\/wp\/v2\/users\/5"}],"replies":[{"embeddable":true,"href":"https:\/\/notinor.com\/jujuy\/wp-json\/wp\/v2\/comments?post=420367"}],"version-history":[{"count":1,"href":"https:\/\/notinor.com\/jujuy\/wp-json\/wp\/v2\/posts\/420367\/revisions"}],"predecessor-version":[{"id":420374,"href":"https:\/\/notinor.com\/jujuy\/wp-json\/wp\/v2\/posts\/420367\/revisions\/420374"}],"wp:featuredmedia":[{"embeddable":true,"href":"https:\/\/notinor.com\/jujuy\/wp-json\/wp\/v2\/media\/420368"}],"wp:attachment":[{"href":"https:\/\/notinor.com\/jujuy\/wp-json\/wp\/v2\/media?parent=420367"}],"wp:term":[{"taxonomy":"category","embeddable":true,"href":"https:\/\/notinor.com\/jujuy\/wp-json\/wp\/v2\/categories?post=420367"},{"taxonomy":"post_tag","embeddable":true,"href":"https:\/\/notinor.com\/jujuy\/wp-json\/wp\/v2\/tags?post=420367"}],"curies":[{"name":"wp","href":"https:\/\/api.w.org\/{rel}","templated":true}]}}