{"id":420351,"date":"2024-12-05T20:07:17","date_gmt":"2024-12-05T23:07:17","guid":{"rendered":"https:\/\/notinor.com\/jujuy\/?p=420351"},"modified":"2024-12-05T20:07:19","modified_gmt":"2024-12-05T23:07:19","slug":"camino-a-la-privatizacion-aerolineas-argentinas-firmo-un-acuerdo-historico-con-una-empresa-aerea-regional","status":"publish","type":"post","link":"https:\/\/notinor.com\/jujuy\/camino-a-la-privatizacion-aerolineas-argentinas-firmo-un-acuerdo-historico-con-una-empresa-aerea-regional\/","title":{"rendered":"Camino a la privatizaci\u00f3n: Aerol\u00edneas Argentinas firm\u00f3 un acuerdo hist\u00f3rico con una empresa a\u00e9rea regional"},"content":{"rendered":"\n<p class=\"has-medium-font-size\"><strong><em>Mientras el Congreso decide el futuro de la compa\u00f1\u00eda de bandera, \u00e9sta sell\u00f3 un convenio con Latam, la firma que se fue del pa\u00eds en 2020 y lleg\u00f3 a tener m\u00e1s de 75 rutas diarias de cabotaje. La chilena siempre se\u00f1al\u00f3 a su nueva socia de competir de forma desleal cuando era gestionada por el kirchnerismo<\/em><\/strong>.<\/p>\n\n\n\n<p><\/p>\n\n\n<div class=\"wp-block-image\">\n<figure class=\"aligncenter size-full\"><img decoding=\"async\" loading=\"lazy\" width=\"800\" height=\"450\" src=\"https:\/\/notinor.com\/jujuy\/wp-content\/uploads\/2024\/12\/aerolineas-argentinas.jpg\" alt=\"\" class=\"wp-image-420352\" srcset=\"https:\/\/notinor.com\/jujuy\/wp-content\/uploads\/2024\/12\/aerolineas-argentinas.jpg 800w, https:\/\/notinor.com\/jujuy\/wp-content\/uploads\/2024\/12\/aerolineas-argentinas-649x365.jpg 649w, https:\/\/notinor.com\/jujuy\/wp-content\/uploads\/2024\/12\/aerolineas-argentinas-500x280.jpg 500w, https:\/\/notinor.com\/jujuy\/wp-content\/uploads\/2024\/12\/aerolineas-argentinas-768x432.jpg 768w, https:\/\/notinor.com\/jujuy\/wp-content\/uploads\/2024\/12\/aerolineas-argentinas-750x422.jpg 750w\" sizes=\"(max-width: 800px) 100vw, 800px\" \/><\/figure><\/div>\n\n\n<p><\/p>\n\n\n\n<p><strong>Los acuerdos permitir\u00e1n la venta de pasajes de rutas nacionales y regionales entre Aerol\u00edneas Argentinas y algunas filiales del grupo LATAM, permitiendo adem\u00e1s la acumulaci\u00f3n y canje \u00a0rec\u00edprocos de millas\/puntos en los programas LATAM Pass y Aerol\u00edneas Plus.<\/strong><\/p>\n\n\n\n<p>Los c\u00f3digos compartidos est\u00e1n sujetos a aprobaci\u00f3n de las autoridades pertinentes y no incluyen la operaci\u00f3n de la filial del grupo LATAM en Chile.<\/p>\n\n\n\n<p><strong>Las filiales de Brasil, Colombia, Ecuador, Paraguay y Per\u00fa del grupo LATAM y Aerol\u00edneas Argentinas han anunciado acuerdos de c\u00f3digo compartido para conectar las rutas dom\u00e9sticas y regionales de sus respectivos pa\u00edses.<\/strong><\/p>\n\n\n\n<p><strong>Estos acuerdos incluyen la comercializaci\u00f3n conjunta de m\u00e1s de 140 destinos en Sudam\u00e9rica, alcanzando 55 destinos nacionales en Brasil, 37 en Argentina, 21 en Per\u00fa, 19 en Colombia y 8 en Ecuador,<\/strong> adem\u00e1s de rutas regionales entre Brasil\/Colombia\/Paraguay\/Per\u00fa\/Uruguay y Argentina; ofreciendo una experiencia de viaje m\u00e1s \u00e1gil y otorgando mayores opciones a los clientes.<\/p>\n\n\n\n<p><strong>Adem\u00e1s, estos acuerdos permitir\u00e1n el canje y acumulaci\u00f3n rec\u00edproca de puntos\/millas a trav\u00e9s de los programas de viajero frecuente de las compa\u00f1\u00edas, beneficiando a 48 millones de socios LATAM Pass y m\u00e1s de 4 millones de miembros Aerol\u00edneas Plus.<\/strong><\/p>\n\n\n\n<p><strong>\u201cSe est\u00e1n ampliando las opciones de viaje para los clientes, llegando a m\u00faltiples destinos en Argentina y en la regi\u00f3n. Estos acuerdos otorgan mayores beneficios producto de la amplia red de destinos que tiene Aerol\u00edneas Argentinas<\/strong> que robustece la conectividad de vuelos del grupo LATAM en la regi\u00f3n\", coment\u00f3 Soledad Berrios, Directora de Alianzas Estrat\u00e9gicas del grupo LATAM.<\/p>\n\n\n\n<p>Por su parte, Leandro Serino, Gerente de Planeamiento de Redes, Itinerarios y Alianzas de Aerol\u00edneas Argentinas, agreg\u00f3: <strong>\u201cEste acuerdo nos permitir\u00e1 fortalecer nuestro programa Aerol\u00edneas Plus y ampliar la oferta de destinos en la regi\u00f3n para nuestros pasajeros, adem\u00e1s de darle la posibilidad a los clientes de LATAM de aprovechar toda la oferta de vuelos locales de Aerol\u00edneas Argentinas\".<\/strong><\/p>\n\n\n\n<p>Los acuerdos de c\u00f3digo compartido est\u00e1n sujetos a aprobaci\u00f3n de las autoridades pertinentes, y su implementaci\u00f3n comenzar\u00e1 en los pr\u00f3ximos meses.<\/p>\n","protected":false},"excerpt":{"rendered":"<p>Mientras el Congreso decide el futuro de la compa\u00f1\u00eda de bandera, \u00e9sta sell\u00f3 un convenio con Latam, la firma que se fue del pa\u00eds en 2020 y lleg\u00f3 a tener m\u00e1s de 75 rutas diarias de cabotaje. La chilena siempre se\u00f1al\u00f3 a su nueva socia de competir de forma desleal cuando era gestionada por el [&hellip;]<\/p>\n","protected":false},"author":49,"featured_media":420352,"comment_status":"open","ping_status":"open","sticky":false,"template":"","format":"standard","meta":{"_stopmodifiedupdate":false,"_modified_date":"","inline_featured_image":false,"spay_email":"","jetpack_publicize_message":""},"categories":[2,1158,5],"tags":[],"jetpack_featured_media_url":"https:\/\/notinor.com\/jujuy\/wp-content\/uploads\/2024\/12\/aerolineas-argentinas.jpg","jetpack_publicize_connections":[],"_links":{"self":[{"href":"https:\/\/notinor.com\/jujuy\/wp-json\/wp\/v2\/posts\/420351"}],"collection":[{"href":"https:\/\/notinor.com\/jujuy\/wp-json\/wp\/v2\/posts"}],"about":[{"href":"https:\/\/notinor.com\/jujuy\/wp-json\/wp\/v2\/types\/post"}],"author":[{"embeddable":true,"href":"https:\/\/notinor.com\/jujuy\/wp-json\/wp\/v2\/users\/49"}],"replies":[{"embeddable":true,"href":"https:\/\/notinor.com\/jujuy\/wp-json\/wp\/v2\/comments?post=420351"}],"version-history":[{"count":1,"href":"https:\/\/notinor.com\/jujuy\/wp-json\/wp\/v2\/posts\/420351\/revisions"}],"predecessor-version":[{"id":420353,"href":"https:\/\/notinor.com\/jujuy\/wp-json\/wp\/v2\/posts\/420351\/revisions\/420353"}],"wp:featuredmedia":[{"embeddable":true,"href":"https:\/\/notinor.com\/jujuy\/wp-json\/wp\/v2\/media\/420352"}],"wp:attachment":[{"href":"https:\/\/notinor.com\/jujuy\/wp-json\/wp\/v2\/media?parent=420351"}],"wp:term":[{"taxonomy":"category","embeddable":true,"href":"https:\/\/notinor.com\/jujuy\/wp-json\/wp\/v2\/categories?post=420351"},{"taxonomy":"post_tag","embeddable":true,"href":"https:\/\/notinor.com\/jujuy\/wp-json\/wp\/v2\/tags?post=420351"}],"curies":[{"name":"wp","href":"https:\/\/api.w.org\/{rel}","templated":true}]}}