{"id":420345,"date":"2024-12-05T14:07:13","date_gmt":"2024-12-05T17:07:13","guid":{"rendered":"https:\/\/notinor.com\/jujuy\/?p=420345"},"modified":"2024-12-05T14:07:15","modified_gmt":"2024-12-05T17:07:15","slug":"detuvieron-a-siete-sospechosos-en-santa-fe-por-el-video-de-la-amenaza-a-bullrich-y-pullaro","status":"publish","type":"post","link":"https:\/\/notinor.com\/jujuy\/detuvieron-a-siete-sospechosos-en-santa-fe-por-el-video-de-la-amenaza-a-bullrich-y-pullaro\/","title":{"rendered":"Detuvieron a siete sospechosos en Santa Fe por el video de la amenaza a Bullrich y Pullaro"},"content":{"rendered":"\n<p class=\"has-medium-font-size\"><strong><em>Fueron capturados por Gendarmer\u00eda en un operativo ordenado por la jueza Mar\u00eda Servini. Se espera que los trasladen a Comodoro Py en las pr\u00f3ximas horas para ser indagados<\/em><\/strong>.<\/p>\n\n\n<div class=\"wp-block-image\">\n<figure class=\"aligncenter size-full\"><img decoding=\"async\" loading=\"lazy\" width=\"832\" height=\"441\" src=\"https:\/\/notinor.com\/jujuy\/wp-content\/uploads\/2024\/12\/AMENAZA-2.jpg\" alt=\"\" class=\"wp-image-420346\" srcset=\"https:\/\/notinor.com\/jujuy\/wp-content\/uploads\/2024\/12\/AMENAZA-2.jpg 832w, https:\/\/notinor.com\/jujuy\/wp-content\/uploads\/2024\/12\/AMENAZA-2-660x350.jpg 660w, https:\/\/notinor.com\/jujuy\/wp-content\/uploads\/2024\/12\/AMENAZA-2-768x407.jpg 768w, https:\/\/notinor.com\/jujuy\/wp-content\/uploads\/2024\/12\/AMENAZA-2-750x398.jpg 750w\" sizes=\"(max-width: 832px) 100vw, 832px\" \/><figcaption class=\"wp-element-caption\">Patricia Bullrich y el gobernador de Santa Fe, Maximiliano Pullaro se reunieron en varias ocasiones para coordinar acciones de seguridad<\/figcaption><\/figure><\/div>\n\n\n<p>Efectivos de&nbsp;<strong>Gendarmer\u00eda Nacional<\/strong>&nbsp;arrestaron en las \u00faltimas horas a&nbsp;<strong>siete sospechosos<\/strong>&nbsp;por la amenaza filmada en video contra la ministra de Seguridad<strong>&nbsp;Patricia Bullrich<\/strong>&nbsp;y el gobernador&nbsp;<strong>Maximiliano Pullaro<\/strong>.<\/p>\n\n\n\n<p><strong>Los sospechosos -tres en calidad de detenidos, cuatro en calidad de demorados- fueron capturados en la zona de Puerto San Mart\u00edn<\/strong>, en el departamento&nbsp;<strong>San Lorenzo<\/strong>, a cuarenta kil\u00f3metros en autom\u00f3vil de&nbsp;<strong>Rosario<\/strong>. Se les encontr\u00f3 una serie de rev\u00f3lveres que, por lo pronto, no habr\u00edan sido parte de la amenaza filmada. Tambi\u00e9n, se hallaron&nbsp;<strong>dos mamelucos que podr\u00edan ser los empleados en el video.<\/strong><\/p>\n\n\n\n<p><strong>La causa para esclarecer la amenaza est\u00e1 a cargo de la jueza Mar\u00eda Servini<\/strong>; se espera el traslado de los detenidos a&nbsp;<strong>Buenos Aires<\/strong>&nbsp;para que declaren en los tribunales federales de&nbsp;<strong>Comodoro Py<\/strong>&nbsp;en las pr\u00f3ximas horas.<\/p>\n\n\n\n<p>El pasado 1 de diciembre, un <strong>grupo de presuntos narcoterroristas difundi\u00f3 un video donde amenazaron con armas a Bullrich, y al gobernador Pullaro<\/strong>.<strong>\u00a0<\/strong>R\u00e1pidamente, los investigadores de la Divisi\u00f3n Unidad Antiterrorista de la PFA dirigidos por Servini <strong>comenzaron a analizar las voces<\/strong> y vestimenta de los cuatro hombres para dar con ellos, mientras el Gobierno de la Naci\u00f3n ofrec\u00eda una recompensa de $10.000.000 para quien brindara informaci\u00f3n sobre los autores del hecho.<\/p>\n\n\n\n<p>En primer lugar, la PFA pudo determinar que los cuatro hombres que protagonizaron el video ostentaron una ametralladora FMK3, un FAL modelo Para,<strong>una pistola (probablemente una Glock) con kit<\/strong><em><strong>&nbsp;RONI&nbsp;<\/strong><\/em>fabricado por la firma argentina Bersa<em>,&nbsp;<\/em>que le da el aspecto de arma larga y que permite montarle mira y agregar empu\u00f1adura secundaria, una escopeta a chimaza tipo Ithaka o Bat\u00e1n y una pistola que tambi\u00e9n podr\u00eda ser de la marca Bersa.<\/p>\n\n\n\n<p><strong>\u201cEste video va para vos Pullaro y Bullrich\u201d<\/strong>, comienza el orador y contin\u00faa: \u201cPrimero que nada comentarle a la gente, que hiciste matar a gente inocente y armaron todo para darle m\u00e1s poder a tu banda\u201d. Luego, advirtieron a la ministra de Seguridad de la Naci\u00f3n e intentaron expandir el terror en la<strong>&nbsp;Ciudad Aut\u00f3noma de Buenos Aires (CABA)<\/strong>. \u201cA vos se\u00f1ora Bullrich, vieja mafiosa, dej\u00e1 de embarrar la cancha y echar le\u00f1a al fuego.<strong>&nbsp;Porque estamos internados ac\u00e1 en Buenos Aires, vamos a empezar a dejar muertos ac\u00e1<\/strong>\u201d.<\/p>\n\n\n\n<p>Con la firma de la ministra, se public\u00f3 en el Bolet\u00edn Oficial la&nbsp;<strong>Resoluci\u00f3n 1295\/2024<\/strong>&nbsp;donde se indic\u00f3 que miembros de una organizaci\u00f3n criminal difundieron un video donde pretendieron intimidar a la poblaci\u00f3n en general como as\u00ed tambi\u00e9n a Bullrich y Pullaro. Por tal motivo, se plante\u00f3 que \u201c<strong>resultaba necesario y urgente identificar a los autores&nbsp;<\/strong>de las mencionadas conductas delictivas, que constituyen un caso de&nbsp;<strong>gravedad institucional con trascendencia a nivel nacional e internacional\u201d.<\/strong><\/p>\n\n\n\n<p>Fuentes del caso indicaron que los<strong>&nbsp;mamelucos blancos<\/strong>&nbsp;que cubren la totalidad del cuerpo de los cuatro presuntos soldados narcos ten\u00edan una doble funci\u00f3n: ocultar sus rostros y, a la vez,&nbsp;<strong>mantener fuera de la vista cualquier tatuaje con los que puedan ser identificados.&nbsp;<\/strong>Lo mismo ocurre con los&nbsp;<strong>guantes quir\u00fargicos&nbsp;<\/strong>que llevan, una imagen que ya se vio en el video de&nbsp;<a href=\"https:\/\/www.infobae.com\/sociedad\/policiales\/2022\/11\/14\/la-nueva-estrategia-terrorista-de-los-monos-balearon-el-penal-de-marcos-paz-tras-difundir-una-amenaza-en-los-medios\/\"><em><strong>una amenaza al Servicio Penitenciario<\/strong><\/em><\/a><em><strong>&nbsp;Federal<\/strong><\/em>&nbsp;adjudicada a Los Monos, la banda narco rosarina.<img decoding=\"async\" loading=\"lazy\" alt=\"Patricia Bullrich, blanco de las amenazas\" height=\"1080\" src=\"https:\/\/www.infobae.com\/resizer\/v2\/6U7BO5HTNJGGJOVGKC5I4GOCPU.jpg?auth=20f4c188c8d2f92758fa613b5e31799385acf0b8c9d583520baf3f7f5cc60e92&amp;smart=true&amp;width=350&amp;height=197&amp;quality=85\" width=\"1920\">Patricia Bullrich, blanco de las amenazas<\/p>\n\n\n\n<p>Frente al mensaje, el Gobierno no tard\u00f3 en responder con un comunicado:\u201c<strong>No se equivoquen, con nosotros nunca podr\u00e1n<\/strong>\u201d, afirm\u00f3 el Ejecutivo. Bullrich, en tanto, consider\u00f3 que la amenaza \u201c<strong>puede estar ligada a bandas muy fuertes de la Provincia de Buenos Aires<\/strong>\u201d. Adem\u00e1s, anunci\u00f3 el lanzamiento del\u00a0<strong>Plan de Seguridad 90-10<\/strong>, que estar\u00e1 enfocado en combatir los altos \u00edndices de homicidios en zonas cr\u00edticas del pa\u00eds. \u201c<strong>El video no fue enviado a ninguna cuenta, sino puesto en las redes para que nosotros podamos detectarlo, que no era muy dif\u00edcil<\/strong>\u201d, coment\u00f3 la funcionaria.<\/p>\n\n\n\n<p>Luego del\u00a0<strong>comunicado<\/strong><a href=\"https:\/\/www.infobae.com\/politica\/2024\/12\/02\/la-respuesta-del-gobierno-tras-la-amenaza-del-narcoterrorismo-a-bullrich-no-se-equivoquen-con-nosotros-nunca-podran\/\"><strong>\u00a0<\/strong><\/a><strong>emitido po el Gobierno nacional<\/strong>, Pullaro respondi\u00f3 a los narcoterroristas y consider\u00f3 que el mensaje \u201ctiene una intencionalidad de amedrentar las pol\u00edticas p\u00fablicas\u201d. Al respecto, el gobernador asegur\u00f3 que hace un a\u00f1o la situaci\u00f3n era diferente porque \u201chay una pol\u00edtica de seguridad muy fuerte que molesta a las organizaciones criminales que con este tipo de acciones pretenden condicionarnos\u201d sin embargo \u201cnada nos va a hacer volver atr\u00e1s\u201d, afirm\u00f3.<\/p>\n\n\n\n<p>El ministro de Seguridad de Santa Fe,&nbsp;<strong>Pablo Cococcioli<\/strong>, dijo que la difusi\u00f3n del video motiv\u00f3 \u201cuna elevaci\u00f3n del nivel de alerta en todo el despliegue operativo, particularmente en Rosario y alrededores\u201d.<\/p>\n","protected":false},"excerpt":{"rendered":"<p>Fueron capturados por Gendarmer\u00eda en un operativo ordenado por la jueza Mar\u00eda Servini. Se espera que los trasladen a Comodoro Py en las pr\u00f3ximas horas para ser indagados. Efectivos de&nbsp;Gendarmer\u00eda Nacional&nbsp;arrestaron en las \u00faltimas horas a&nbsp;siete sospechosos&nbsp;por la amenaza filmada en video contra la ministra de Seguridad&nbsp;Patricia Bullrich&nbsp;y el gobernador&nbsp;Maximiliano Pullaro. Los sospechosos -tres en [&hellip;]<\/p>\n","protected":false},"author":5,"featured_media":420346,"comment_status":"open","ping_status":"open","sticky":false,"template":"","format":"standard","meta":{"_stopmodifiedupdate":false,"_modified_date":"","inline_featured_image":false,"spay_email":"","jetpack_publicize_message":""},"categories":[2],"tags":[],"jetpack_featured_media_url":"https:\/\/notinor.com\/jujuy\/wp-content\/uploads\/2024\/12\/AMENAZA-2.jpg","jetpack_publicize_connections":[],"_links":{"self":[{"href":"https:\/\/notinor.com\/jujuy\/wp-json\/wp\/v2\/posts\/420345"}],"collection":[{"href":"https:\/\/notinor.com\/jujuy\/wp-json\/wp\/v2\/posts"}],"about":[{"href":"https:\/\/notinor.com\/jujuy\/wp-json\/wp\/v2\/types\/post"}],"author":[{"embeddable":true,"href":"https:\/\/notinor.com\/jujuy\/wp-json\/wp\/v2\/users\/5"}],"replies":[{"embeddable":true,"href":"https:\/\/notinor.com\/jujuy\/wp-json\/wp\/v2\/comments?post=420345"}],"version-history":[{"count":1,"href":"https:\/\/notinor.com\/jujuy\/wp-json\/wp\/v2\/posts\/420345\/revisions"}],"predecessor-version":[{"id":420347,"href":"https:\/\/notinor.com\/jujuy\/wp-json\/wp\/v2\/posts\/420345\/revisions\/420347"}],"wp:featuredmedia":[{"embeddable":true,"href":"https:\/\/notinor.com\/jujuy\/wp-json\/wp\/v2\/media\/420346"}],"wp:attachment":[{"href":"https:\/\/notinor.com\/jujuy\/wp-json\/wp\/v2\/media?parent=420345"}],"wp:term":[{"taxonomy":"category","embeddable":true,"href":"https:\/\/notinor.com\/jujuy\/wp-json\/wp\/v2\/categories?post=420345"},{"taxonomy":"post_tag","embeddable":true,"href":"https:\/\/notinor.com\/jujuy\/wp-json\/wp\/v2\/tags?post=420345"}],"curies":[{"name":"wp","href":"https:\/\/api.w.org\/{rel}","templated":true}]}}