{"id":420328,"date":"2024-12-05T09:46:29","date_gmt":"2024-12-05T12:46:29","guid":{"rendered":"https:\/\/notinor.com\/jujuy\/?p=420328"},"modified":"2024-12-05T09:56:22","modified_gmt":"2024-12-05T12:56:22","slug":"ejesa-realizara-tareas-de-0mmantenimiento-de-redes-electricas-este-viernes-en-b-santa-rosa-ente-calles-gaspar-rosso-tanco-33-orientales-pemberton","status":"publish","type":"post","link":"https:\/\/notinor.com\/jujuy\/ejesa-realizara-tareas-de-0mmantenimiento-de-redes-electricas-este-viernes-en-b-santa-rosa-ente-calles-gaspar-rosso-tanco-33-orientales-pemberton\/","title":{"rendered":"EJESA realizar\u00e1 tareas de mantenimiento de redes el\u00e9ctricas este viernes en B\u00b0 Santa Rosa (ente calles Gaspar Rosso, Tanco, 33 Orientales, Pemberton)"},"content":{"rendered":"\n<p class=\"has-medium-font-size\"><strong><em>&nbsp;Informamos&nbsp;que, con el objeto de&nbsp;elevar la calidad de nuestro servicio,&nbsp;se realizar\u00e1n tareas de&nbsp;mantenimiento y renovaci\u00f3n&nbsp;en las instalaciones de nuestro sistema.<\/em><\/strong><\/p>\n\n\n<div class=\"wp-block-image\">\n<figure class=\"aligncenter size-full\"><img decoding=\"async\" loading=\"lazy\" width=\"766\" height=\"470\" src=\"https:\/\/notinor.com\/jujuy\/wp-content\/uploads\/2024\/12\/calle-tanco.jpg\" alt=\"\" class=\"wp-image-420330\" srcset=\"https:\/\/notinor.com\/jujuy\/wp-content\/uploads\/2024\/12\/calle-tanco.jpg 766w, https:\/\/notinor.com\/jujuy\/wp-content\/uploads\/2024\/12\/calle-tanco-595x365.jpg 595w, https:\/\/notinor.com\/jujuy\/wp-content\/uploads\/2024\/12\/calle-tanco-750x460.jpg 750w\" sizes=\"(max-width: 766px) 100vw, 766px\" \/><\/figure><\/div>\n\n\n<p>Con este fin, ser\u00e1 necesario efectuar una&nbsp;interrupci\u00f3n programada en las siguientes zonas y horarios:<\/p>\n\n\n\n<p>\ud83d\udcccSAN SALVADOR DE JUJUY<\/p>\n\n\n\n<p>\ud83d\uddd3\ufe0f VIERNES 06\/12\/2024&nbsp;&nbsp;&nbsp;&nbsp;&nbsp;&nbsp;&nbsp;&nbsp;&nbsp;&nbsp;&nbsp;&nbsp;&nbsp;&nbsp;&nbsp;&nbsp;&nbsp;&nbsp;&nbsp;&nbsp;&nbsp;&nbsp;&nbsp;&nbsp;&nbsp;&nbsp;&nbsp;&nbsp;&nbsp;&nbsp;&nbsp;&nbsp;&nbsp;&nbsp;&nbsp;&nbsp;&nbsp;&nbsp;&nbsp;&nbsp;&nbsp;&nbsp;&nbsp;&nbsp;&nbsp;&nbsp;&nbsp;&nbsp;&nbsp;&nbsp;&nbsp;&nbsp;&nbsp;&nbsp;&nbsp;&nbsp;&nbsp;&nbsp;&nbsp;&nbsp;&nbsp;<\/p>\n\n\n\n<p>\ud83d\udd52&nbsp;De 09:00 a 10:00 Hs aprox.<\/p>\n\n\n\n<p>Zonas: B\u00b0 Santa Rosa (ente calles Gaspar Rosso, Tanco, 33 Orientales, Pemberton) y zonas aleda\u00f1as.<\/p>\n\n\n\n<p>Agradecemos tomar las precauciones necesarias durante la duraci\u00f3n de dicha interrupci\u00f3n a fin de evitar mayores inconvenientes.<\/p>\n\n\n\n<p>Por consultas y\/o requerimientos te recordamos nuestros canales oficiales de contacto disponibles las 24hs. A trav\u00e9s de este link:&nbsp;<a href=\"https:\/\/linktr.ee\/ejesa\" target=\"_blank\" rel=\"noreferrer noopener\">https:\/\/linktr.ee\/ejesa<\/a><\/p>\n","protected":false},"excerpt":{"rendered":"<p>&nbsp;Informamos&nbsp;que, con el objeto de&nbsp;elevar la calidad de nuestro servicio,&nbsp;se realizar\u00e1n tareas de&nbsp;mantenimiento y renovaci\u00f3n&nbsp;en las instalaciones de nuestro sistema. Con este fin, ser\u00e1 necesario efectuar una&nbsp;interrupci\u00f3n programada en las siguientes zonas y horarios: \ud83d\udcccSAN SALVADOR DE JUJUY \ud83d\uddd3\ufe0f VIERNES 06\/12\/2024&nbsp;&nbsp;&nbsp;&nbsp;&nbsp;&nbsp;&nbsp;&nbsp;&nbsp;&nbsp;&nbsp;&nbsp;&nbsp;&nbsp;&nbsp;&nbsp;&nbsp;&nbsp;&nbsp;&nbsp;&nbsp;&nbsp;&nbsp;&nbsp;&nbsp;&nbsp;&nbsp;&nbsp;&nbsp;&nbsp;&nbsp;&nbsp;&nbsp;&nbsp;&nbsp;&nbsp;&nbsp;&nbsp;&nbsp;&nbsp;&nbsp;&nbsp;&nbsp;&nbsp;&nbsp;&nbsp;&nbsp;&nbsp;&nbsp;&nbsp;&nbsp;&nbsp;&nbsp;&nbsp;&nbsp;&nbsp;&nbsp;&nbsp;&nbsp;&nbsp;&nbsp; \ud83d\udd52&nbsp;De 09:00 a 10:00 Hs aprox. Zonas: B\u00b0 Santa Rosa (ente calles Gaspar Rosso, [&hellip;]<\/p>\n","protected":false},"author":5,"featured_media":420329,"comment_status":"open","ping_status":"open","sticky":false,"template":"","format":"standard","meta":{"_stopmodifiedupdate":false,"_modified_date":"","inline_featured_image":false,"spay_email":"","jetpack_publicize_message":""},"categories":[514],"tags":[],"jetpack_featured_media_url":"https:\/\/notinor.com\/jujuy\/wp-content\/uploads\/2024\/12\/calle-gaspar-rosso.jpg","jetpack_publicize_connections":[],"_links":{"self":[{"href":"https:\/\/notinor.com\/jujuy\/wp-json\/wp\/v2\/posts\/420328"}],"collection":[{"href":"https:\/\/notinor.com\/jujuy\/wp-json\/wp\/v2\/posts"}],"about":[{"href":"https:\/\/notinor.com\/jujuy\/wp-json\/wp\/v2\/types\/post"}],"author":[{"embeddable":true,"href":"https:\/\/notinor.com\/jujuy\/wp-json\/wp\/v2\/users\/5"}],"replies":[{"embeddable":true,"href":"https:\/\/notinor.com\/jujuy\/wp-json\/wp\/v2\/comments?post=420328"}],"version-history":[{"count":2,"href":"https:\/\/notinor.com\/jujuy\/wp-json\/wp\/v2\/posts\/420328\/revisions"}],"predecessor-version":[{"id":420333,"href":"https:\/\/notinor.com\/jujuy\/wp-json\/wp\/v2\/posts\/420328\/revisions\/420333"}],"wp:featuredmedia":[{"embeddable":true,"href":"https:\/\/notinor.com\/jujuy\/wp-json\/wp\/v2\/media\/420329"}],"wp:attachment":[{"href":"https:\/\/notinor.com\/jujuy\/wp-json\/wp\/v2\/media?parent=420328"}],"wp:term":[{"taxonomy":"category","embeddable":true,"href":"https:\/\/notinor.com\/jujuy\/wp-json\/wp\/v2\/categories?post=420328"},{"taxonomy":"post_tag","embeddable":true,"href":"https:\/\/notinor.com\/jujuy\/wp-json\/wp\/v2\/tags?post=420328"}],"curies":[{"name":"wp","href":"https:\/\/api.w.org\/{rel}","templated":true}]}}