{"id":420309,"date":"2024-12-04T23:47:50","date_gmt":"2024-12-05T02:47:50","guid":{"rendered":"https:\/\/notinor.com\/jujuy\/?p=420309"},"modified":"2024-12-04T23:47:51","modified_gmt":"2024-12-05T02:47:51","slug":"javier-milei-esto-se-trata-de-poder-y-si-no-lo-tenemos-nosotros-lo-tienen-los-zurdos-de-mierda","status":"publish","type":"post","link":"https:\/\/notinor.com\/jujuy\/javier-milei-esto-se-trata-de-poder-y-si-no-lo-tenemos-nosotros-lo-tienen-los-zurdos-de-mierda\/","title":{"rendered":"Javier Milei: \u201cEsto se trata de poder y si no lo tenemos nosotros lo tienen los zurdos de mierda\u201d"},"content":{"rendered":"\n<p class=\"has-medium-font-size\"><strong><em>El Presidente dio el discurso de cierre en la CPAC Argentina, principal foro de debate conservador a nivel mundial, y present\u00f3 los 10 puntos de un dec\u00e1logo sobre poder, gesti\u00f3n y la divisi\u00f3n entre socialismo y liberalismo. \u201cSi no damos la batalla cultural no importa cu\u00e1n buenos seamos gestionando\u201d, afirm\u00f3.<\/em><\/strong><\/p>\n\n\n\n<p><\/p>\n\n\n<div class=\"wp-block-image\">\n<figure class=\"aligncenter size-full\"><img decoding=\"async\" loading=\"lazy\" width=\"800\" height=\"450\" src=\"https:\/\/notinor.com\/jujuy\/wp-content\/uploads\/2024\/12\/javier-milei.jpg\" alt=\"\" class=\"wp-image-420310\" srcset=\"https:\/\/notinor.com\/jujuy\/wp-content\/uploads\/2024\/12\/javier-milei.jpg 800w, https:\/\/notinor.com\/jujuy\/wp-content\/uploads\/2024\/12\/javier-milei-649x365.jpg 649w, https:\/\/notinor.com\/jujuy\/wp-content\/uploads\/2024\/12\/javier-milei-500x280.jpg 500w, https:\/\/notinor.com\/jujuy\/wp-content\/uploads\/2024\/12\/javier-milei-768x432.jpg 768w, https:\/\/notinor.com\/jujuy\/wp-content\/uploads\/2024\/12\/javier-milei-750x422.jpg 750w\" sizes=\"(max-width: 800px) 100vw, 800px\" \/><\/figure><\/div>\n\n\n<p><\/p>\n\n\n\n<p>Javier Milei dio el discurso de cierre de la CPAC Argentina, uno de los foros de debate conservadores m\u00e1s importantes del mundo, que reuni\u00f3 a cientos de referentes de derecha de Estados Unidos, Brasil y Argentina, entre otros pa\u00edses. All\u00ed, <strong>el Presidente brind\u00f3 una encendida alocuci\u00f3n que cosech\u00f3 m\u00faltiples aplausos y ovaciones: apunt\u00f3 contra la Izquierda, contra presidentes y ex presidentes de la regi\u00f3n, defendi\u00f3 su gesti\u00f3n, nombr\u00f3 a sus principales funcionarios y destac\u00f3 por sobre todas las cosas la batalla cultural que est\u00e1 llevando adelante el liberalismo.<\/strong><\/p>\n\n\n\n<p><strong>El jefe de Estado present\u00f3 10 puntos de un dec\u00e1logo cuyo objetivo final fue marcar la fuerte divisi\u00f3n entre la izquierda y la derecha y la lucha de poder entre ambas ideolog\u00edas. \u201cNo s\u00f3lo es un dec\u00e1logo para los argentinos, si no tambi\u00e9n para quienes comparten nuestras ideas en el resto del mundo\u201d,<\/strong> resalt\u00f3 Milei. A continuaci\u00f3n, cada uno de los puntos del dec\u00e1logo, tal como los expuso el Presidente:<\/p>\n\n\n\n<p><strong>1. Es mejor decir una verdad inc\u00f3moda que una mentira confortable. \u201cPorque no hay medida que funcione si el diagn\u00f3stico previo tiene pies de barro. Intentar ajustar la realidad de un modelo fallido siempre resulta en cat\u00e1strofe por m\u00e1s buenas intenciones que uno tenga.<\/strong> Si la salida es antip\u00e1tica, mejor pasar el mal trago lo antes posible. El problema de los pol\u00edticos siempre fue que tuvieron miedo a perder sus privilegios si le dec\u00edan la verdad a la gente, nadie quer\u00eda ser piantavotos. Bueno, las mentiras al principio pueden caminar, pero a la larga tienen patas cortas. Miren lo que pas\u00f3 el a\u00f1o pasado, la gran mentira que fue el modelo del Estado presente, una casa de naipes realmente. Se termin\u00f3 cayendo sobre s\u00ed misma. Y estaban tan acostumbrados a refinanciar la cuenta corriente de la mentira con m\u00e1s mentiras que terminaron subestimando a la gente, que los ech\u00f3 a patadas\u201d.<\/p>\n\n\n\n<p><strong>2. Nos importa un r\u00e1bano la opini\u00f3n de los pol\u00edticos sobre casi todos los temas. \u201cYo creo que la mejor frase a eso se la puso el querid\u00edsimo Daniel Parisini, el Gordo Dan. Aqu\u00ed lo importante es compartir un diagn\u00f3stico acerca del sistema, el modelo de la casta es un esquema de extracci\u00f3n de riqueza de los pol\u00edticos en perjuicio de la sociedad, <\/strong>o sea, en el modelo de la casta los argentinos de bien tienen que perder para que los pol\u00edticos ganen. Son v\u00edctimas de los pol\u00edticos chupasangres. No es casualidad que por lo general cuanto m\u00e1s votos tiene un proyecto de ley en el Congreso, peor es para la sociedad. Recuerden que en la pandemia se pusieron todos de acuerdo para encerrarnos. Esto quiere decir que escuchar a un pol\u00edtico en cualquier materia es autom\u00e1ticamente darle la espalda a los argentinos. Se los recomiendo como heur\u00edstica general: ante cualquier tema preg\u00fantense: \u00bflo pide la pol\u00edtica o lo pide la sociedad? Si lo pide \u00fanicamente la pol\u00edtica, a priori es el camino equivocado, punto. O como dir\u00eda Adorni: fin\u201d.<\/p>\n\n\n\n<p><strong>3. Nunca hay que negociar las ideas para rascar un voto. \u201cNunca hay que negociar las ideas para rascar un voto. Negar tus convicciones para atraer votos te va a dejar sin convicciones y sin votos. Hay muchos dirigentes pol\u00edticos argentinos que lo pueden atestiguar, el peor pecado que uno puede cometer es traicionarse a uno mismo.<\/strong> Esto es, sacrific\u00e1s lo m\u00e1s preciado que ten\u00e9s, que es tu identidad y el valor de tu palabra y a la larga es en vano, porque no funciona, la gente no es tonta y se da cuenta cuando un pol\u00edtico miente. Lo mismo aplica para conformar un espacio pol\u00edtico. Para nosotros el concepto americano de partido catch all no funciona, no van a encontrar aqu\u00ed como en otros partidos a dirigentes que dicen una cosa, sentados al lado de dirigentes que dicen lo contrario. Sumar por sumar resta, porque en pol\u00edtica el todo a veces termina siendo menos que la suma de las partes. Bueno, al final lo pidieron tanto, hablaron todos del \u00b4siniestro\u00b4, el p\u00e1rrafo estaba dedicado al \u00b4siniestro\u00b4 (En alusi\u00f3n a Horacio Rodr\u00edguez Larreta). En definitiva, en la Libertad Avanza defendemos de forma cerrada un conjunto innegociable de principios: que el libre mercado produce prosperidad para todos, que el gobierno tiene que ser limitado, que los argentinos saben mejor que un bur\u00f3crata c\u00f3mo producir, a qui\u00e9n emplear y con qui\u00e9n comerciar y que el que las hace las paga. En resumen, defendemos la vida, la libertad y la propiedad privada a rajatabla. Cualquiera que quiera defender estas ideas espalda con espalda con nosotros es bienvenido, sea quien sea y haya estado donde haya estado, pero las ideas no se negocian.<\/p>\n\n\n\n<p><strong>4. A diferencia de la econom\u00eda, la pol\u00edtica y el poder es un juego de suma cero. \u201cEsto lo deber\u00edan aprender los liberales de copet\u00edn, campeones del onanismo. Esto quiere decir que los espacios de poder que no ocupamos nosotros, los ocupa el adversario. Es decir los ocupa la izquierda.<\/strong> Por eso debemos ser decididos y ser pr\u00e1cticos, no hay que tenerle asco a ejercer el poder, hay que usar las armas del enemigo, pol\u00edticamente hablando no podemos seguir usando mosquetes en la era de los drones. En la batalla cultural ellos establecieron las reglas y nosotros tenemos no solo que estar a la altura, tenemos que superarlos. Esto es muy importante. Yo a veces me pregunto, digo, cuando miro los comentarios de los liberales de copet\u00edn, los libertarados, la pregunta es: \u00bfacaso se sentir\u00edan mejor con gobiernos de izquierda? \u00bfacaso estar\u00edan mejor con el kirchnerismo? Bueno, un imb\u00e9cil lo dijo, dijo que era lo mismo que Massa. No, pero bueno, parece que tenemos en la fauna algunos que la envidia, el odio, el resentimiento les meti\u00f3 un habano en la cabeza, pero de otro material, o sea, de materia fecal\u201d.<\/p>\n\n\n\n<p><strong>5. La \u00fanica forma de combatir el mal organizado es con el bien organizado. \u201cAc\u00e1 hay una frase que yo la poste\u00e9 hace unos d\u00edas en Instagram, que la sol\u00eda repetir Ludwig von Mises, que es de Virgilio y que dice que no hay que ceder frente al mal, hay que combatirlo con m\u00e1s fuerza. Es decir: no cedamos frente al mal, no cedamos frente al socialismo, hay que combatirlo con m\u00e1s fuerza y terminar de sacarlos a patadas en el culo. (...) Pol\u00edtica, esto se trata de poder. <\/strong>Y si no lo tenemos nosotros, lo tienen los zurdos de mierda. En este sentido, por creer que los liberales no somos manadas, muchos han ca\u00eddo en la trampa de no organizarse. Se pretend\u00eda combatir un ejercicio bien aceitado con un agregado an\u00e1rquico de librepensadores. Cre\u00edan que eso era ser liberales. Lo \u00fanico que se logr\u00f3 con eso es un sinf\u00edn de derrotas dignas, para que los liberales de caf\u00e9 tengan la conciencia tranquila. Pero principalmente nos cost\u00f3 100 a\u00f1os de atropello a las libertades individuales, nunca m\u00e1s podemos darnos el lujo de cometer ese error. Ya he dicho que vine a despertar leones, justamente los leones cazan en grupos. Son las ovejas las que corren cada una por su lado cuando son atacadas.<\/p>\n\n\n\n<p><strong>6. Cuando el adversario es fuerte la \u00fanica forma de derrotarlo es con una fuerza mayor. \u201cEsto, no solo es un principio de la pol\u00edtica, sino tambi\u00e9n de la f\u00edsica, hay que ser inclementes y nunca ceder un cent\u00edmetro, no se puede levantar la bandera blanca frente a la izquierda. Intentar apaciguarla no es una opci\u00f3n. Tenemos que ser conscientes de que ellos no act\u00faan desde la buena fe, sino desde una ambici\u00f3n criminal por el poder. <\/strong>Prefieren que el pa\u00eds colapse antes de ver que prospere sin ellos, prefieren reinar en el infierno que servir en el cielo y si tiene que transformar el cielo en el infierno para mantenerse en el poder, lo van a hacer. Por eso no hay lugar a quienes reclaman consenso, formas y buenos modales. Las formas son medios: se las eval\u00faa seg\u00fan su efectividad para alcanzar determinados fines. Y hoy someternos a la exigencia de las formas es levantar una bandera blanca frente a un enemigo inclemente. El fuego se combate con fuego y si nos acusan de violentos les recuerdo que nosotros somos la reacci\u00f3n a 100 a\u00f1os de atropello. (...) Si ustedes van con las buenas formitas, \u00bfqu\u00e9 va a pasar? Los van a pasar por arriba. Nosotros no nos vamos a dejar pasar por arriba por los neandertales.<\/p>\n\n\n\n<p><strong>7. Retroceder nunca, la mejor defensa es siempre un buen ataque. \u201cCuando el adversario canta retruco, nosotros cantamos quiero vale cuatro. Siempre acelerar y caminando hacia el fuego. La mejor defensa es siempre un buen ataque. <\/strong>Cuando nos estamos defendiendo perdemos la iniciativa, perdemos la agilidad y estamos aceptando los t\u00e9rminos de discusi\u00f3n deshonestas del enemigo, pero no somos los que tenemos que darles explicaciones a ellos, \u00bfc\u00f3mo vamos a serlo, si los responsables de ese desastre y de haber hundido al pa\u00eds en el sexto subsuelo, son precisamente ellos? Adem\u00e1s, si cedemos, ellos lo percibir\u00e1n como una se\u00f1al de debilidad. Nos hemos dado cuenta r\u00e1pidamente de que su estrategia se basa en la amenaza y la intimidaci\u00f3n. Por eso siempre que recibimos un golpe, hay que subir la apuesta y responder con tres.<\/p>\n\n\n\n<p><strong>8. Dar la batalla cultural desde el poder es una obligaci\u00f3n. \u201cEllos ya ocupan lugares de influencia, pero nosotros tambi\u00e9n ya empezamos a ganarnos algunos espacios. Por eso debemos aprovecharlos, porque las ideas lamentablemente no ganan por m\u00e9rito propio, deben ser promovidas activamente, la izquierda es la prueba de que las ideas m\u00e1s terribles pueden triunfar culturalmente si tienen un buen marketing.<\/strong> Imaginen cu\u00e1nto tenemos por ganar nosotros que tenemos ideas que s\u00ed funcionan. Por eso dedicamos tiempo y esfuerzo no solo a solucionar la hecatombe econ\u00f3mica que nos dejaron, tambi\u00e9n vamos a asegurarnos de que las ideas que arruinaron no jueguen solas en la arena p\u00fablica. Por eso, de vuelta, espacio, valoremos espacios como CPAC, porque es el lugar para venir y seguir aliment\u00e1ndonos entre nosotros para hacer crecer las ideas y para tener digamos, una experiencia de c\u00f3mo enfrentar a este enemigo tan bien organizado.<\/p>\n\n\n\n<p><strong>9. La \u00fanica forma de combatir al socialismo es desde la derecha. \u201cEl extremo centro es funcional a la izquierda. Los tibios que quieren ir por el medio lo \u00fanico que hacen es regalarle terreno a la izquierda. Somos esc\u00e9pticos del consenso y el di\u00e1logo, no nos interesa continuar con los famosos consensos de la pol\u00edtica, que no son m\u00e1s que pactos para seguir viviendo eternamente del pagador de impuestos. Hemos venido a romper con todos esos mal llamados consensos. <\/strong>Digo mal llamados porque fueron acuerdos internos entre la clase pol\u00edtica sin consultar al ciudadano que es el que paga la fiesta. Lo que ellos llaman consensos es entre ellos, entre quienes quieren mantener el status quo de privilegios para los pol\u00edticos. No puede haber consenso entre el bien y el mal, entre lo inmoral y lo moral. Yo recuerdo que en mi defensa contra el centrismo bien pensante, acerca de esta estupidez de ir por el centro, como si en el medio estar\u00eda lo \u00f3ptimo, siguiendo a estos imb\u00e9ciles les propon\u00eda dos opciones. Estamos de acuerdo en que respetar la vida est\u00e1 bien y el asesinato est\u00e1 mal. Seg\u00fan estos imb\u00e9ciles hay algo \u00f3ptimo entre la muerte y la vida, que ser\u00eda la tortura. Est\u00e1 claro lo que est\u00e1 bien y lo que est\u00e1 mal, y con el mal no se tranza. Los partidos del centro son la oposici\u00f3n controlada de la izquierda, siempre dispuestos a ser los garantes de sus reformas, las legitiman desde sus posturas de conciliaci\u00f3n y moderaci\u00f3n. Se presentan como el justo medio entre los extremos peligrosos, pero siempre son los primeros en apoyar el aborto, el ambientalismo radical, el feminismo radical, y todas las agendas del socialismo globalista. Nos acusan de supuesta intolerancia y reivindican dictaduras asesinas, como la de Castro y el dictador Maduro. Son miembros de la casta que arruin\u00f3 este pa\u00eds un poco con ideas propias y otro poco por no tener el coraje de enfrentar a la izquierda m\u00e1s recalcitrante. Los obsesionados con las formas y la tolerancia me tienen las pelotas por el piso, levantar la voz es para ellos peor que la violaci\u00f3n sistem\u00e1tica de nuestros derechos fundamentales. Son los mismos que amparados en la supuesta moderaci\u00f3n han bloqueado muchas de nuestras reformas junto con el kirchnerismo. El extremo centro a la larga se manifiesta como lo que es, funcional a la izquierda criminal\u201d.<\/p>\n\n\n\n<p><strong>10. Nosotros defendemos una causa justa y noble, mucho m\u00e1s grande que cada uno de nosotros, las personas somos meros instrumentos en esta causa y tenemos que estar dispuestos a dar la vida por ella. Hablo ni m\u00e1s ni menos que de la idea hist\u00f3rica de occidente, una causa intergeneracional. <\/strong>Somos un hilo que recorre milenios, la causa de los fil\u00f3sofos atenienses que con Alejandro Magno cabalg\u00f3 a Egipto y a Asia, que los romanos consolidaron en el primer imperio multicontinental, que renaci\u00f3 de las invasiones b\u00e1rbaras en las abad\u00edas y las cortes de Carlo Magno, que resisti\u00f3 a los \u00e1rabes y reconquist\u00f3 Espa\u00f1a. Que cruz\u00f3 el oc\u00e9ano y coloniz\u00f3 Am\u00e9rica. La misma causa que nos convirti\u00f3 en ciudadanos y nos liber\u00f3 del yugo del tirano. La causa que descubri\u00f3 el m\u00e9todo cient\u00edfico e industrializ\u00f3 al planeta tierra y con el capitalismo de libre empresa sac\u00f3 de la miseria a miles de millones de seres humanos. La misma causa que nos llev\u00f3 al espacio exterior, a la luna, y har\u00e1 de la especie humana una civilizaci\u00f3n interplanetaria. . , lo que nos convirti\u00f3 en ciudadanos, que descubri\u00f3 el m\u00e9todo cient\u00edfico, que con el capitalismo de libre empresa hizo progresar a la sociedad, hablo de la gran gesta civilizatoria que es occidente. Es la l\u00ednea hist\u00f3rica que venimos a restaurar. Es demasiado trascendente para comprender para el pol\u00edtico profesional que s\u00f3lo piensa en su beneficio. No hay lugar para el yo, si quieren pensar en la propia v\u00e1yanse a su casa, lo que est\u00e1 en juego es demasiado grande.<\/p>\n\n\n\n<p>Durante el acto, Milei resalt\u00f3 que \u201choy en el mundo se respiran nuevos vientos de libertad, de la mano de Donald Trump\u201d y afirm\u00f3 que \u201ces una oportunidad hist\u00f3rica\u201d. Pero advirti\u00f3:<strong> \u201cNo alcanza con gestionar bien, es necesaria la batalla cultural y en eso CPAC es fundamental, para coordinar que los zurdos no nos entren por cualquier lado. Necesitamos proteger la cabeza, sus ideas, porque si se fortalecen el cuerpo, pero no las ideas, las fieras los van a comer igual. Justamente eso hace CPAC, cuida la cabeza, son los guardianes de las ideas\u201d.<\/strong><\/p>\n","protected":false},"excerpt":{"rendered":"<p>El Presidente dio el discurso de cierre en la CPAC Argentina, principal foro de debate conservador a nivel mundial, y present\u00f3 los 10 puntos de un dec\u00e1logo sobre poder, gesti\u00f3n y la divisi\u00f3n entre socialismo y liberalismo. \u201cSi no damos la batalla cultural no importa cu\u00e1n buenos seamos gestionando\u201d, afirm\u00f3. Javier Milei dio el discurso [&hellip;]<\/p>\n","protected":false},"author":49,"featured_media":420310,"comment_status":"open","ping_status":"open","sticky":false,"template":"","format":"standard","meta":{"_stopmodifiedupdate":false,"_modified_date":"","inline_featured_image":false,"spay_email":"","jetpack_publicize_message":""},"categories":[2,501],"tags":[],"jetpack_featured_media_url":"https:\/\/notinor.com\/jujuy\/wp-content\/uploads\/2024\/12\/javier-milei.jpg","jetpack_publicize_connections":[],"_links":{"self":[{"href":"https:\/\/notinor.com\/jujuy\/wp-json\/wp\/v2\/posts\/420309"}],"collection":[{"href":"https:\/\/notinor.com\/jujuy\/wp-json\/wp\/v2\/posts"}],"about":[{"href":"https:\/\/notinor.com\/jujuy\/wp-json\/wp\/v2\/types\/post"}],"author":[{"embeddable":true,"href":"https:\/\/notinor.com\/jujuy\/wp-json\/wp\/v2\/users\/49"}],"replies":[{"embeddable":true,"href":"https:\/\/notinor.com\/jujuy\/wp-json\/wp\/v2\/comments?post=420309"}],"version-history":[{"count":1,"href":"https:\/\/notinor.com\/jujuy\/wp-json\/wp\/v2\/posts\/420309\/revisions"}],"predecessor-version":[{"id":420311,"href":"https:\/\/notinor.com\/jujuy\/wp-json\/wp\/v2\/posts\/420309\/revisions\/420311"}],"wp:featuredmedia":[{"embeddable":true,"href":"https:\/\/notinor.com\/jujuy\/wp-json\/wp\/v2\/media\/420310"}],"wp:attachment":[{"href":"https:\/\/notinor.com\/jujuy\/wp-json\/wp\/v2\/media?parent=420309"}],"wp:term":[{"taxonomy":"category","embeddable":true,"href":"https:\/\/notinor.com\/jujuy\/wp-json\/wp\/v2\/categories?post=420309"},{"taxonomy":"post_tag","embeddable":true,"href":"https:\/\/notinor.com\/jujuy\/wp-json\/wp\/v2\/tags?post=420309"}],"curies":[{"name":"wp","href":"https:\/\/api.w.org\/{rel}","templated":true}]}}