{"id":419553,"date":"2024-11-20T21:25:00","date_gmt":"2024-11-21T00:25:00","guid":{"rendered":"https:\/\/notinor.com\/jujuy\/?p=419553"},"modified":"2024-11-21T09:31:06","modified_gmt":"2024-11-21T12:31:06","slug":"el-intendente-jorge-oficializo-el-lanzamiento-de-los-premios-ricardo-vilca","status":"publish","type":"post","link":"https:\/\/notinor.com\/jujuy\/el-intendente-jorge-oficializo-el-lanzamiento-de-los-premios-ricardo-vilca\/","title":{"rendered":"El intendente Jorge oficializ\u00f3 el lanzamiento de los Premios Ricardo Vilca"},"content":{"rendered":"\n<p><strong><em>En el marco del mes de la M\u00fasica, San Salvador de Jujuy celebrar\u00e1 la tercera edici\u00f3n de los Premios Ricardo Vilca, una propuesta impulsada por el Concejo Deliberante que busca reconocer y destacar a los m\u00fasicos juje\u00f1os. Este evento que rinde tributo a la figura de Ricardo Vilca, ser\u00e1 abierto al p\u00fablico, qui\u00e9n podr\u00e1 votar a los ganadores por medio de las redes sociales del municipio.\u00a0\u00a0<\/em><\/strong><\/p>\n\n\n<div class=\"wp-block-image\">\n<figure class=\"aligncenter is-resized\"><a href=\"https:\/\/blogger.googleusercontent.com\/img\/b\/R29vZ2xl\/AVvXsEjGfNEYQXftVyVvos87BIKMBvn3OKKZTRbphrSfEVO8kZbgAJxU2rrAFgr-F532UEYpGNZLg5F4Gomj8zPm3hu0VnG4T2LZVKuPXwt366C7bGz2L7UbP7-h5lPCysN0NHSb6gOziNR1agRbYY00qC6ppz_9rX5v7Mc_DDHYGYXfJmKpT-l3hGj0AB8MBnRT\/s2286\/PREMIOS%20RICARDO%20VILCA%20-%20PRENSA%20MUNI%20JUJUY%201.jpg\"><img decoding=\"async\" loading=\"lazy\" src=\"https:\/\/blogger.googleusercontent.com\/img\/b\/R29vZ2xl\/AVvXsEjGfNEYQXftVyVvos87BIKMBvn3OKKZTRbphrSfEVO8kZbgAJxU2rrAFgr-F532UEYpGNZLg5F4Gomj8zPm3hu0VnG4T2LZVKuPXwt366C7bGz2L7UbP7-h5lPCysN0NHSb6gOziNR1agRbYY00qC6ppz_9rX5v7Mc_DDHYGYXfJmKpT-l3hGj0AB8MBnRT\/w640-h332\/PREMIOS%20RICARDO%20VILCA%20-%20PRENSA%20MUNI%20JUJUY%201.jpg\" alt=\"\" width=\"639\" height=\"331\"\/><\/a><\/figure><\/div>\n\n\n<p>Al respecto, el intendente Ra\u00fal \u201cChuli\u201d Jorge destac\u00f3 la importancia de homenajear a la cultura en la ciudad, \"es una feliz gesti\u00f3n que est\u00e1 realizando el Concejo Deliberante, que ha organizado un evento para premiar y celebrar la m\u00fasica y&nbsp; a los m\u00fasicos de Jujuy. Tenemos artistas incre\u00edbles en m\u00faltiples rubros y tambi\u00e9n se destaca esta figura trascendental y querida por todo Jujuy que ha sido el maestro Ricardo Vilca, un amigo de nuestra gesti\u00f3n que ahora se lo honra con este premio como uno de los m\u00fasicos m\u00e1s brillantes hist\u00f3ricos que tiene la provincia\u201d.<\/p>\n\n\n\n<p>Jorge, tambi\u00e9n subray\u00f3 la participaci\u00f3n popular como un elemento central del evento, \"hay un trabajo relevante y es que se va a abrir a la participaci\u00f3n popular, as\u00ed que van a estar expuestas las nominaciones para que a trav\u00e9s de las redes del municipio se puedan hacer las votaciones para que en el Centro Cultural \u00c9xodo Juje\u00f1o se pueda llevar a cabo el gran acto de premiaci\u00f3n, el 29 de noviembre probablemente\u201d.<\/p>\n\n\n\n<p>El presidente del Concejo Deliberante, Lisandro Aguiar, destac\u00f3 el esp\u00edritu de la iniciativa, \"esta ordenanza, que fue sancionada ya hace algunos a\u00f1os, celebra la cultura de Jujuy, la multiculturalidad que tiene nuestra ciudad y a esos artistas en distintos rubros que nos hacen pasar tan buenos momentos, nos llenan el alma. As\u00ed que, junto a la Secretar\u00eda de Cultura y Turismo, el Concejo Deliberante y todo el equipo de la Municipalidad estamos trabajando para reconocer y hacer participativo este proceso a trav\u00e9s de las redes y poder elegir, de un listado important\u00edsimo de artistas que tenemos en la ciudad, a nueve reconocidos\u201d.<\/p>\n\n\n<div class=\"wp-block-image\">\n<figure class=\"aligncenter\"><a href=\"https:\/\/blogger.googleusercontent.com\/img\/b\/R29vZ2xl\/AVvXsEg0BjU23yvJEjyIVOi-agQp0ZeVQK7mj9lmetnvGQm6b6B7nyTz1Bz5HTN-mwR6zWX2ocgVKkkw_X44Btl6YcQgrBGd3EZ68l_qy04leZqBRXfSEDyUXKdCU3VairZebiaL8WGXUfthAj1sp6fhyphenhyphenPCi7FQRzaxGv00oaelfMYuzVyXndLDwGk1O7uvB21UQ\/s3918\/PREMIOS%20RICARDO%20VILCA%20-%20PRENSA%20MUNI%20JUJUY%202.jpg\"><img decoding=\"async\" src=\"https:\/\/blogger.googleusercontent.com\/img\/b\/R29vZ2xl\/AVvXsEg0BjU23yvJEjyIVOi-agQp0ZeVQK7mj9lmetnvGQm6b6B7nyTz1Bz5HTN-mwR6zWX2ocgVKkkw_X44Btl6YcQgrBGd3EZ68l_qy04leZqBRXfSEDyUXKdCU3VairZebiaL8WGXUfthAj1sp6fhyphenhyphenPCi7FQRzaxGv00oaelfMYuzVyXndLDwGk1O7uvB21UQ\/w640-h242\/PREMIOS%20RICARDO%20VILCA%20-%20PRENSA%20MUNI%20JUJUY%202.jpg\" alt=\"\"\/><\/a><\/figure><\/div>\n\n\n<p>Por su parte, el secretario de Cultura y Turismo, Luciano C\u00f3rdoba,&nbsp;explic\u00f3 la relevancia de los premios dentro del contexto del mes de la M\u00fasica, \" estamos viviendo la Fiesta de la M\u00fasica, la sexta edici\u00f3n en la ciudad, con la creciente participaci\u00f3n de numerosos artistas, solistas y grupales. Una propuesta nacida en el Concejo Deliberante y que tiene el fin de reconocer a nuestros artistas. Los Premios Ricardo Vilca adem\u00e1s homenajean a este c\u00e9lebre m\u00fasico que ha marcado una huella muy profunda en nuestra cultura y se lanza a partir de hoy la nueva edici\u00f3n que lo que busca es reconocer en nueve categor\u00edas espec\u00edficas de estilos musicales a solistas o grupos que est\u00e1n en vigencia hoy en Jujuy\u201d.<a href=\"https:\/\/blogger.googleusercontent.com\/img\/b\/R29vZ2xl\/AVvXsEgFMVj7T6e1sa4uACdEkmEU0c0AGdSHZLDnJyJFEuB0NP0UVT46lLtQ2AFBjEeEMqYKuWZngIWFZ14f8cWwfviVlYoFoaGpLRwtFia1riZGxoncFEFvT3LJCdwUIceFeWxXZvhyphenhyphen1lWOGlWnfQl5YLVg8s9Rr93VJWEJ1JZyFvciO3oApKfjkF921ioIdvfc\/s2496\/PREMIOS%20RICARDO%20VILCA%20-%20PRENSA%20MUNI%20JUJUY%203.jpg\"><\/a><\/p>\n\n\n\n<p>Asimismo, resalt\u00f3 la din\u00e1mica del evento y la incorporaci\u00f3n de la votaci\u00f3n popular, \"este proceso va a tener votaci\u00f3n popular; a partir de este jueves 21 va a estar colgada toda la informaci\u00f3n: cu\u00e1les son las categor\u00edas y c\u00f3mo se puede votar en las redes del municipio y cultura. Vamos a trabajar para posicionar estos premios. As\u00ed que felicitamos por la iniciativa del Concejo Deliberante, al equipo que ha trabajado con la Direcci\u00f3n de Cultura y ahora manos a la obra para hacer el proceso de difusi\u00f3n. Ojal\u00e1 que participe mucha gente y elija a sus m\u00fasicos destacados en cada rubro\u201d.<\/p>\n\n\n\n<p>Sobre la categor\u00eda especial al reconocimiento de la trayectoria, se\u00f1al\u00f3, \"hay un premio a la trayectoria y espec\u00edficamente va a intervenir un jurado porque consideramos que, como es una categor\u00eda especial dentro de las nueve que tenemos, queremos que sea validado, adem\u00e1s de la votaci\u00f3n popular, por un jurado\u201d.<\/p>\n\n\n\n<p>Nota audiovisual:&nbsp;<a href=\"https:\/\/youtu.be\/zR3ysccCAU4\">https:\/\/youtu.be\/zR3ysccCAU4<\/a><\/p>\n","protected":false},"excerpt":{"rendered":"<p>En el marco del mes de la M\u00fasica, San Salvador de Jujuy celebrar\u00e1 la tercera edici\u00f3n de los Premios Ricardo Vilca, una propuesta impulsada por el Concejo Deliberante que busca reconocer y destacar a los m\u00fasicos juje\u00f1os. Este evento que rinde tributo a la figura de Ricardo Vilca, ser\u00e1 abierto al p\u00fablico, qui\u00e9n podr\u00e1 votar [&hellip;]<\/p>\n","protected":false},"author":5,"featured_media":419554,"comment_status":"open","ping_status":"open","sticky":false,"template":"","format":"standard","meta":{"_stopmodifiedupdate":false,"_modified_date":"","inline_featured_image":false,"spay_email":"","jetpack_publicize_message":""},"categories":[13],"tags":[],"jetpack_featured_media_url":"https:\/\/notinor.com\/jujuy\/wp-content\/uploads\/2024\/11\/MUSICA-5.jpg","jetpack_publicize_connections":[],"_links":{"self":[{"href":"https:\/\/notinor.com\/jujuy\/wp-json\/wp\/v2\/posts\/419553"}],"collection":[{"href":"https:\/\/notinor.com\/jujuy\/wp-json\/wp\/v2\/posts"}],"about":[{"href":"https:\/\/notinor.com\/jujuy\/wp-json\/wp\/v2\/types\/post"}],"author":[{"embeddable":true,"href":"https:\/\/notinor.com\/jujuy\/wp-json\/wp\/v2\/users\/5"}],"replies":[{"embeddable":true,"href":"https:\/\/notinor.com\/jujuy\/wp-json\/wp\/v2\/comments?post=419553"}],"version-history":[{"count":2,"href":"https:\/\/notinor.com\/jujuy\/wp-json\/wp\/v2\/posts\/419553\/revisions"}],"predecessor-version":[{"id":419556,"href":"https:\/\/notinor.com\/jujuy\/wp-json\/wp\/v2\/posts\/419553\/revisions\/419556"}],"wp:featuredmedia":[{"embeddable":true,"href":"https:\/\/notinor.com\/jujuy\/wp-json\/wp\/v2\/media\/419554"}],"wp:attachment":[{"href":"https:\/\/notinor.com\/jujuy\/wp-json\/wp\/v2\/media?parent=419553"}],"wp:term":[{"taxonomy":"category","embeddable":true,"href":"https:\/\/notinor.com\/jujuy\/wp-json\/wp\/v2\/categories?post=419553"},{"taxonomy":"post_tag","embeddable":true,"href":"https:\/\/notinor.com\/jujuy\/wp-json\/wp\/v2\/tags?post=419553"}],"curies":[{"name":"wp","href":"https:\/\/api.w.org\/{rel}","templated":true}]}}