{"id":419541,"date":"2024-11-20T21:01:00","date_gmt":"2024-11-21T00:01:00","guid":{"rendered":"https:\/\/notinor.com\/jujuy\/?p=419541"},"modified":"2024-11-20T09:01:44","modified_gmt":"2024-11-20T09:01:44","slug":"el-vicegobernador-recibio-a-referentes-de-la-cgt-jujuy-y-nacional","status":"publish","type":"post","link":"https:\/\/notinor.com\/jujuy\/el-vicegobernador-recibio-a-referentes-de-la-cgt-jujuy-y-nacional\/","title":{"rendered":"El Vicegobernador recibi\u00f3 a referentes de la CGT Jujuy y Nacional"},"content":{"rendered":"\n<p class=\"has-medium-font-size\"><strong><em>En despacho de Presidencia de la Legislatura, el Vicegobernador de la Provincia Alberto Bernis, acompa\u00f1ado del Vicepresidente 1\u00b0 de la Legislatura, Fabi\u00e1n Tejerina, recibi\u00f3 al Secretario Gremial de la CGT Regional Jujuy (Judiciales) Freddy Berdeja, al dirigente Horacio Otero de la Secretar\u00eda del Interior de la CGT Nacional, Ram\u00f3n Neyra UOCRA (Uni\u00f3n Obrera de la Construcci\u00f3n de la Rep\u00fablica Argentina) y a Francisco Monte de APUNJU (Asociaci\u00f3n del Personal de la Universidad Nacional de Jujuy).<\/em><\/strong><\/p>\n\n\n<div class=\"wp-block-image\">\n<figure class=\"aligncenter size-large\"><img decoding=\"async\" loading=\"lazy\" width=\"721\" height=\"480\" src=\"https:\/\/notinor.com\/jujuy\/wp-content\/uploads\/2024\/11\/CGT-1-721x480.jpeg\" alt=\"\" class=\"wp-image-419543\" srcset=\"https:\/\/notinor.com\/jujuy\/wp-content\/uploads\/2024\/11\/CGT-1-721x480.jpeg 721w, https:\/\/notinor.com\/jujuy\/wp-content\/uploads\/2024\/11\/CGT-1-549x365.jpeg 549w, https:\/\/notinor.com\/jujuy\/wp-content\/uploads\/2024\/11\/CGT-1.jpeg 750w\" sizes=\"(max-width: 721px) 100vw, 721px\" \/><\/figure><\/div>\n\n\n<p>Luego de la reuni\u00f3n <strong>Freddy Berdeja<\/strong> agradeci\u00f3 el espacio que se hizo en la agenda el vicegobernador para recibirlos, y se\u00f1al\u00f3 que la reuni\u00f3n fue protocolar \"un acercamiento que viene teniendo la CGT Jujuy institucionalmente\". Adem\u00e1s, le comentaron c\u00f3mo viene trabajando la CGT tanto nacional como la provincial en cuanto a la normalizaci\u00f3n del movimiento obrero; y record\u00f3 que se viene de un periodo prolongado en que no estaba normalizada la central obrera \"y en ese marco estamos manteniendo reuniones, y el gobierno est\u00e1 convocando a la CGT institucionalmente, fortaleciendo la institucionalidad del movimiento obrero\", y reconoci\u00f3 que este es un paso muy importante desde el letargo en el que ven\u00eda la central de trabajadores.<\/p>\n\n\n\n<p>Por su parte <strong>Horacio Otero<\/strong> de la Secretar\u00eda del Interior de la CGT Nacional coment\u00f3 que est\u00e1 en Jujuy como parte de la recorrida que se est\u00e1 haciendo por todas las regionales y \"a traerles el mensaje de H\u00e9ctor Daer, de Carlos Acu\u00f1a, de Gerardo Mart\u00ednez, de Pablo Moyano y del Secretario del Interior Abel Furlan que hoy la CGT est\u00e1 dando una l\u00ednea de unidad, trazando un camino, que, a pesar de las diferencias, seguimos juntos\". Y manifest\u00f3 su agrado al ver que en Jujuy el movimiento obrero est\u00e1 desempe\u00f1ando su rol.<\/p>\n\n\n\n<p>Y anticip\u00f3 que mantendr\u00e1 una reuni\u00f3n con el consejo directivo de la regional \"para escuchar las distintas posiciones con respecto a darle una orientaci\u00f3n nueva bajo el nuevo concepto de la CGT Nacional\", finaliz\u00f3 Otero.<\/p>\n","protected":false},"excerpt":{"rendered":"<p>En despacho de Presidencia de la Legislatura, el Vicegobernador de la Provincia Alberto Bernis, acompa\u00f1ado del Vicepresidente 1\u00b0 de la Legislatura, Fabi\u00e1n Tejerina, recibi\u00f3 al Secretario Gremial de la CGT Regional Jujuy (Judiciales) Freddy Berdeja, al dirigente Horacio Otero de la Secretar\u00eda del Interior de la CGT Nacional, Ram\u00f3n Neyra UOCRA (Uni\u00f3n Obrera de la [&hellip;]<\/p>\n","protected":false},"author":5,"featured_media":419542,"comment_status":"open","ping_status":"open","sticky":false,"template":"","format":"standard","meta":{"_stopmodifiedupdate":false,"_modified_date":"","inline_featured_image":false,"spay_email":"","jetpack_publicize_message":""},"categories":[514],"tags":[],"jetpack_featured_media_url":"https:\/\/notinor.com\/jujuy\/wp-content\/uploads\/2024\/11\/CGT.jpeg","jetpack_publicize_connections":[],"_links":{"self":[{"href":"https:\/\/notinor.com\/jujuy\/wp-json\/wp\/v2\/posts\/419541"}],"collection":[{"href":"https:\/\/notinor.com\/jujuy\/wp-json\/wp\/v2\/posts"}],"about":[{"href":"https:\/\/notinor.com\/jujuy\/wp-json\/wp\/v2\/types\/post"}],"author":[{"embeddable":true,"href":"https:\/\/notinor.com\/jujuy\/wp-json\/wp\/v2\/users\/5"}],"replies":[{"embeddable":true,"href":"https:\/\/notinor.com\/jujuy\/wp-json\/wp\/v2\/comments?post=419541"}],"version-history":[{"count":1,"href":"https:\/\/notinor.com\/jujuy\/wp-json\/wp\/v2\/posts\/419541\/revisions"}],"predecessor-version":[{"id":419544,"href":"https:\/\/notinor.com\/jujuy\/wp-json\/wp\/v2\/posts\/419541\/revisions\/419544"}],"wp:featuredmedia":[{"embeddable":true,"href":"https:\/\/notinor.com\/jujuy\/wp-json\/wp\/v2\/media\/419542"}],"wp:attachment":[{"href":"https:\/\/notinor.com\/jujuy\/wp-json\/wp\/v2\/media?parent=419541"}],"wp:term":[{"taxonomy":"category","embeddable":true,"href":"https:\/\/notinor.com\/jujuy\/wp-json\/wp\/v2\/categories?post=419541"},{"taxonomy":"post_tag","embeddable":true,"href":"https:\/\/notinor.com\/jujuy\/wp-json\/wp\/v2\/tags?post=419541"}],"curies":[{"name":"wp","href":"https:\/\/api.w.org\/{rel}","templated":true}]}}