{"id":419520,"date":"2024-11-20T20:33:18","date_gmt":"2024-11-20T23:33:18","guid":{"rendered":"https:\/\/notinor.com\/jujuy\/?p=419520"},"modified":"2024-11-20T20:33:20","modified_gmt":"2024-11-20T23:33:20","slug":"milei-y-georgia-meloni-profundizaron-su-buena-sintonia-y-resaltaron-los-puntos-que-unen-a-la-argentina-con-italia","status":"publish","type":"post","link":"https:\/\/notinor.com\/jujuy\/milei-y-georgia-meloni-profundizaron-su-buena-sintonia-y-resaltaron-los-puntos-que-unen-a-la-argentina-con-italia\/","title":{"rendered":"Milei y Georgia Meloni profundizaron su buena sinton\u00eda y resaltaron los puntos que unen a la Argentina con Italia"},"content":{"rendered":"\n<p class=\"has-medium-font-size\"><strong><em>El Presidente, que volvi\u00f3 a insistir con su idea de formar una Liga de Naciones conservadoras, y la primer ministro se reunieron en la Casa Rosada.<\/em><\/strong><\/p>\n\n\n\n<p><\/p>\n\n\n<div class=\"wp-block-image\">\n<figure class=\"aligncenter size-full\"><img decoding=\"async\" loading=\"lazy\" width=\"800\" height=\"450\" src=\"https:\/\/notinor.com\/jujuy\/wp-content\/uploads\/2024\/11\/milei-meloni.jpg\" alt=\"\" class=\"wp-image-419521\" srcset=\"https:\/\/notinor.com\/jujuy\/wp-content\/uploads\/2024\/11\/milei-meloni.jpg 800w, https:\/\/notinor.com\/jujuy\/wp-content\/uploads\/2024\/11\/milei-meloni-649x365.jpg 649w, https:\/\/notinor.com\/jujuy\/wp-content\/uploads\/2024\/11\/milei-meloni-500x280.jpg 500w, https:\/\/notinor.com\/jujuy\/wp-content\/uploads\/2024\/11\/milei-meloni-768x432.jpg 768w, https:\/\/notinor.com\/jujuy\/wp-content\/uploads\/2024\/11\/milei-meloni-750x422.jpg 750w\" sizes=\"(max-width: 800px) 100vw, 800px\" \/><\/figure><\/div>\n\n\n<p><\/p>\n\n\n\n<p><strong>\u201cItalia y Argentina son naciones hermanas y a\u00fan tienen mucho camino por recorrer juntas. Y estoy feliz de recorrer este tramo del camino junto a Javier. Un hombre valiente, mi amigo y de Italia\u201d.<\/strong> La primer ministro italiana, Georgia Meloni, se anim\u00f3 a pronunciar las \u00faltimas palabras de su discurso en el Sal\u00f3n Blanco de la Casa Rosada en castellano y despu\u00e9s salud\u00f3 sonriente al presidente argentino, con quien se abraz\u00f3 para las fotos y las c\u00e1maras. <strong>La buena sinton\u00eda entre ambos se not\u00f3 en todo momento, ya desde cuando hab\u00edan pasado algunos minutos de las 11 y en el mismo lugar hab\u00edan estado para un saludo y una foto protocolar ante la prensa acreditada. Incluso Milei lanz\u00f3 una carcajada cuando se retiraban mientras Meloni le susurr\u00f3 algo al o\u00eddo.<\/strong><\/p>\n\n\n\n<p>Milei habl\u00f3 primero luego de la reuni\u00f3n que mantuvieron a solas en el despacho presidencial. Minutos m\u00e1s tarde, ya con sus equipos de trabajo, se juntaron en el Sal\u00f3n Eva Per\u00f3n. Incluso salieron a saludar a los ocasionales transe\u00fantes desde el balc\u00f3n que da hacia Plaza de Mayo.<\/p>\n\n\n\n<p><strong>\u201cQuiero agradecer la presencia de Meloni. Somos pueblos hermanos. No solo estamos entre amigos, somos familia. La Argentina e Italia han tenido una relaci\u00f3n ambivalente, pero somos pueblos hermanos. Tenemos lazos de sangre. Hoy nos encontramos con dos administraciones afines\u201d,<\/strong> manifest\u00f3 Milei, en el mensaje conjunto, que se extendi\u00f3 por alrededor de 15 minutos. En la primera fila lo escuchaban el jefe de Gabinete, Guillermo Francos, el canciller Gerardo Werthein, su hermana Karina, secretaria General de la Presidencia, el ministro de Defensa, Luis Petri y el vocero presidencial, Manuel Adorni.<\/p>\n\n\n\n<p>El Presidente reiter\u00f3 varios de los principios que esboza en sus presentaciones internacionales, como cuando convoc\u00f3 a la defensa del libre comercio y de la propiedad privada. <strong>\u201cTenemos algo en com\u00fan porque los dos fuimos elegidos para abordar los problemas de ambas naciones. En mi caso, la inflaci\u00f3n rampante y la miseria profunda, que dejaron en la Argentina, d\u00e9cadas de colectivismo. En el de ella, el caso de la inmigraci\u00f3n descontrolada. Los dos sabemos bien que hacerlo no es gratuito y fuimos castigados por el establishment. A la larga, vamos a prevalecer\u201d.<\/strong> Tambi\u00e9n hizo referencia a la presencia del \u201cvirus woke\u201d en la agenda internacional y recalc\u00f3 que ellos est\u00e1n decididos \u201ca decirle la verdad a la ciudadan\u00eda\u201d.<\/p>\n\n\n\n<p>\u201cA la larga vamos a prevalecer, aunque ellos jueguen con ventaja\u201d, asegur\u00f3 el jefe de Estado quien insisti\u00f3 en su idea de formar \u201cuna alianza de naciones libres contra la tiran\u00eda y la miseria\u201d ya que seg\u00fan su visi\u00f3n \u201choy Occidente est\u00e1 bajo un manto de tinieblas y exige que quienes defendemos la libertad - aunque todav\u00eda seamos pocos - echemos luz y marquemos el camino\u201d.<\/p>\n\n\n\n<p><strong>Anoche, Milei y Meloni hab\u00edan cenado en la Quinta de Olivos en medio del hermetismo y con la presencia de la pareja de Milei, la actriz y conductora Amalia \u201cYuyito\u201d Gonz\u00e1lez, quien pidi\u00f3 un men\u00fa vegetariano. <\/strong>Comieron como entrada burrata, lomo con pur\u00e9 de papas y batatas fue el plato principal y el postre consisti\u00f3 en una tarta Sim\u00f3n con helado de lim\u00f3n.<\/p>\n\n\n\n<p>Meloni, por su parte, destac\u00f3 los lazos que unen a ambos pueblos. \u201cEl v\u00ednculo que une a nuestras naciones tiene profundas ra\u00edces, que provienen - incluso - desde antes que Italia y Argentina fueran estados libres y soberanos. El amor por la libertad es un sentimiento -querido Javier- que nos une desde siempre\u201d, se\u00f1al\u00f3.<\/p>\n\n\n\n<p><strong>\u201cConfirmamos la voluntad de trabajar juntos porque nuestros puntos de vista en com\u00fan son muchos. Me viene en mente - ahora - Ucrania; Medio Oriente y tambi\u00e9n la crisis que est\u00e1 atravesando Venezuela. Es una cuesti\u00f3n que - tanto a Italia como Argentina - les es muy cercana\u201d,<\/strong> dijo la dirigente conservadora que accedi\u00f3 al poder en septiembre de 2022. Sobre Venezuela fue muy cr\u00edtico con Nicol\u00e1s Maduro y dijo que su naci\u00f3n reconoce como ganador al l\u00edder opositor Edmundo Gonz\u00e1lez Urrutia.<\/p>\n\n\n\n<p>\u201cCon el presidente de Milei decidimos trabajar sobre tres directrices: la primera es, obviamente, la colaboraci\u00f3n pol\u00edtica. Acordamos escribir - en conjunto - un plan de acci\u00f3n Italia-Argentina \/ 2025-2030 que identifique sectores principales para la colaboraci\u00f3n bilateral, en los cuales se podr\u00e1n concentrar nuestros esfuerzos y energ\u00edas\u201d, reconoci\u00f3 la primer ministro italiana.<\/p>\n\n\n\n<p>El segundo punto es el referido a <strong>\u201cla lucha contra la criminalidad organizada, pues estamos determinados a luchar contra el narcotr\u00e1fico, la corrupci\u00f3n, el lavado de dinero, la infiltraci\u00f3n del sistema econ\u00f3mico y social y el tr\u00e1fico de personas\u201d.<\/strong> Y en tercer lugar elogi\u00f3 la liberalizaci\u00f3n de la econom\u00eda que impulsa el l\u00edder libertario y que servir\u00e1 para \u201cabrir nuevas oportunidades y ser un incentivo ulterior para que crezca la presencia italiana de la manera en que nosotros quisi\u00e9ramos hacer\u201d en la Argentina.<\/p>\n\n\n\n<p><strong>Para que esto \u00faltimo suceda resalt\u00f3 la presencia en nuestro pa\u00eds de \u201c300 empresas italianas, que tienen 16.000 empleados, con casi 3.000 millones de euros de giro de negocios\u201d. <\/strong>En la reuni\u00f3n en la Rosada con las autoridades nacionales estuvieron el ministro de econom\u00eda italiano, Giancarlo Georgetti, y el embajador italiano en Argentina, Fabrizio Lucentini.<\/p>\n\n\n\n<p>Meloni particip\u00f3 antes de su visita a la Rosada en un homenaje al General San Mart\u00edn en Retiro donde se deposit\u00f3 una ofrenda floral. Por la tarde, a las 18, est\u00e1 previsto que vaya al teatro Coliseo donde habr\u00e1 un espect\u00e1culo de ballet. A la noche partir\u00e1 hacia Roma.<\/p>\n","protected":false},"excerpt":{"rendered":"<p>El Presidente, que volvi\u00f3 a insistir con su idea de formar una Liga de Naciones conservadoras, y la primer ministro se reunieron en la Casa Rosada. \u201cItalia y Argentina son naciones hermanas y a\u00fan tienen mucho camino por recorrer juntas. Y estoy feliz de recorrer este tramo del camino junto a Javier. Un hombre valiente, [&hellip;]<\/p>\n","protected":false},"author":49,"featured_media":419521,"comment_status":"open","ping_status":"open","sticky":false,"template":"","format":"standard","meta":{"_stopmodifiedupdate":false,"_modified_date":"","inline_featured_image":false,"spay_email":"","jetpack_publicize_message":""},"categories":[2,501],"tags":[],"jetpack_featured_media_url":"https:\/\/notinor.com\/jujuy\/wp-content\/uploads\/2024\/11\/milei-meloni.jpg","jetpack_publicize_connections":[],"_links":{"self":[{"href":"https:\/\/notinor.com\/jujuy\/wp-json\/wp\/v2\/posts\/419520"}],"collection":[{"href":"https:\/\/notinor.com\/jujuy\/wp-json\/wp\/v2\/posts"}],"about":[{"href":"https:\/\/notinor.com\/jujuy\/wp-json\/wp\/v2\/types\/post"}],"author":[{"embeddable":true,"href":"https:\/\/notinor.com\/jujuy\/wp-json\/wp\/v2\/users\/49"}],"replies":[{"embeddable":true,"href":"https:\/\/notinor.com\/jujuy\/wp-json\/wp\/v2\/comments?post=419520"}],"version-history":[{"count":1,"href":"https:\/\/notinor.com\/jujuy\/wp-json\/wp\/v2\/posts\/419520\/revisions"}],"predecessor-version":[{"id":419522,"href":"https:\/\/notinor.com\/jujuy\/wp-json\/wp\/v2\/posts\/419520\/revisions\/419522"}],"wp:featuredmedia":[{"embeddable":true,"href":"https:\/\/notinor.com\/jujuy\/wp-json\/wp\/v2\/media\/419521"}],"wp:attachment":[{"href":"https:\/\/notinor.com\/jujuy\/wp-json\/wp\/v2\/media?parent=419520"}],"wp:term":[{"taxonomy":"category","embeddable":true,"href":"https:\/\/notinor.com\/jujuy\/wp-json\/wp\/v2\/categories?post=419520"},{"taxonomy":"post_tag","embeddable":true,"href":"https:\/\/notinor.com\/jujuy\/wp-json\/wp\/v2\/tags?post=419520"}],"curies":[{"name":"wp","href":"https:\/\/api.w.org\/{rel}","templated":true}]}}