{"id":419249,"date":"2024-11-14T20:33:12","date_gmt":"2024-11-14T23:33:12","guid":{"rendered":"https:\/\/notinor.com\/jujuy\/?p=419249"},"modified":"2024-11-14T20:33:16","modified_gmt":"2024-11-14T23:33:16","slug":"la-ministra-serrano-fue-designada-en-la-vicepresidencia-del-consejo-federal-de-educacion","status":"publish","type":"post","link":"https:\/\/notinor.com\/jujuy\/la-ministra-serrano-fue-designada-en-la-vicepresidencia-del-consejo-federal-de-educacion\/","title":{"rendered":"La ministra Serrano fue designada en la Vicepresidencia del Consejo Federal de Educaci\u00f3n"},"content":{"rendered":"\n<p class=\"has-medium-font-size\"><strong><em>La ministra de Educaci\u00f3n de Jujuy, Miriam Serrano, fue designada como vicepresidenta de la 137 Asamblea del Consejo Federal de Educaci\u00f3n realizada este jueves en la Ciudad Aut\u00f3noma de Buenos Aires.<\/em><\/strong><\/p>\n\n\n\n<p><\/p>\n\n\n<div class=\"wp-block-image\">\n<figure class=\"aligncenter size-full\"><img decoding=\"async\" loading=\"lazy\" width=\"800\" height=\"450\" src=\"https:\/\/notinor.com\/jujuy\/wp-content\/uploads\/2024\/11\/miriam-serrano.jpg\" alt=\"\" class=\"wp-image-419252\" srcset=\"https:\/\/notinor.com\/jujuy\/wp-content\/uploads\/2024\/11\/miriam-serrano.jpg 800w, https:\/\/notinor.com\/jujuy\/wp-content\/uploads\/2024\/11\/miriam-serrano-649x365.jpg 649w, https:\/\/notinor.com\/jujuy\/wp-content\/uploads\/2024\/11\/miriam-serrano-500x280.jpg 500w, https:\/\/notinor.com\/jujuy\/wp-content\/uploads\/2024\/11\/miriam-serrano-768x432.jpg 768w, https:\/\/notinor.com\/jujuy\/wp-content\/uploads\/2024\/11\/miriam-serrano-750x422.jpg 750w\" sizes=\"(max-width: 800px) 100vw, 800px\" \/><\/figure><\/div>\n\n\n<p><\/p>\n\n\n\n<p><strong>Serrano y sus pares de las 24 jurisdicciones tomaron parte de la Asamblea que fue presidida por el secretario de Educaci\u00f3n de la Naci\u00f3n, Carlos Torrendell.<\/strong><\/p>\n\n\n\n<p><strong>En la oportunidad se aprobaron los lineamientos para el calendario escolar del pr\u00f3ximo ciclo lectivo, entre los que se ratific\u00f3 el compromiso de cumplir con 190 d\u00edas de clase<\/strong> y, en caso de no poder concretarlo, la medida de compensaci\u00f3n obligatoria es la recuperaci\u00f3n efectiva del tiempo de clase.<\/p>\n\n\n\n<p>Tambi\u00e9n se abord\u00f3 el proyecto de resoluci\u00f3n para el pr\u00f3ximo Calendario Escolar, y <strong>la implementaci\u00f3n del \u201cSistema Federal Integrado de Evaluaci\u00f3n, Certificaci\u00f3n y Acreditaci\u00f3n Institucional de la Formaci\u00f3n Docente del INFOD (Instituto Nacional de Formaci\u00f3n Docente).<\/strong><\/p>\n\n\n\n<p><\/p>\n\n\n\n<figure class=\"is-layout-flex wp-block-gallery-1 wp-block-gallery has-nested-images columns-default is-cropped\">\n<figure class=\"wp-block-image size-large\"><img decoding=\"async\" loading=\"lazy\" width=\"800\" height=\"450\" data-id=\"419251\"  src=\"https:\/\/notinor.com\/jujuy\/wp-content\/uploads\/2024\/11\/consejo-federal-de-educacion.jpg\" alt=\"\" class=\"wp-image-419251\" srcset=\"https:\/\/notinor.com\/jujuy\/wp-content\/uploads\/2024\/11\/consejo-federal-de-educacion.jpg 800w, https:\/\/notinor.com\/jujuy\/wp-content\/uploads\/2024\/11\/consejo-federal-de-educacion-649x365.jpg 649w, https:\/\/notinor.com\/jujuy\/wp-content\/uploads\/2024\/11\/consejo-federal-de-educacion-500x280.jpg 500w, https:\/\/notinor.com\/jujuy\/wp-content\/uploads\/2024\/11\/consejo-federal-de-educacion-768x432.jpg 768w, https:\/\/notinor.com\/jujuy\/wp-content\/uploads\/2024\/11\/consejo-federal-de-educacion-750x422.jpg 750w\" sizes=\"(max-width: 800px) 100vw, 800px\" \/><\/figure>\n\n\n\n<figure class=\"wp-block-image size-large\"><img decoding=\"async\" loading=\"lazy\" width=\"800\" height=\"450\" data-id=\"419250\"  src=\"https:\/\/notinor.com\/jujuy\/wp-content\/uploads\/2024\/11\/consejo-federal-de-educacion-2.jpg\" alt=\"\" class=\"wp-image-419250\" srcset=\"https:\/\/notinor.com\/jujuy\/wp-content\/uploads\/2024\/11\/consejo-federal-de-educacion-2.jpg 800w, https:\/\/notinor.com\/jujuy\/wp-content\/uploads\/2024\/11\/consejo-federal-de-educacion-2-649x365.jpg 649w, https:\/\/notinor.com\/jujuy\/wp-content\/uploads\/2024\/11\/consejo-federal-de-educacion-2-500x280.jpg 500w, https:\/\/notinor.com\/jujuy\/wp-content\/uploads\/2024\/11\/consejo-federal-de-educacion-2-768x432.jpg 768w, https:\/\/notinor.com\/jujuy\/wp-content\/uploads\/2024\/11\/consejo-federal-de-educacion-2-750x422.jpg 750w\" sizes=\"(max-width: 800px) 100vw, 800px\" \/><\/figure>\n<\/figure>\n\n\n\n<p><\/p>\n\n\n\n<p>Se trata de un proyecto de resoluci\u00f3n que fue aprobado para la discusi\u00f3n en la Asamblea de agosto y aportes realizados en septiembre y octubre \u00faltimos.<\/p>\n\n\n\n<p><strong>En el cierre del c\u00f3nclave, que se cumpli\u00f3 en el Vera Pe\u00f1aloza del Palacio Sarmiento, los ministros de todo el pa\u00eds mantuvieron un encuentro con la Red Federal de Alfabetizaci\u00f3n.<\/strong><\/p>\n","protected":false},"excerpt":{"rendered":"<p>La ministra de Educaci\u00f3n de Jujuy, Miriam Serrano, fue designada como vicepresidenta de la 137 Asamblea del Consejo Federal de Educaci\u00f3n realizada este jueves en la Ciudad Aut\u00f3noma de Buenos Aires. Serrano y sus pares de las 24 jurisdicciones tomaron parte de la Asamblea que fue presidida por el secretario de Educaci\u00f3n de la Naci\u00f3n, [&hellip;]<\/p>\n","protected":false},"author":49,"featured_media":419252,"comment_status":"open","ping_status":"open","sticky":false,"template":"","format":"standard","meta":{"_stopmodifiedupdate":false,"_modified_date":"","inline_featured_image":false},"categories":[2,514,5],"tags":[],"jetpack_featured_media_url":"https:\/\/notinor.com\/jujuy\/wp-content\/uploads\/2024\/11\/miriam-serrano.jpg","_links":{"self":[{"href":"https:\/\/notinor.com\/jujuy\/wp-json\/wp\/v2\/posts\/419249"}],"collection":[{"href":"https:\/\/notinor.com\/jujuy\/wp-json\/wp\/v2\/posts"}],"about":[{"href":"https:\/\/notinor.com\/jujuy\/wp-json\/wp\/v2\/types\/post"}],"author":[{"embeddable":true,"href":"https:\/\/notinor.com\/jujuy\/wp-json\/wp\/v2\/users\/49"}],"replies":[{"embeddable":true,"href":"https:\/\/notinor.com\/jujuy\/wp-json\/wp\/v2\/comments?post=419249"}],"version-history":[{"count":1,"href":"https:\/\/notinor.com\/jujuy\/wp-json\/wp\/v2\/posts\/419249\/revisions"}],"predecessor-version":[{"id":419253,"href":"https:\/\/notinor.com\/jujuy\/wp-json\/wp\/v2\/posts\/419249\/revisions\/419253"}],"wp:featuredmedia":[{"embeddable":true,"href":"https:\/\/notinor.com\/jujuy\/wp-json\/wp\/v2\/media\/419252"}],"wp:attachment":[{"href":"https:\/\/notinor.com\/jujuy\/wp-json\/wp\/v2\/media?parent=419249"}],"wp:term":[{"taxonomy":"category","embeddable":true,"href":"https:\/\/notinor.com\/jujuy\/wp-json\/wp\/v2\/categories?post=419249"},{"taxonomy":"post_tag","embeddable":true,"href":"https:\/\/notinor.com\/jujuy\/wp-json\/wp\/v2\/tags?post=419249"}],"curies":[{"name":"wp","href":"https:\/\/api.w.org\/{rel}","templated":true}]}}