{"id":419209,"date":"2024-11-14T08:29:00","date_gmt":"2024-11-14T11:29:00","guid":{"rendered":"https:\/\/notinor.com\/jujuy\/?p=419209"},"modified":"2024-11-14T12:31:50","modified_gmt":"2024-11-14T15:31:50","slug":"gareca-eulogio","status":"publish","type":"post","link":"https:\/\/notinor.com\/jujuy\/gareca-eulogio\/","title":{"rendered":"GARECA, Eulogio"},"content":{"rendered":"\n<p><strong>Falleci\u00f3 el d\u00eda 13 de noviembre de 2024, a hs. 12:50, a la edad de 94 a\u00f1os. Sus hijos: Silvia, Ruth, Walter y Analia Gareca; sus hijos pol\u00edticos: Ra\u00fal Ib\u00e1\u00f1ez y Silvia Gonz\u00e1lez Granara; sus nietos: Sandra, Fabricio, Gonzalo, Gustavo, Sebasti\u00e1n, Dar\u00edo y Bruno; sus nietos pol\u00edticos: Anita, Florencia, Jimena, Sebasti\u00e1n; sus bisnietos participan con profundo dolor su fallecimiento y comunican que sus restos ser\u00e1n inhumados hoy 14 de noviembre en el cementerio parque El Solar, Jujuy. FAE. Casa de duelo salas Arenales de empresa La Piedad sita en Arenales 1145 Jujuy. Servicio empresa La Piedad Salta 727 S.S. de Jujuy. Tel. 0388-4222487. L\u00ednea gratuita 0800-444-5274.<\/strong><\/p>\n","protected":false},"excerpt":{"rendered":"<p>Falleci\u00f3 el d\u00eda 13 de noviembre de 2024, a hs. 12:50, a la edad de 94 a\u00f1os. Sus hijos: Silvia, Ruth, Walter y Analia Gareca; sus hijos pol\u00edticos: Ra\u00fal Ib\u00e1\u00f1ez y Silvia Gonz\u00e1lez Granara; sus nietos: Sandra, Fabricio, Gonzalo, Gustavo, Sebasti\u00e1n, Dar\u00edo y Bruno; sus nietos pol\u00edticos: Anita, Florencia, Jimena, Sebasti\u00e1n; sus bisnietos participan con [&hellip;]<\/p>\n","protected":false},"author":5,"featured_media":129720,"comment_status":"open","ping_status":"open","sticky":false,"template":"","format":"standard","meta":{"_stopmodifiedupdate":false,"_modified_date":"","inline_featured_image":false,"spay_email":"","jetpack_publicize_message":""},"categories":[523],"tags":[],"jetpack_featured_media_url":"https:\/\/notinor.com\/jujuy\/wp-content\/uploads\/2017\/08\/Obituarios1.jpg","jetpack_publicize_connections":[],"_links":{"self":[{"href":"https:\/\/notinor.com\/jujuy\/wp-json\/wp\/v2\/posts\/419209"}],"collection":[{"href":"https:\/\/notinor.com\/jujuy\/wp-json\/wp\/v2\/posts"}],"about":[{"href":"https:\/\/notinor.com\/jujuy\/wp-json\/wp\/v2\/types\/post"}],"author":[{"embeddable":true,"href":"https:\/\/notinor.com\/jujuy\/wp-json\/wp\/v2\/users\/5"}],"replies":[{"embeddable":true,"href":"https:\/\/notinor.com\/jujuy\/wp-json\/wp\/v2\/comments?post=419209"}],"version-history":[{"count":1,"href":"https:\/\/notinor.com\/jujuy\/wp-json\/wp\/v2\/posts\/419209\/revisions"}],"predecessor-version":[{"id":419210,"href":"https:\/\/notinor.com\/jujuy\/wp-json\/wp\/v2\/posts\/419209\/revisions\/419210"}],"wp:featuredmedia":[{"embeddable":true,"href":"https:\/\/notinor.com\/jujuy\/wp-json\/wp\/v2\/media\/129720"}],"wp:attachment":[{"href":"https:\/\/notinor.com\/jujuy\/wp-json\/wp\/v2\/media?parent=419209"}],"wp:term":[{"taxonomy":"category","embeddable":true,"href":"https:\/\/notinor.com\/jujuy\/wp-json\/wp\/v2\/categories?post=419209"},{"taxonomy":"post_tag","embeddable":true,"href":"https:\/\/notinor.com\/jujuy\/wp-json\/wp\/v2\/tags?post=419209"}],"curies":[{"name":"wp","href":"https:\/\/api.w.org\/{rel}","templated":true}]}}