{"id":419207,"date":"2024-11-14T08:26:00","date_gmt":"2024-11-14T11:26:00","guid":{"rendered":"https:\/\/notinor.com\/jujuy\/?p=419207"},"modified":"2024-11-14T12:29:12","modified_gmt":"2024-11-14T15:29:12","slug":"sivila-pastora","status":"publish","type":"post","link":"https:\/\/notinor.com\/jujuy\/sivila-pastora\/","title":{"rendered":"SIVILA, Pastora"},"content":{"rendered":"\n<p><strong>Falleci\u00f3 el d\u00eda 12 de noviembre de 2024, a hs. 23:53. C.A.S.R. y B.P., a la edad de 71 a\u00f1os. Sus hijos: M\u00f3nica, Lorena, Alejandro y Judith; sus nietos: Lautaro, Tiziano, Santino, Lucas y dem\u00e1s familiares comunican a sus amistades y personas piadosas que sus restos ser\u00e1n inhumados hoy 14 de noviembre en el cementerio Parque El Solar. Ruegan elevar una oraci\u00f3n en su memoria. Casa de duelo Ram\u00edrez de Velazco 137 sala 3. Servicio exequial empresa Futuro SRL. Servicio de tanatopraxia y ceremonial empresa Futuro SRL. Ram\u00edrez de Velazco 137. Para Caruso SA.<\/strong><\/p>\n","protected":false},"excerpt":{"rendered":"<p>Falleci\u00f3 el d\u00eda 12 de noviembre de 2024, a hs. 23:53. C.A.S.R. y B.P., a la edad de 71 a\u00f1os. Sus hijos: M\u00f3nica, Lorena, Alejandro y Judith; sus nietos: Lautaro, Tiziano, Santino, Lucas y dem\u00e1s familiares comunican a sus amistades y personas piadosas que sus restos ser\u00e1n inhumados hoy 14 de noviembre en el cementerio [&hellip;]<\/p>\n","protected":false},"author":5,"featured_media":129720,"comment_status":"open","ping_status":"open","sticky":false,"template":"","format":"standard","meta":{"_stopmodifiedupdate":false,"_modified_date":"","inline_featured_image":false,"spay_email":"","jetpack_publicize_message":""},"categories":[523],"tags":[],"jetpack_featured_media_url":"https:\/\/notinor.com\/jujuy\/wp-content\/uploads\/2017\/08\/Obituarios1.jpg","jetpack_publicize_connections":[],"_links":{"self":[{"href":"https:\/\/notinor.com\/jujuy\/wp-json\/wp\/v2\/posts\/419207"}],"collection":[{"href":"https:\/\/notinor.com\/jujuy\/wp-json\/wp\/v2\/posts"}],"about":[{"href":"https:\/\/notinor.com\/jujuy\/wp-json\/wp\/v2\/types\/post"}],"author":[{"embeddable":true,"href":"https:\/\/notinor.com\/jujuy\/wp-json\/wp\/v2\/users\/5"}],"replies":[{"embeddable":true,"href":"https:\/\/notinor.com\/jujuy\/wp-json\/wp\/v2\/comments?post=419207"}],"version-history":[{"count":1,"href":"https:\/\/notinor.com\/jujuy\/wp-json\/wp\/v2\/posts\/419207\/revisions"}],"predecessor-version":[{"id":419208,"href":"https:\/\/notinor.com\/jujuy\/wp-json\/wp\/v2\/posts\/419207\/revisions\/419208"}],"wp:featuredmedia":[{"embeddable":true,"href":"https:\/\/notinor.com\/jujuy\/wp-json\/wp\/v2\/media\/129720"}],"wp:attachment":[{"href":"https:\/\/notinor.com\/jujuy\/wp-json\/wp\/v2\/media?parent=419207"}],"wp:term":[{"taxonomy":"category","embeddable":true,"href":"https:\/\/notinor.com\/jujuy\/wp-json\/wp\/v2\/categories?post=419207"},{"taxonomy":"post_tag","embeddable":true,"href":"https:\/\/notinor.com\/jujuy\/wp-json\/wp\/v2\/tags?post=419207"}],"curies":[{"name":"wp","href":"https:\/\/api.w.org\/{rel}","templated":true}]}}