{"id":419182,"date":"2024-11-14T10:56:23","date_gmt":"2024-11-14T13:56:23","guid":{"rendered":"https:\/\/notinor.com\/jujuy\/?p=419182"},"modified":"2024-11-14T10:56:24","modified_gmt":"2024-11-14T13:56:24","slug":"quien-era-francisco-wanderley-luiz-el-autor-del-atentado-suicida-contra-la-corte-suprema-de-brasil","status":"publish","type":"post","link":"https:\/\/notinor.com\/jujuy\/quien-era-francisco-wanderley-luiz-el-autor-del-atentado-suicida-contra-la-corte-suprema-de-brasil\/","title":{"rendered":"Qui\u00e9n era Francisco Wanderley Luiz, el autor del atentado suicida contra la Corte Suprema de Brasil"},"content":{"rendered":"\n<p class=\"has-medium-font-size\"><strong><em>Ten\u00eda 59 a\u00f1os y muri\u00f3 en el lugar tras la detonaci\u00f3n dentro de su propio veh\u00edculo. Hab\u00eda dejado mensajes en redes sociales que anticipaban sus intenciones con amenazas a figuras de la pol\u00edtica: \u201cViejos asquerosos\u201d.<\/em><\/strong><\/p>\n\n\n\n<p class=\"has-text-align-center\"><img decoding=\"async\" loading=\"lazy\" height=\"1080\" width=\"1920\" src=\"https:\/\/www.infobae.com\/resizer\/v2\/K7DVXBH2BFDDNJFYLYO2XOO6W4.jpg?auth=271e620d89dacb558b37aa37757953801d369a26edbee6cded34f1b610aa0099&amp;smart=true&amp;width=350&amp;height=197&amp;quality=85\" alt=\"Francisco Wanderley Luiz\">Francisco Wanderley Luiz<\/p>\n\n\n\n<p><strong>Unas explosiones sacudieron este mi\u00e9rcoles la Plaza de los Tres Poderes en Brasilia<\/strong>, generando alarma y causando la muerte de\u00a0<strong>Francisco Wanderley Luiz<\/strong>, de 59 a\u00f1os, identificado por la\u00a0<strong>Polic\u00eda Civil del Distrito Federal (PCDF)<\/strong>\u00a0como el responsable del incidente.<\/p>\n\n\n\n<p>Luiz, un ex candidato a concejal por el Partido Liberal (PL), agrupaci\u00f3n liderada por&nbsp;<strong>Jair Bolsonaro<\/strong>, en Rio do Sul, Santa Catarina,&nbsp;<strong>falleci\u00f3 en el lugar tras la detonaci\u00f3n de su propio veh\u00edculo&nbsp;<\/strong>en el estacionamiento del Anexo IV de la C\u00e1mara de Diputados.<\/p>\n\n\n\n<p>El hombre ten\u00eda antecedentes de comportamientos controvertidos. Por ejemplo, fue acusado de propagar el COVID-19 durante la pandemia por organizar fiestas masivas en el establecimiento Tenda Park, en la mencionada Rio do Sul.<\/p>\n\n\n\n<p>De acuerdo con el medio brasile\u00f1o&nbsp;<em>Metr\u00f3poles<\/em>, la denuncia surgi\u00f3 a ra\u00edz de&nbsp;<strong>una fiesta celebrada el 20 de junio de 2021<\/strong>, cuando&nbsp;<strong>Luiz fue se\u00f1alado por organizar eventos sin medidas sanitarias<\/strong>, a pesar de la saturaci\u00f3n hospitalaria en la regi\u00f3n de Alto Vale.<\/p>\n\n\n\n<p>La fiscal&nbsp;<strong>Caroline Sartori&nbsp;<\/strong>calific\u00f3 su conducta como \u201c<strong>descuidada y negligente<\/strong>\u201d, se\u00f1alando que su comportamiento buscaba beneficios econ\u00f3micos a expensas de la salud p\u00fablica.<\/p>\n\n\n<div class=\"wp-block-image\">\n<figure class=\"aligncenter\"><a href=\"https:\/\/www.infobae.com\/america\/america-latina\/2024\/11\/14\/el-momento-del-ataque-suicida-en-brasilia-que-sacudio-las-cercanias-del-tribunal-supremo\/\" target=\"_blank\" rel=\"noreferrer noopener\"><img decoding=\"async\" src=\"https:\/\/www.infobae.com\/resizer\/v2\/RB2LTSARUBDITM74JBIUAWA2PI.jpg?auth=69783ad1f60b76525c238c77a56774a5ac9ceb1b9dd2250df458ca660d730d9e&amp;smart=true&amp;width=1200&amp;height=675&amp;quality=85\" alt=\"El momento del ataque suicida en Brasil que sacudi\u00f3 las cercan\u00edas del Tribunal Supremo\"\/><\/a><figcaption class=\"wp-element-caption\">El momento del ataque suicida en Brasil<\/figcaption><\/figure><\/div>\n\n\n<p>La Polic\u00eda de Brasil confirm\u00f3 que las explosiones cerca de la Corte Suprema fueron causadas por un ataque suicida<\/p>\n\n\n\n<p>0 seconds of 54 secondsVolume 50%La Polic\u00eda de Brasil confirm\u00f3 que las explosiones cerca de la Corte Suprema fueron causadas por un ataque suicida.<\/p>\n\n\n\n<p><strong>El incidente y la identidad del autor<\/strong><\/p>\n\n\n\n<p>La&nbsp;<strong>explosi\u00f3n principal&nbsp;<\/strong>ocurri\u00f3 alrededor de las 19:30 horas en el \u00e1rea de estacionamiento, destruyendo el autom\u00f3vil de Luiz. Minutos despu\u00e9s,&nbsp;<strong>otras dos explosiones<\/strong>&nbsp;sacudieron el \u00e1rea cerca del edificio del&nbsp;<strong>Tribunal Supremo Federal (STF)<\/strong>.<\/p>\n\n\n\n<p>Seg\u00fan el informe preliminar de la Polic\u00eda Civil,&nbsp;<strong>Luiz hab\u00eda lanzado artefactos explosivos en direcci\u00f3n al STF<\/strong>, sin que llegaran a impactar en el edificio. El cuerpo de Luiz, que qued\u00f3 desfigurado por la fuerza de la explosi\u00f3n, fue hallado a metros del veh\u00edculo.<\/p>\n\n\n\n<p>Las primeras investigaciones revelaron que\u00a0<strong>Luiz se hab\u00eda trasladado recientemente a Ceil\u00e2ndia, Distrito Federal<\/strong>, donde hab\u00eda alquilado una vivienda \u201c<strong>hace unos d\u00edas<\/strong>\u201d, seg\u00fan reportes policiales.<\/p>\n\n\n\n<p>En redes sociales, donde utilizaba el pseud\u00f3nimo\u00a0<strong>\u201cTiu Fran\u00e7a\u201d<\/strong>, compart\u00eda\u00a0<strong>mensajes pol\u00edticos cargados de amenazas\u00a0<\/strong>e incluso\u00a0<strong>anticipaba su intenci\u00f3n de realizar un ataque<\/strong>. El contenido en redes indicaba una narrativa de\u00a0<strong>radicalizaci\u00f3n\u00a0<\/strong>contra instituciones pol\u00edticas y figuras p\u00fablicas de Brasil.<\/p>\n\n\n\n<p class=\"has-text-align-center\"><img decoding=\"async\" loading=\"lazy\" height=\"1280\" width=\"1920\" src=\"https:\/\/www.infobae.com\/resizer\/v2\/R62JI7GJ2BGDDM37LRHGNERKXI.jpg?auth=92b5dddd5131eb02445a3ab8a3c01d1c8fd2e5602c175f8e8645eb74ba887d0e&amp;smart=true&amp;width=350&amp;height=233&amp;quality=85\" alt=\"Uno de los mensajes de Francisco Wanderley Luiz antes del ataque a la Corte de Brasil\">Uno de los mensajes de Francisco Wanderley Luiz antes del ataque a la Corte de Brasil<\/p>\n\n\n\n<p><strong>Una trayectoria de amenazas y mensajes alarmantes en redes sociales<\/strong><\/p>\n\n\n\n<p>Francisco Luiz, quien en las elecciones de 2020 obtuvo solo 98 votos para el cargo de concejal,&nbsp;<strong>manten\u00eda un perfil p\u00fablico con publicaciones marcadas por un discurso de odio<\/strong>&nbsp;hacia ciertas figuras y una ret\u00f3rica de confrontaci\u00f3n.<\/p>\n\n\n\n<p>En un mensaje reciente publicado en WhatsApp y en Facebook,&nbsp;<strong>Luiz sugiri\u00f3 una amenaza de bomba<\/strong>, diciendo a sus seguidores que podr\u00edan \u201c<strong>celebrar la verdadera proclamaci\u00f3n de la Rep\u00fablica<\/strong>\u201d y advirtiendo que \u201c<strong>el juego solo termina el 16\/11\/2024<\/strong>\u2033.<\/p>\n\n\n\n<p class=\"has-text-align-center\">En otro mensaje, amenaz\u00f3 directamente a personalidades pol\u00edticas como&nbsp;<strong>Jos\u00e9 Sarney, Geraldo Alckmin, Fernando Henrique Cardoso<\/strong>, y al periodista&nbsp;<strong>William Bonner<\/strong>, describi\u00e9ndolos como \u201c<strong>viejos asquerosos<\/strong>\u201d.<img decoding=\"async\" loading=\"lazy\" alt=\"\u201cDejan entrar al zorro en el gallinero. O no saben el tama\u00f1o de la presa o es simplemente una estupidez\u201d, expres\u00f3 en uno de los mensajes\" height=\"1280\" src=\"https:\/\/www.infobae.com\/resizer\/v2\/TQ2OB777BNCSBLHIUEJVDMZWLE.jpg?auth=27cf3ceaa467b27c637404a6b627bca7d115cb85ffaa2f0dadac0022891fc1f8&amp;smart=true&amp;width=350&amp;height=233&amp;quality=85\" width=\"1920\">\u201cDejan entrar al zorro en el gallinero. O no saben el tama\u00f1o de la presa o es simplemente una estupidez\u201d, expres\u00f3 en uno de los mensajes<\/p>\n\n\n\n<p>Adem\u00e1s, con una fotograf\u00eda tomada en el pleno del STF,\u00a0<strong>Luiz expres\u00f3 su desprecio hacia la instituci\u00f3n<\/strong>, critic\u00e1ndola con la frase: \u201c<strong>Dejan entrar al zorro en el gallinero. O no saben el tama\u00f1o de la presa o es simplemente una estupidez<\/strong>\u201d.<\/p>\n\n\n\n<p>Seg\u00fan la Polic\u00eda,\u00a0<strong>estas publicaciones forman parte de una serie de mensajes que anticipaban su intenci\u00f3n de realizar ataques\u00a0<\/strong>con explosivos.<\/p>\n\n\n\n<p class=\"has-text-align-center\"><img decoding=\"async\" loading=\"lazy\" height=\"1279\" width=\"1920\" src=\"https:\/\/www.infobae.com\/resizer\/v2\/YZOQOXR2HBBNBG6VGZSSG2XDYU.jpg?auth=7cb4f9872cc4a3c2360240d6378a4aa8c12acefb0288161386a496c0c402e4e4&amp;smart=true&amp;width=350&amp;height=233&amp;quality=85\" alt=\"En otro mensaje, amenaz\u00f3 directamente a personalidades pol\u00edticas como Jos\u00e9 Sarney, Geraldo Alckmin, Fernando Henrique Cardoso, y al periodista William Bonner, describi\u00e9ndolos como \u201cviejos asquerosos\u201d\">En otro mensaje, amenaz\u00f3 directamente a personalidades pol\u00edticas como Jos\u00e9 Sarney, Geraldo Alckmin, Fernando Henrique Cardoso, y al periodista William Bonner, describi\u00e9ndolos como \u201cviejos asquerosos\u201d<\/p>\n\n\n\n<p><strong>El Supremo y las autoridades de seguridad respondieron al incidente<\/strong><\/p>\n\n\n\n<p>En respuesta a los estallidos, el&nbsp;<strong>Supremo&nbsp;<\/strong>emiti\u00f3 un comunicado en el que confirm\u00f3 que, tras la sesi\u00f3n del mi\u00e9rcoles,&nbsp;<strong>dos fuertes estruendos provocaron la evacuaci\u00f3n inmediata de los ministros y del personal&nbsp;<\/strong>como medida de precauci\u00f3n.<\/p>\n\n\n\n<p>La seguridad del Tribunal colabor\u00f3 con las autoridades locales para investigar lo sucedido y garantizar la protecci\u00f3n en el edificio.<\/p>\n\n\n\n<p>El secretario de Seguridad del Distrito Federal,&nbsp;<strong>Sandro Avelar<\/strong>, declar\u00f3 el cierre inmediato de la&nbsp;<strong>Explanada de los Ministerios<\/strong>&nbsp;como medida preventiva, a\u00f1adiendo que una fuerza especial del batall\u00f3n del Polic\u00eda Militar hab\u00eda sido desplegada para asegurar el per\u00edmetro y examinar la zona.<\/p>\n\n\n\n<p>\u201cEn este momento,&nbsp;<strong>estamos tratando de entender qu\u00e9 pas\u00f3 y estamos enviando una fuerza muy grande del batall\u00f3n especial del PMDF (Polic\u00eda Militar del Distrito Federal) para cerrar parte de la Explanada<\/strong>\u201d, afirm\u00f3 Avelar a la prensa.<img decoding=\"async\" loading=\"lazy\" alt=\"Otro de los mensajes de Francisco Wanderley Luiz\" height=\"1280\" src=\"https:\/\/www.infobae.com\/resizer\/v2\/2KY4QCHHZ5AMZETXZAY4Q5WDYI.jpg?auth=d31806b00d48b65d861c15edf92aa081328cb04a6093155c1fd1b3160152f5a6&amp;smart=true&amp;width=350&amp;height=233&amp;quality=85\" width=\"1920\">Otro de los mensajes de Francisco Wanderley Luiz<\/p>\n\n\n\n<p><strong>Un perfil violento y extremista<\/strong><\/p>\n\n\n\n<p>Medios locales detallaron que&nbsp;<strong>Luiz vest\u00eda un llamativo traje verde decorado con s\u00edmbolos de naipes<\/strong>&nbsp;en el momento de las explosiones.<\/p>\n\n\n\n<p>La\u00a0<strong>apariencia exc\u00e9ntrica\u00a0<\/strong>del fallecido fue uno de los primeros elementos en ser registrados por testigos en el lugar de los hechos.<\/p>\n\n\n\n<p>La Polic\u00eda Civil tambi\u00e9n document\u00f3 que\u00a0<strong>el rostro y la mano derecha de Luiz quedaron completamente desfigurados<\/strong>\u00a0por el impacto de los explosivos, y sus restos fueron hallados esparcidos a metros del epicentro de la explosi\u00f3n.<\/p>\n\n\n\n<p class=\"has-text-align-center\"><img decoding=\"async\" loading=\"lazy\" height=\"1080\" width=\"1920\" src=\"https:\/\/www.infobae.com\/resizer\/v2\/KBHPKEYZU5EWNAAZ76G3F4PNOY.jpeg?auth=6c424e2a86d624ae02999c7a581cb67015f735dd20b1069a211662ee3eecc0b5&amp;smart=true&amp;width=350&amp;height=197&amp;quality=85\" alt=\"El veh\u00edculo que explot\u00f3 el mi\u00e9rcoles en las cercan\u00edas de la Corte Suprema en Brasilia est\u00e1 registrado a nombre de Francisco Wanderley Luiz\">El veh\u00edculo que explot\u00f3 el mi\u00e9rcoles en las cercan\u00edas de la Corte Suprema en Brasilia est\u00e1 registrado a nombre de Francisco Wanderley Luiz<\/p>\n\n\n\n<p>El incidente, que destaca por la combinaci\u00f3n de violencia y una carga simb\u00f3lica en las redes sociales,&nbsp;<strong>ha generado una investigaci\u00f3n exhaustiva sobre la radicalizaci\u00f3n de Luiz y sus motivaciones pol\u00edticas<\/strong>.<\/p>\n\n\n\n<p>Hasta el momento, las autoridades no han vinculado el ataque a una organizaci\u00f3n, pero la insistencia de Luiz en sus mensajes de odio hacia lo que denominaba \u201c<strong>comunistas de m...<\/strong>\u201d y sus amenazas expl\u00edcitas contra figuras del espectro pol\u00edtico brasile\u00f1o refuerzan una imagen de extremismo individual.<\/p>\n","protected":false},"excerpt":{"rendered":"<p>Ten\u00eda 59 a\u00f1os y muri\u00f3 en el lugar tras la detonaci\u00f3n dentro de su propio veh\u00edculo. Hab\u00eda dejado mensajes en redes sociales que anticipaban sus intenciones con amenazas a figuras de la pol\u00edtica: \u201cViejos asquerosos\u201d. Francisco Wanderley Luiz Unas explosiones sacudieron este mi\u00e9rcoles la Plaza de los Tres Poderes en Brasilia, generando alarma y causando [&hellip;]<\/p>\n","protected":false},"author":5,"featured_media":419183,"comment_status":"open","ping_status":"open","sticky":false,"template":"","format":"standard","meta":{"_stopmodifiedupdate":false,"_modified_date":"","inline_featured_image":false,"spay_email":"","jetpack_publicize_message":""},"categories":[6],"tags":[],"jetpack_featured_media_url":"https:\/\/notinor.com\/jujuy\/wp-content\/uploads\/2024\/11\/BRASIL.jpg","jetpack_publicize_connections":[],"_links":{"self":[{"href":"https:\/\/notinor.com\/jujuy\/wp-json\/wp\/v2\/posts\/419182"}],"collection":[{"href":"https:\/\/notinor.com\/jujuy\/wp-json\/wp\/v2\/posts"}],"about":[{"href":"https:\/\/notinor.com\/jujuy\/wp-json\/wp\/v2\/types\/post"}],"author":[{"embeddable":true,"href":"https:\/\/notinor.com\/jujuy\/wp-json\/wp\/v2\/users\/5"}],"replies":[{"embeddable":true,"href":"https:\/\/notinor.com\/jujuy\/wp-json\/wp\/v2\/comments?post=419182"}],"version-history":[{"count":1,"href":"https:\/\/notinor.com\/jujuy\/wp-json\/wp\/v2\/posts\/419182\/revisions"}],"predecessor-version":[{"id":419184,"href":"https:\/\/notinor.com\/jujuy\/wp-json\/wp\/v2\/posts\/419182\/revisions\/419184"}],"wp:featuredmedia":[{"embeddable":true,"href":"https:\/\/notinor.com\/jujuy\/wp-json\/wp\/v2\/media\/419183"}],"wp:attachment":[{"href":"https:\/\/notinor.com\/jujuy\/wp-json\/wp\/v2\/media?parent=419182"}],"wp:term":[{"taxonomy":"category","embeddable":true,"href":"https:\/\/notinor.com\/jujuy\/wp-json\/wp\/v2\/categories?post=419182"},{"taxonomy":"post_tag","embeddable":true,"href":"https:\/\/notinor.com\/jujuy\/wp-json\/wp\/v2\/tags?post=419182"}],"curies":[{"name":"wp","href":"https:\/\/api.w.org\/{rel}","templated":true}]}}