{"id":419179,"date":"2024-11-14T10:38:23","date_gmt":"2024-11-14T13:38:23","guid":{"rendered":"https:\/\/notinor.com\/jujuy\/?p=419179"},"modified":"2024-11-14T10:38:25","modified_gmt":"2024-11-14T13:38:25","slug":"la-justicia-le-ordeno-a-mauro-icardi-abstenerse-de-actos-de-perturbacion-contra-wanda-nara","status":"publish","type":"post","link":"https:\/\/notinor.com\/jujuy\/la-justicia-le-ordeno-a-mauro-icardi-abstenerse-de-actos-de-perturbacion-contra-wanda-nara\/","title":{"rendered":"La Justicia le orden\u00f3 a Mauro Icardi \u201cabstenerse de actos de perturbaci\u00f3n\u201d contra Wanda Nara"},"content":{"rendered":"\n<p class=\"has-medium-font-size\"><strong><em>En medio del esc\u00e1ndalo, TN Show tuvo acceso a la notificaci\u00f3n en la que tambi\u00e9n se le pide al futbolista \u201cdisponer el ingreso\u201d de la medi\u00e1tica al departamento de Avenida del Libertador.<\/em><\/strong><\/p>\n\n\n<div class=\"wp-block-image\">\n<figure class=\"aligncenter\"><img decoding=\"async\" src=\"https:\/\/tn.com.ar\/resizer\/v2\/wanda-nara-y-mauro-icardi-en-medio-de-un-escandalo-judicial-foto-instagramwandanara-mauroicardi-YSTY4QMRAFEQVEHJSIUOCUOJ3I.jpg?auth=219987436e8e4df2fc88cc981447cccd89e591c31618f2891bac549d21bfce2f&amp;width=767\" alt=\"Wanda Nara y Mauro Icardi en medio de un esc\u00e1ndalo judicial. (Foto: Instagram\/wanda_nara - mauroicardi)\"\/><figcaption class=\"wp-element-caption\">Wanda Nara y Mauro Icardi en medio de un esc\u00e1ndalo judicial<\/figcaption><\/figure><\/div>\n\n\n<p>La pol\u00e9mica entre <strong>Wanda Nara<\/strong> y <strong>Mauro Icardi<\/strong> sum\u00f3 un cap\u00edtulo m\u00e1s. Es que, en las \u00faltimas horas,\u00a0<strong>TN Show<\/strong>\u00a0accedi\u00f3 al pedido que la\u00a0<strong>Justicia\u00a0<\/strong>le hizo al delantero del Galatasaray.<\/p>\n\n\n\n<p>En la notificaci\u00f3n se le solicita al futbolista \u201c<strong>abstenerse de actos de perturbaci\u00f3n<\/strong>&nbsp;o&nbsp;<strong>intimidaci\u00f3n&nbsp;<\/strong>directa o indirecta\u201d respecto a la mam\u00e1 de sus hijas Isabella y Francesca. La denuncia fue radicada en el<strong>&nbsp;Juzgado Civil 106<\/strong>.<\/p>\n\n\n\n<p>La Justicia le pide a Mauro Icardi&nbsp;<strong>\u201cdisponer el ingreso\u201d<\/strong>&nbsp;de Wanda Nara a su domicilio ubicado en la Avenida del Libertador. Adem\u00e1s, en la intimaci\u00f3n se lo convoca al jugador a una&nbsp;<strong>audiencia&nbsp;<\/strong>este viernes 15 de noviembre a las 10 de la ma\u00f1ana.<\/p>\n\n\n<div class=\"wp-block-image\">\n<figure class=\"aligncenter\"><img decoding=\"async\" src=\"https:\/\/tn.com.ar\/resizer\/v2\/mientras-wanda-nara-vive-su-romance-con-l-gante-la-justicia-notifico-a-mauro-icardi-foto-instagramwandanara-mauroicardi-L6CK22Y6GFCMFEOSMJBPHU6SBU.jpg?auth=57cb0eaff12843d6dfde746e98a42ed325b3729f0b69a17dc184d4ce621bcf49&amp;width=767\" alt=\"Mientras Wanda Nara vive su romance con L-Gante, la Justicia notific\u00f3 a Mauro Icardi. (Foto: Instagram\/wanda_nara - mauroicardi)\"\/><figcaption class=\"wp-element-caption\">Mientras Wanda Nara vive su romance con L-Gante, la Justicia notific\u00f3 a Mauro Icardi<\/figcaption><\/figure><\/div>\n\n\n<p><strong>Aseguran que Wanda denunciar\u00e1 a Mauro por el robo de una suma millonaria<\/strong><\/p>\n\n\n\n<p>En las \u00faltimas horas, se conoci\u00f3 que la empresaria denunci\u00f3 a su exmarido por\u00a0<strong>violencia de g\u00e9nero<\/strong>. Adem\u00e1s, la medi\u00e1tica consigui\u00f3 una orden de desalojo para que el futbolista abandonara el departamento que compart\u00edan en el\u00a0<strong>Chateau Libertador<\/strong>.<\/p>\n\n\n\n<p>En medio del esc\u00e1ndalo, tambi\u00e9n trascendi\u00f3 que Wanda&nbsp;<strong>denunciar\u00e1 a Icardi por el robo de US$70.000<\/strong>. El hecho fue dado a conocer por Pepe Ochoa, productor de<em>&nbsp;LAM (Am\u00e9rica)<\/em>.<\/p>\n\n\n<div class=\"wp-block-image\">\n<figure class=\"aligncenter\"><img decoding=\"async\" src=\"https:\/\/tn.com.ar\/resizer\/v2\/wanda-nara-y-l-gante-mas-enamorados-que-nunca-foto-instagram-lgantekeloke-DZM5T7K4UFAJZCXA3D6YISQZ3A.jpg?auth=d3dfa7db9c7073ba472f331c5d0add8c24d3a58d6c6036d7832025e69ffd13b8&amp;width=767\" alt=\"Wanda Nara y L-Gante, m\u00e1s enamorados que nunca. (Foto: Instagram \/ lgante_keloke)\"\/><figcaption class=\"wp-element-caption\">Wanda Nara y L-Gante, m\u00e1s enamorados que nunca<\/figcaption><\/figure><\/div>\n\n\n<p>M\u00e1s all\u00e1 de este enfrentamiento legal, la medi\u00e1tica no duda en demostrar p\u00fablicamente el amor que siente por L-Gante. \u201c<strong>Ella va a pelear contra viento y marea y va a seguir con \u00e9l<\/strong>. Otra de las cosas que la tiene muy afectada son las cr\u00edticas en las redes. A ella la tiene indignada que la opini\u00f3n p\u00fablica est\u00e1 un poco a favor de Mauro y muy en contra de ella\u201d, cont\u00f3 Yanina Latorre en el programa de \u00c1ngel de Brito por la charla que tuvo con la empresaria.<\/p>\n\n\n\n<p>\u201cMe dijo: \u2018Yo s\u00e9 que \u00e9l es diferente a m\u00ed, que se expresa distinto, que tiene otra manera de vivir, pero yo me enamor\u00e9\u2019\u201d, coment\u00f3 la panelista. Acto seguido, revel\u00f3 en qu\u00e9 momento comenz\u00f3 el noviazgo con el artista: \u201cElla me dijo que es una relaci\u00f3n seria, qu<strong>e ella le plante\u00f3 que necesita t\u00edtulos<\/strong>, poner fechas y un v\u00ednculo. Ella es la novia de Eli\u00e1n le guste a quien le guste\u201d.<\/p>\n\n\n\n<p>Sobre la fecha exacta y el final de su matrimonio con Icardi, concluy\u00f3: \u201c<strong>Se pusieron de novios el d\u00eda anterior a la fiesta de Bake Off, hace 12 d\u00edas. Se puso de novia el primero de noviembre<\/strong>. Ella est\u00e1 separada hace meses largos. Me dijo que le est\u00e1 costando mucho cortar el v\u00ednculo porque Mauro no lo entiende. No me habl\u00f3 mal de Mauro, ni lo critic\u00f3 ni lo humill\u00f3 en ning\u00fan momento. Ella est\u00e1 muerta con L-Gante, me lo dijo 90 veces\u201d.<\/p>\n","protected":false},"excerpt":{"rendered":"<p>En medio del esc\u00e1ndalo, TN Show tuvo acceso a la notificaci\u00f3n en la que tambi\u00e9n se le pide al futbolista \u201cdisponer el ingreso\u201d de la medi\u00e1tica al departamento de Avenida del Libertador. La pol\u00e9mica entre Wanda Nara y Mauro Icardi sum\u00f3 un cap\u00edtulo m\u00e1s. Es que, en las \u00faltimas horas,\u00a0TN Show\u00a0accedi\u00f3 al pedido que la\u00a0Justicia\u00a0le [&hellip;]<\/p>\n","protected":false},"author":5,"featured_media":419180,"comment_status":"open","ping_status":"open","sticky":false,"template":"","format":"standard","meta":{"_stopmodifiedupdate":false,"_modified_date":"","inline_featured_image":false,"spay_email":"","jetpack_publicize_message":""},"categories":[21],"tags":[],"jetpack_featured_media_url":"https:\/\/notinor.com\/jujuy\/wp-content\/uploads\/2024\/11\/ICARDI.jpg","jetpack_publicize_connections":[],"_links":{"self":[{"href":"https:\/\/notinor.com\/jujuy\/wp-json\/wp\/v2\/posts\/419179"}],"collection":[{"href":"https:\/\/notinor.com\/jujuy\/wp-json\/wp\/v2\/posts"}],"about":[{"href":"https:\/\/notinor.com\/jujuy\/wp-json\/wp\/v2\/types\/post"}],"author":[{"embeddable":true,"href":"https:\/\/notinor.com\/jujuy\/wp-json\/wp\/v2\/users\/5"}],"replies":[{"embeddable":true,"href":"https:\/\/notinor.com\/jujuy\/wp-json\/wp\/v2\/comments?post=419179"}],"version-history":[{"count":1,"href":"https:\/\/notinor.com\/jujuy\/wp-json\/wp\/v2\/posts\/419179\/revisions"}],"predecessor-version":[{"id":419181,"href":"https:\/\/notinor.com\/jujuy\/wp-json\/wp\/v2\/posts\/419179\/revisions\/419181"}],"wp:featuredmedia":[{"embeddable":true,"href":"https:\/\/notinor.com\/jujuy\/wp-json\/wp\/v2\/media\/419180"}],"wp:attachment":[{"href":"https:\/\/notinor.com\/jujuy\/wp-json\/wp\/v2\/media?parent=419179"}],"wp:term":[{"taxonomy":"category","embeddable":true,"href":"https:\/\/notinor.com\/jujuy\/wp-json\/wp\/v2\/categories?post=419179"},{"taxonomy":"post_tag","embeddable":true,"href":"https:\/\/notinor.com\/jujuy\/wp-json\/wp\/v2\/tags?post=419179"}],"curies":[{"name":"wp","href":"https:\/\/api.w.org\/{rel}","templated":true}]}}