{"id":419176,"date":"2024-11-14T10:22:40","date_gmt":"2024-11-14T13:22:40","guid":{"rendered":"https:\/\/notinor.com\/jujuy\/?p=419176"},"modified":"2024-11-14T10:22:42","modified_gmt":"2024-11-14T13:22:42","slug":"milei-se-encontrara-con-trump-en-mar-a-lago-para-analizar-la-agenda-internacional-y-profundizar-las-relaciones-personales","status":"publish","type":"post","link":"https:\/\/notinor.com\/jujuy\/milei-se-encontrara-con-trump-en-mar-a-lago-para-analizar-la-agenda-internacional-y-profundizar-las-relaciones-personales\/","title":{"rendered":"Milei se encontrar\u00e1 con Trump en Mar-a-Lago para analizar la agenda internacional y profundizar las relaciones personales"},"content":{"rendered":"\n<p class=\"has-medium-font-size\"><strong><em>El mandatario argentino despeg\u00f3 esta madrugada para participar con el presidente electo de Estados Unidos en la Conferencia Pol\u00edtica de Acci\u00f3n Conservadora, un escenario que convoca a inversores, banqueros y futuros miembros de la administraci\u00f3n republicana.<\/em><\/strong><\/p>\n\n\n\n<p class=\"has-text-align-center\"><img decoding=\"async\" loading=\"lazy\" height=\"1080\" width=\"1920\" src=\"https:\/\/www.infobae.com\/resizer\/v2\/R7IV6IORRVA5ZOKRGB4D2KGCRE.jpg?auth=daad78b75f7a70003f78a03f16ed03380cc9bd782362c346f17b7175a8ad2bb4&amp;smart=true&amp;width=350&amp;height=197&amp;quality=85\" alt=\"Javier Milei y Donald Trump se encuentran hoy en Florida, Estados Unidos, adonde tratar\u00e1n la situaci\u00f3n internacional\">Javier Milei y Donald Trump se encuentran hoy en Florida, Estados Unidos, adonde tratar\u00e1n la situaci\u00f3n internacional<\/p>\n\n\n\n<p>(Desde Mar-a-Lago, Estados Unidos)&nbsp;<strong>Javier Milei&nbsp;<\/strong>y&nbsp;<strong>Donald Trump&nbsp;<\/strong>protagonizar\u00e1n hoy un encuentro informal en&nbsp;<em>Mar-a-Lago,<\/em>&nbsp;adonde est\u00e1 convocada la Conferencia Pol\u00edtica de Acci\u00f3n Conservadora (<strong>CPAC)<\/strong>, que reunir\u00e1 durante las pr\u00f3ximas&nbsp;<strong>72 horas<\/strong>&nbsp;al poder de&nbsp;<strong>Estados Unidos<\/strong>&nbsp;que apost\u00f3 por&nbsp;<strong>la victoria del candidato republicano&nbsp;<\/strong>en las elecciones presidenciales del pasado&nbsp;<strong>5 de noviembre<\/strong>.<\/p>\n\n\n\n<p>Milei&nbsp;<strong>parti\u00f3<\/strong>&nbsp;esta madrugada desde Buenos Aires junto a la secretaria General de la Presidencia,&nbsp;<strong>Karina Milei,<\/strong>&nbsp;y ser\u00e1 recibido por&nbsp;<strong>el canciller Gerardo Werthein<\/strong>&nbsp;en el aeropuerto de&nbsp;<em>Palm Beach West<\/em>. El Presidente y su&nbsp;<strong>acotada comitiva<\/strong>&nbsp;se alojar\u00e1 en<strong>&nbsp;un hotel&nbsp;<\/strong>a escasos kil\u00f3metros de la residencia que Trump posee en Mar-a-Lago.<\/p>\n\n\n\n<p>El jueves a la tarde hay un&nbsp;<strong>coctel exclusivo<\/strong>&nbsp;para 300 personas que son<strong>&nbsp;invitados especiales&nbsp;<\/strong>del presidente electo. All\u00ed habr\u00e1&nbsp;<strong>un primer contacto<\/strong>&nbsp;con Trump, que como Milei,&nbsp;<strong>es orador en la CPAC.<\/strong><\/p>\n\n\n\n<p>Adem\u00e1s de la cita informal con el pr\u00f3ximo presidente de los Estados Unidos, Milei dialogar\u00e1 con&nbsp;<strong>Elon Musk,<\/strong>&nbsp;que tendr\u00e1 un cargo clave en la administraci\u00f3n republicana y se&nbsp;<strong>transform\u00f3<\/strong>&nbsp;en el principal consejero de Trump.<\/p>\n\n\n\n<p>Musk&nbsp;<strong>volte\u00f3 la designaci\u00f3n de Mike Pompeo<\/strong>&nbsp;como secretario de Defensa, y en Mar-a-Lago se convirti\u00f3 en la sombra de Trump. La familia del presidente electo<strong>&nbsp;lo llama \u201ct\u00edo\u201d,<\/strong>&nbsp;y durante la conversaci\u00f3n reservada entre Trump y&nbsp;<strong>Volod\u00edmir Zelenski,<\/strong>&nbsp;el due\u00f1o de Tesla particip\u00f3 como si fuera&nbsp;<strong>un consejero de seguridad nacional<\/strong>.<\/p>\n\n\n\n<p>Trump utiliza su mansi\u00f3n all\u00ed como si fuera la&nbsp;<strong>Casa Blanca.<\/strong>&nbsp;Mantiene reuniones con sus principales asesores,&nbsp;<strong>recibe visitas internacionales,<\/strong>&nbsp;juega al golf con sus amigos y pasa much\u00edsimo tiempo frente a su&nbsp;<strong>computadora personal&nbsp;<\/strong>para revisar documentos secretos y tomar decisiones de estado.<\/p>\n\n\n\n<p>El domingo pasado, por ejemplo, se encontr\u00f3 con&nbsp;<strong>Ron Dermer&nbsp;<\/strong>-ministro de Asuntos Estrat\u00e9gicos de Israel- para<strong>&nbsp;tratar&nbsp;<\/strong>la situaci\u00f3n en Medio Oriente. Y horas despu\u00e9s mantuvo un c\u00f3nclave con sus consejeros para definir&nbsp;<strong>las nominaciones&nbsp;<\/strong>en la<strong>&nbsp;Secretar\u00eda de Defensa<\/strong>&nbsp;y en el&nbsp;<strong>Consejo de Seguridad Nacional<\/strong>.<\/p>\n\n\n\n<p><strong>\u201cEl presidente quiere quedarse en Mar-a-Lago.\u00a0<\/strong>Viaj\u00f3 a DC (ayer) por la reuni\u00f3n con\u00a0<strong>(Joe) Biden.<\/strong>\u00a0Y ya todos se dieron cuenta de que estar ac\u00e1 es muy importante. La gente se multiplica de\u00a0<strong>jueves a la noche hasta el domingo tarde<\/strong>. Est\u00e1n dando vueltas, van a la piscina y juegan al golf.\u00a0<strong>Y aprovechan la oportunidad\u00a0<\/strong>para cambiar un di\u00e1logo con el presidente o compartir unos minutos con Elon (Musk)\u201d, coment\u00f3 a\u00a0<strong>Infobae\u00a0<\/strong>un\u00a0<em>habitu\u00e9\u00a0<\/em>de las\u00a0<strong>tertulias republicanas\u00a0<\/strong>en el condo de la familia Trump.<\/p>\n\n\n\n<p class=\"has-text-align-center\"><img decoding=\"async\" loading=\"lazy\" height=\"1301\" width=\"1701\" src=\"https:\/\/www.infobae.com\/resizer\/v2\/SO6PJNYT7RBMXD5PKSQNBRBQUY.jpg?auth=803f44fdc9d58968ff45fd997045f754d36ea08ce8be540a22bb025e440d5a02&amp;smart=true&amp;width=350&amp;height=263&amp;quality=85\" alt=\"Donald Trump tiene una agenda apretada en Mar-a-Lago: se re\u00fane con sus asesores, dialog\u00f3 con l\u00edderes mundiales, prepara sus primeras medidas de gobierno y juega al golf con sus amigos republicanos\">Donald Trump tiene una agenda apretada en Mar-a-Lago: se re\u00fane con sus asesores, dialog\u00f3 con l\u00edderes mundiales, prepara sus primeras medidas de gobierno y juega al golf con sus amigos republicanos<\/p>\n\n\n\n<p>Milei se reunir\u00e1 con Trump y tendr\u00e1 un primer contacto informal con&nbsp;<strong>J.D. Vance,<\/strong>&nbsp;vicepresidente electo de Estados Unidos. Asimismo, el mandatario argentino se encontrar\u00e1 con&nbsp;<strong>importantes CEO\u00b4s y banqueros&nbsp;<\/strong>que cavilan sobre la posibilidad de invertir en el pa\u00eds.<\/p>\n\n\n\n<p>En estas charlas sin protocolo establecido,&nbsp;<strong>Milei tiene una ventaja estrat\u00e9gica:<\/strong>&nbsp;ser\u00e1 visto al lado de Trump, que el pr\u00f3ximo&nbsp;<strong>20 de enero&nbsp;<\/strong>ocupar\u00e1 la Casa Blanca.<\/p>\n\n\n\n<p>-<em>\u00bfC\u00f3mo ser\u00e1 la conversaci\u00f3n con Trump?<\/em>-, pregunt\u00f3<strong>&nbsp;Infobae a&nbsp;<\/strong>un influyente miembro del gabinete nacional.<\/p>\n\n\n\n<p><strong>-Ser\u00e1 la charla entre dos amigos que se encuentran, se respetan y se admiran-<\/strong>, contest\u00f3.<\/p>\n\n\n\n<p><em>-\u00bfEl Presidente lleva un temario al encuentro?<\/em><\/p>\n\n\n\n<p><strong>-No. Es una charla abierta, no es una reuni\u00f3n bilateral. Hay afinidad ideol\u00f3gica y personal, eso define el temario.<\/strong><\/p>\n\n\n\n<p>Cuando termine el coctel en Mar-a-Lago, Milei regresar\u00e1 a su hotel junto a Karina Milei y Werthein. Al otro d\u00eda, el presidente expondr\u00e1 ante los invitados especiales de la CPAC. Su intenci\u00f3n es plantear&nbsp;<strong>c\u00f3mo piensa el mundo<\/strong>&nbsp;y c\u00f3mo observa la actual agenda internacional, que est\u00e1 atravesada por&nbsp;<strong>la guerra en Ucrania<\/strong>, el&nbsp;<strong>conflicto en Medio Oriente<\/strong>&nbsp;y la permanente ofensiva global de<strong>&nbsp;China.<\/strong><\/p>\n\n\n\n<p><strong>El viernes a la noche&nbsp;<\/strong>regresa a Buenos Aires.<\/p>\n","protected":false},"excerpt":{"rendered":"<p>El mandatario argentino despeg\u00f3 esta madrugada para participar con el presidente electo de Estados Unidos en la Conferencia Pol\u00edtica de Acci\u00f3n Conservadora, un escenario que convoca a inversores, banqueros y futuros miembros de la administraci\u00f3n republicana. Javier Milei y Donald Trump se encuentran hoy en Florida, Estados Unidos, adonde tratar\u00e1n la situaci\u00f3n internacional (Desde Mar-a-Lago, [&hellip;]<\/p>\n","protected":false},"author":5,"featured_media":419177,"comment_status":"open","ping_status":"open","sticky":false,"template":"","format":"standard","meta":{"_stopmodifiedupdate":false,"_modified_date":"","inline_featured_image":false,"spay_email":"","jetpack_publicize_message":""},"categories":[501],"tags":[],"jetpack_featured_media_url":"https:\/\/notinor.com\/jujuy\/wp-content\/uploads\/2024\/11\/MILEI-5.jpg","jetpack_publicize_connections":[],"_links":{"self":[{"href":"https:\/\/notinor.com\/jujuy\/wp-json\/wp\/v2\/posts\/419176"}],"collection":[{"href":"https:\/\/notinor.com\/jujuy\/wp-json\/wp\/v2\/posts"}],"about":[{"href":"https:\/\/notinor.com\/jujuy\/wp-json\/wp\/v2\/types\/post"}],"author":[{"embeddable":true,"href":"https:\/\/notinor.com\/jujuy\/wp-json\/wp\/v2\/users\/5"}],"replies":[{"embeddable":true,"href":"https:\/\/notinor.com\/jujuy\/wp-json\/wp\/v2\/comments?post=419176"}],"version-history":[{"count":1,"href":"https:\/\/notinor.com\/jujuy\/wp-json\/wp\/v2\/posts\/419176\/revisions"}],"predecessor-version":[{"id":419178,"href":"https:\/\/notinor.com\/jujuy\/wp-json\/wp\/v2\/posts\/419176\/revisions\/419178"}],"wp:featuredmedia":[{"embeddable":true,"href":"https:\/\/notinor.com\/jujuy\/wp-json\/wp\/v2\/media\/419177"}],"wp:attachment":[{"href":"https:\/\/notinor.com\/jujuy\/wp-json\/wp\/v2\/media?parent=419176"}],"wp:term":[{"taxonomy":"category","embeddable":true,"href":"https:\/\/notinor.com\/jujuy\/wp-json\/wp\/v2\/categories?post=419176"},{"taxonomy":"post_tag","embeddable":true,"href":"https:\/\/notinor.com\/jujuy\/wp-json\/wp\/v2\/tags?post=419176"}],"curies":[{"name":"wp","href":"https:\/\/api.w.org\/{rel}","templated":true}]}}