{"id":419161,"date":"2024-11-14T09:35:55","date_gmt":"2024-11-14T12:35:55","guid":{"rendered":"https:\/\/notinor.com\/jujuy\/?p=419161"},"modified":"2024-11-14T09:35:57","modified_gmt":"2024-11-14T12:35:57","slug":"ledesma-realiza-hoy-la-expo-emprendamos-para-fortalecer-la-educacion-y-el-desarrollo-local","status":"publish","type":"post","link":"https:\/\/notinor.com\/jujuy\/ledesma-realiza-hoy-la-expo-emprendamos-para-fortalecer-la-educacion-y-el-desarrollo-local\/","title":{"rendered":"<strong>Ledesma realiza hoy la Expo Emprendamos para fortalecer la educaci\u00f3n y el desarrollo local<\/strong>"},"content":{"rendered":"\n<p class=\"has-medium-font-size\"><em><strong>Se trata de una jornada en la que estudiantes de Libertador General San Mart\u00edn presentar\u00e1n proyectos de negocio que buscan crear un impacto social.<\/strong><\/em><\/p>\n\n\n<div class=\"wp-block-image\">\n<figure class=\"aligncenter size-full\"><img decoding=\"async\" loading=\"lazy\" width=\"769\" height=\"417\" src=\"https:\/\/notinor.com\/jujuy\/wp-content\/uploads\/2024\/11\/POLIDEPORTIVO.jpg\" alt=\"\" class=\"wp-image-419162\" srcset=\"https:\/\/notinor.com\/jujuy\/wp-content\/uploads\/2024\/11\/POLIDEPORTIVO.jpg 769w, https:\/\/notinor.com\/jujuy\/wp-content\/uploads\/2024\/11\/POLIDEPORTIVO-660x358.jpg 660w, https:\/\/notinor.com\/jujuy\/wp-content\/uploads\/2024\/11\/POLIDEPORTIVO-750x407.jpg 750w\" sizes=\"(max-width: 769px) 100vw, 769px\" \/><\/figure><\/div>\n\n\n<p>Estudiantes de \u00faltimo a\u00f1o del Colegio FASTA \u201cIng. Jos\u00e9 Mar\u00eda Paz\u201d, el Colegio T\u00e9cnico \u201cIng. Herminio Arrieta\u201d (ETHA) y la Escuela de Oficios de la empresa Ledesma, fueron convocados por la compa\u00f1\u00eda agroindustrial a formar parte de la experiencia Expo Emprendamos con el objetivo de crear soluciones creativas, rentables y sustentables para tratar problem\u00e1ticas locales.<\/p>\n\n\n\n<p>Hoy jueves 14 de noviembre de 9 a 11 h en el Polideportivo de la ETHA los j\u00f3venes presentaran alrededor de 30 proyectos de negocio que desarrollaron durante todo el a\u00f1o. Los stands podr\u00e1n recorrerse de manera libre y gratuita y al mismo tiempo ser\u00e1n evaluados por un jurado de preselecci\u00f3n que evaluar\u00e1 las propuestas por distintos criterios como m\u00e9rito innovador, viabilidad y sostenibilidad, entre otros aspectos.<\/p>\n\n\n\n<p>Propuestas comerciales, aplicaciones digitales, materiales de construcci\u00f3n sostenible, productos novedosos y servicios para clientes espec\u00edficos ser\u00e1n revisados por tres evaluadores: Jos\u00e9 Tasquer (empresa Ledesma), Bel\u00e9n Castro (especialista en Educaci\u00f3n y Tecnolog\u00eda) y Ver\u00f3nica Parentis (comunicadora y emprendedora).<\/p>\n\n\n\n<p>A partir de las 11 h, los alumnos deber\u00e1n \u201cvender\u201d sus ideas y productos al jurado principal, integrado por: Oscar Jayat, intendente de Libertador General San Mart\u00edn; Ramiro Tejada, secretario de Planificaci\u00f3n de la Provincia; Delia Cruz, representante del Observatorio Tecnol\u00f3gico de la Facultad de Ingenier\u00eda; Ingrid Carretero, directora provincial de Relaciones con la Sociedad Civil y Federico Gatti, administrador general de Ledesma.<\/p>\n\n\n\n<p>La modalidad elegida para presentaci\u00f3n de los proyectos es el \u201cpitch\u201d, un tipo de discurso efectivo, que los j\u00f3venes vienen preparando en simult\u00e1neo que el desarrollo de sus ideas de negocio.<\/p>\n\n\n\n<p>La empresa Ledesma instal\u00f3 en Libertador el programa \u201cEmprendamos\u201d, desarrollado por expertos en innovaci\u00f3n educativa de la editorial Logos y la fundaci\u00f3n especialista en emprendedores de alto impacto, Endeavor, con el objetivo de fomentar en los j\u00f3venes el esp\u00edritu emprendedor a partir del dise\u00f1o y ejecuci\u00f3n de proyectos. Promover el desarrollo de habilidades blandas y competencias digitales necesarias para insertarse en el mundo laboral del siglo XXI.<\/p>\n","protected":false},"excerpt":{"rendered":"<p>Se trata de una jornada en la que estudiantes de Libertador General San Mart\u00edn presentar\u00e1n proyectos de negocio que buscan crear un impacto social. Estudiantes de \u00faltimo a\u00f1o del Colegio FASTA \u201cIng. Jos\u00e9 Mar\u00eda Paz\u201d, el Colegio T\u00e9cnico \u201cIng. Herminio Arrieta\u201d (ETHA) y la Escuela de Oficios de la empresa Ledesma, fueron convocados por la [&hellip;]<\/p>\n","protected":false},"author":5,"featured_media":419162,"comment_status":"open","ping_status":"open","sticky":false,"template":"","format":"standard","meta":{"_stopmodifiedupdate":false,"_modified_date":"","inline_featured_image":false,"spay_email":"","jetpack_publicize_message":""},"categories":[4],"tags":[],"jetpack_featured_media_url":"https:\/\/notinor.com\/jujuy\/wp-content\/uploads\/2024\/11\/POLIDEPORTIVO.jpg","jetpack_publicize_connections":[],"_links":{"self":[{"href":"https:\/\/notinor.com\/jujuy\/wp-json\/wp\/v2\/posts\/419161"}],"collection":[{"href":"https:\/\/notinor.com\/jujuy\/wp-json\/wp\/v2\/posts"}],"about":[{"href":"https:\/\/notinor.com\/jujuy\/wp-json\/wp\/v2\/types\/post"}],"author":[{"embeddable":true,"href":"https:\/\/notinor.com\/jujuy\/wp-json\/wp\/v2\/users\/5"}],"replies":[{"embeddable":true,"href":"https:\/\/notinor.com\/jujuy\/wp-json\/wp\/v2\/comments?post=419161"}],"version-history":[{"count":1,"href":"https:\/\/notinor.com\/jujuy\/wp-json\/wp\/v2\/posts\/419161\/revisions"}],"predecessor-version":[{"id":419163,"href":"https:\/\/notinor.com\/jujuy\/wp-json\/wp\/v2\/posts\/419161\/revisions\/419163"}],"wp:featuredmedia":[{"embeddable":true,"href":"https:\/\/notinor.com\/jujuy\/wp-json\/wp\/v2\/media\/419162"}],"wp:attachment":[{"href":"https:\/\/notinor.com\/jujuy\/wp-json\/wp\/v2\/media?parent=419161"}],"wp:term":[{"taxonomy":"category","embeddable":true,"href":"https:\/\/notinor.com\/jujuy\/wp-json\/wp\/v2\/categories?post=419161"},{"taxonomy":"post_tag","embeddable":true,"href":"https:\/\/notinor.com\/jujuy\/wp-json\/wp\/v2\/tags?post=419161"}],"curies":[{"name":"wp","href":"https:\/\/api.w.org\/{rel}","templated":true}]}}