{"id":417003,"date":"2024-10-08T10:53:16","date_gmt":"2024-10-08T13:53:16","guid":{"rendered":"https:\/\/notinor.com\/jujuy\/?p=417003"},"modified":"2024-10-08T10:55:49","modified_gmt":"2024-10-08T13:55:49","slug":"aclaracion-sobre-la-transparencia-y-las-auditorias-a-las-universidades-nacionales","status":"publish","type":"post","link":"https:\/\/notinor.com\/jujuy\/aclaracion-sobre-la-transparencia-y-las-auditorias-a-las-universidades-nacionales\/","title":{"rendered":"Aclaraci\u00f3n sobre la transparencia y las auditor\u00edas a las Universidades Nacionales"},"content":{"rendered":"\n<p class=\"has-medium-font-size\"><strong><em>Ante las afirmaciones falaces y mal intencionadas de Maurico Macri, la Universidad de Buenos Aires, con el objetivo de NO confundir a la sociedad, se ve en la obligaci\u00f3n de volver a aclarar cuestiones que el ex Presidente ya conoce.&nbsp;<\/em><\/strong><\/p>\n\n\n\n<div class=\"wp-block-cover aligncenter is-light\"><span aria-hidden=\"true\" class=\"wp-block-cover__background has-background-dim\"><\/span><img decoding=\"async\" class=\"wp-block-cover__image-background\" alt=\"\" src=\"https:\/\/uba.ar\/storage\/eSo4DFl8iC4Wd2XN67c61xAzySBT475NzqKDZpb0.jpg\" data-object-fit=\"cover\"\/><div class=\"wp-block-cover__inner-container\">\n<p class=\"has-text-align-center has-large-font-size\">Universidad de Buenos Aires<\/p>\n<\/div><\/div>\n\n\n\n<p>Los comentarios del ex presidente @mauriciomacri est\u00e1n totalmente equivocados. O tiene un profundo desconocimiento sobre el tema o falta groseramente a la verdad.&nbsp;<\/p>\n\n\n\n<p><em>Las Universidades Nacionales son auditadas dentro del marco normativo vigente por la Auditor\u00eda General de la Naci\u00f3n (AGN), que audita a todo el Estado Nacional y no solo a las universidades. En el caso particular de la UBA, la \u00faltima auditoria que la AGN realiz\u00f3, finaliz\u00f3 en el a\u00f1o 2023, tal cual se desprende de la propia p\u00e1gina web del organismo (<\/em><a href=\"https:\/\/www.agn.gob.ar\/\"><em>https:\/\/www.agn.gob.ar\/<\/em><\/a><em>)<\/em><\/p>\n\n\n\n<p><em>En las Universidades existen, adem\u00e1s, auditor\u00edas internas, cuyos responsables son elegidos por cuerpos colegiados donde todos los claustros est\u00e1n incluidos. Esto marca una importante diferencia con la auditor\u00eda interna del resto del Estado Nacional, donde el responsable a cargo es una persona designada exclusiva y directamente por el Presidente.<\/em><\/p>\n\n\n\n<p><em>Como si ello no bastara, el Ministerio de Capital Humano, a trav\u00e9s de la Subsecretar\u00eda de Pol\u00edticas Universitarias, recibe mensualmente una rendici\u00f3n de ingresos y gastos. Esa informaci\u00f3n llega todos los meses a Alejandro Alvarez, con m\u00e1ximo nivel de detalle seg\u00fan lo estipulado en las leyes de presupuesto anuales y la Ley de Administraci\u00f3n Financiera.<\/em><\/p>\n\n\n\n<p><em>Adicionalmente, dos veces por a\u00f1o (con fechas de corte 30\/6 y 31\/12), la Universidad le remite al Ministerio de Econom\u00eda (Contadur\u00eda General de la Naci\u00f3n) sus estados contables y cuadros de cierre, con la totalidad de los recursos y erogaciones del periodo. Finalmente, toda la informaci\u00f3n y documentaci\u00f3n que recibe el Ministerio de Econom\u00eda es consolidada y remitida al Congreso de la Naci\u00f3n.<\/em><\/p>\n\n\n\n<p><em>Durante el gobierno del Ing. Macri, el Estado Nacional impuls\u00f3 numerosos convenios de cooperaci\u00f3n t\u00e9cnica con nuestra Universidad. La decisi\u00f3n de su gobierno de solicitar &nbsp;dicha asistencia a esta casa de estudios, como tambi\u00e9n lo hacen empresas, la Justicia Federal o el Congreso de la Naci\u00f3n, son indicativos del prestigio y la transparencia de nuestra instituci\u00f3n.<\/em><\/p>\n\n\n\n<p><em>Queremos una universidad p\u00fablica a la altura de la formaci\u00f3n e investigaci\u00f3n que nuestra sociedad necesita y ex presidentes que est\u00e9n a la altura de lo que el debate p\u00fablico necesita: que no falten a la verdad, que no desconozcan lo que administraron.<\/em><\/p>\n\n\n\n<p><strong>Ricardo Gelpi, Rector de la Universidad de Buenos Aires<\/strong><\/p>\n","protected":false},"excerpt":{"rendered":"<p>Ante las afirmaciones falaces y mal intencionadas de Maurico Macri, la Universidad de Buenos Aires, con el objetivo de NO confundir a la sociedad, se ve en la obligaci\u00f3n de volver a aclarar cuestiones que el ex Presidente ya conoce.&nbsp; Los comentarios del ex presidente @mauriciomacri est\u00e1n totalmente equivocados. O tiene un profundo desconocimiento sobre [&hellip;]<\/p>\n","protected":false},"author":5,"featured_media":417004,"comment_status":"open","ping_status":"open","sticky":false,"template":"","format":"standard","meta":{"_stopmodifiedupdate":false,"_modified_date":"","inline_featured_image":false},"categories":[2,5],"tags":[],"jetpack_featured_media_url":"https:\/\/notinor.com\/jujuy\/wp-content\/uploads\/2024\/10\/uba.jpg","_links":{"self":[{"href":"https:\/\/notinor.com\/jujuy\/wp-json\/wp\/v2\/posts\/417003"}],"collection":[{"href":"https:\/\/notinor.com\/jujuy\/wp-json\/wp\/v2\/posts"}],"about":[{"href":"https:\/\/notinor.com\/jujuy\/wp-json\/wp\/v2\/types\/post"}],"author":[{"embeddable":true,"href":"https:\/\/notinor.com\/jujuy\/wp-json\/wp\/v2\/users\/5"}],"replies":[{"embeddable":true,"href":"https:\/\/notinor.com\/jujuy\/wp-json\/wp\/v2\/comments?post=417003"}],"version-history":[{"count":2,"href":"https:\/\/notinor.com\/jujuy\/wp-json\/wp\/v2\/posts\/417003\/revisions"}],"predecessor-version":[{"id":417007,"href":"https:\/\/notinor.com\/jujuy\/wp-json\/wp\/v2\/posts\/417003\/revisions\/417007"}],"wp:featuredmedia":[{"embeddable":true,"href":"https:\/\/notinor.com\/jujuy\/wp-json\/wp\/v2\/media\/417004"}],"wp:attachment":[{"href":"https:\/\/notinor.com\/jujuy\/wp-json\/wp\/v2\/media?parent=417003"}],"wp:term":[{"taxonomy":"category","embeddable":true,"href":"https:\/\/notinor.com\/jujuy\/wp-json\/wp\/v2\/categories?post=417003"},{"taxonomy":"post_tag","embeddable":true,"href":"https:\/\/notinor.com\/jujuy\/wp-json\/wp\/v2\/tags?post=417003"}],"curies":[{"name":"wp","href":"https:\/\/api.w.org\/{rel}","templated":true}]}}