{"id":416769,"date":"2024-10-03T12:48:14","date_gmt":"2024-10-03T15:48:14","guid":{"rendered":"https:\/\/notinor.com\/jujuy\/?p=416769"},"modified":"2024-10-03T18:08:07","modified_gmt":"2024-10-03T21:08:07","slug":"nacion-le-permitira-a-las-provincias-importar-medicamentos-sin-necesidad-de-autorizacion","status":"publish","type":"post","link":"https:\/\/notinor.com\/jujuy\/nacion-le-permitira-a-las-provincias-importar-medicamentos-sin-necesidad-de-autorizacion\/","title":{"rendered":"Naci\u00f3n le permitir\u00e1 a las provincias importar medicamentos sin necesidad de autorizaci\u00f3n"},"content":{"rendered":"\n<p class=\"has-medium-font-size\"><strong><em>El ministro de Desregulaci\u00f3n y Transformaci\u00f3n del Estado, Federico Sturzenegger, asegur\u00f3 que la medida \u201crevolucionar\u00e1\u201d el mercado.<\/em><\/strong><\/p>\n\n\n<div class=\"wp-block-image\">\n<figure class=\"aligncenter size-full is-resized\"><img decoding=\"async\" loading=\"lazy\" src=\"https:\/\/notinor.com\/jujuy\/wp-content\/uploads\/2024\/10\/REMEDIOS.jpg\" alt=\"\" class=\"wp-image-416770\" width=\"709\" height=\"396\" srcset=\"https:\/\/notinor.com\/jujuy\/wp-content\/uploads\/2024\/10\/REMEDIOS.jpg 655w, https:\/\/notinor.com\/jujuy\/wp-content\/uploads\/2024\/10\/REMEDIOS-653x365.jpg 653w, https:\/\/notinor.com\/jujuy\/wp-content\/uploads\/2024\/10\/REMEDIOS-500x280.jpg 500w\" sizes=\"(max-width: 709px) 100vw, 709px\" \/><figcaption class=\"wp-element-caption\">Naci\u00f3n le permitir\u00e1 a las provincias importar medicamentos sin necesidad de autorizaci\u00f3n<\/figcaption><\/figure><\/div>\n\n\n<p>El Gobierno nacional&nbsp;<strong>permitir\u00e1 a las provincias que puedan comprar<\/strong> <strong>medicamentos&nbsp;en el exterior<\/strong>, sin necesidad de contar con autorizaci\u00f3n. El anuncio lo formul\u00f3 el ministro de Desregulaci\u00f3n y Transformaci\u00f3n del Estado,&nbsp;<strong>Federico Sturzenegger<\/strong>, quien asever\u00f3 que la medida \u201c<em>revolucionar\u00e1<\/em>\u201d el mercado.<\/p>\n\n\n\n<p>\u201c<em>En las pr\u00f3ximas horas el gobernador (de Mendoza)&nbsp;<strong>Alfredo Cornejo&nbsp;<\/strong>recibir\u00e1 una carta del ministro de Salud,&nbsp;<\/em><strong>Mario Lugones<\/strong>,<em> que&nbsp;<strong>revolucionar\u00e1 el mercado de medicamentos<\/strong>&nbsp;en Argentina porque confirmar\u00e1 que la Ley 16.463 de Medicamentos establece la jurisdicci\u00f3n provincial para la importaci\u00f3n, uso y comercializaci\u00f3n de medicamentos en cada provincia<\/em>\", anticip\u00f3&nbsp;<strong>Federico Sturzenegger<\/strong>&nbsp;con una publicaci\u00f3n en su cuenta en X (ex Twitter).<\/p>\n\n\n\n<figure class=\"wp-block-image\" id=\"cnt_img_8730\"><img decoding=\"async\" src=\"https:\/\/www.cronica.com.ar\/export\/sites\/cronica\/img\/2024\/10\/03\/sturzeneggermensaje.jpg_362354754.jpg\" alt=\"El anuncio de Federico Sturzenegger en sus redes sociales.\" title=\"El anuncio de Federico Sturzenegger en sus redes sociales.\"\/><figcaption class=\"wp-element-caption\">El anuncio de Federico Sturzenegger en sus redes sociales.<\/figcaption><\/figure>\n\n\n\n<p>\u201c<em>En espa\u00f1ol esto quiere decir que el gobernador&nbsp;<strong>no tiene necesidad de autorizaci\u00f3n nacional para importar<\/strong>&nbsp;ning\u00fan tipo de medicamentos<\/em>\u201d, enfatiz\u00f3 el&nbsp;<strong>ministro<\/strong>.<\/p>\n\n\n\n<p><strong>Importaci\u00f3n de medicamentos: el pedido de Alfredo Cornejo y el anuncio de Federico Sturzenegger<\/strong><\/p>\n\n\n\n<p>El gobernador de Mendoza,&nbsp;<strong>Alfredo Cornejo<\/strong>, le hab\u00eda solicitado al Gobierno nacional autorizaci\u00f3n para importar medicamentos desde&nbsp;<strong>India&nbsp;<\/strong>para abaratar costos. &nbsp;<\/p>\n\n\n\n<p>Al respecto,&nbsp;<strong>Federico Sturzenegger&nbsp;<\/strong>apunt\u00f3 que \u201c<em>por el alto costo de los medicamentos, la adherencia a tratamientos en Argentina es de solo el 30%, esto en el \u00fanico pa\u00eds del mundo donde miles de dosis se vencen en sus cajas sin utilizar<\/em>\u201d.<\/p>\n\n\n\n<p>Precis\u00f3 que \"<em>desde 2016 el costo de los medicamentos se ha duplicado en Argentina relativo a Estados Unidos<\/em>\" y subray\u00f3 que \"<em>la reducci\u00f3n del precio de medicamentos es un objetivo obvio del Ministerio de Desregulaci\u00f3n<\/em>\u201d.<\/p>\n\n\n\n<p>Federico Sturzenegger remarc\u00f3 que \u201c<em>las reformas necesitan de marco legal pero tambi\u00e9n de personas que se animen a cambiar las cosas<\/em>\u201d.<\/p>\n\n\n\n<p>\u201c<em>Hoy Alfredo Cornejo y Mario Lugones (y tambi\u00e9n Mario Russo que ven\u00eda trabajando en la misma l\u00ednea) que ven\u00eda trabajando en la misma l\u00ednea) son los h\u00e9roes del d\u00eda. Esperemos se sumen luego el resto de los gobernadores. El que no lo haga es porque no quiere. VLLC!<\/em>\u201d, sentenci\u00f3 el ministro.<\/p>\n","protected":false},"excerpt":{"rendered":"<p>El ministro de Desregulaci\u00f3n y Transformaci\u00f3n del Estado, Federico Sturzenegger, asegur\u00f3 que la medida \u201crevolucionar\u00e1\u201d el mercado. El Gobierno nacional&nbsp;permitir\u00e1 a las provincias que puedan comprar medicamentos&nbsp;en el exterior, sin necesidad de contar con autorizaci\u00f3n. El anuncio lo formul\u00f3 el ministro de Desregulaci\u00f3n y Transformaci\u00f3n del Estado,&nbsp;Federico Sturzenegger, quien asever\u00f3 que la medida \u201crevolucionar\u00e1\u201d el [&hellip;]<\/p>\n","protected":false},"author":5,"featured_media":416770,"comment_status":"open","ping_status":"open","sticky":false,"template":"","format":"standard","meta":{"_stopmodifiedupdate":false,"_modified_date":"","inline_featured_image":false,"spay_email":"","jetpack_publicize_message":""},"categories":[2,5],"tags":[],"jetpack_featured_media_url":"https:\/\/notinor.com\/jujuy\/wp-content\/uploads\/2024\/10\/REMEDIOS.jpg","jetpack_publicize_connections":[],"_links":{"self":[{"href":"https:\/\/notinor.com\/jujuy\/wp-json\/wp\/v2\/posts\/416769"}],"collection":[{"href":"https:\/\/notinor.com\/jujuy\/wp-json\/wp\/v2\/posts"}],"about":[{"href":"https:\/\/notinor.com\/jujuy\/wp-json\/wp\/v2\/types\/post"}],"author":[{"embeddable":true,"href":"https:\/\/notinor.com\/jujuy\/wp-json\/wp\/v2\/users\/5"}],"replies":[{"embeddable":true,"href":"https:\/\/notinor.com\/jujuy\/wp-json\/wp\/v2\/comments?post=416769"}],"version-history":[{"count":2,"href":"https:\/\/notinor.com\/jujuy\/wp-json\/wp\/v2\/posts\/416769\/revisions"}],"predecessor-version":[{"id":416789,"href":"https:\/\/notinor.com\/jujuy\/wp-json\/wp\/v2\/posts\/416769\/revisions\/416789"}],"wp:featuredmedia":[{"embeddable":true,"href":"https:\/\/notinor.com\/jujuy\/wp-json\/wp\/v2\/media\/416770"}],"wp:attachment":[{"href":"https:\/\/notinor.com\/jujuy\/wp-json\/wp\/v2\/media?parent=416769"}],"wp:term":[{"taxonomy":"category","embeddable":true,"href":"https:\/\/notinor.com\/jujuy\/wp-json\/wp\/v2\/categories?post=416769"},{"taxonomy":"post_tag","embeddable":true,"href":"https:\/\/notinor.com\/jujuy\/wp-json\/wp\/v2\/tags?post=416769"}],"curies":[{"name":"wp","href":"https:\/\/api.w.org\/{rel}","templated":true}]}}