{"id":416762,"date":"2024-10-03T12:21:32","date_gmt":"2024-10-03T15:21:32","guid":{"rendered":"https:\/\/notinor.com\/jujuy\/?p=416762"},"modified":"2024-10-03T12:21:34","modified_gmt":"2024-10-03T15:21:34","slug":"murio-hector-mendez-ex-presidente-de-la-uia-durante-los-anos-del-kirchnerismo","status":"publish","type":"post","link":"https:\/\/notinor.com\/jujuy\/murio-hector-mendez-ex-presidente-de-la-uia-durante-los-anos-del-kirchnerismo\/","title":{"rendered":"Muri\u00f3 H\u00e9ctor M\u00e9ndez, ex presidente de la UIA durante los a\u00f1os del kirchnerismo"},"content":{"rendered":"\n<p class=\"has-medium-font-size\"><strong><em>H\u00e9ctor M\u00e9ndez, ex presidente de la\u00a0Uni\u00f3n Industrial Argentina (UIA),\u00a0muri\u00f3 a los 84 a\u00f1os\u00a0este mi\u00e9rcoles despu\u00e9s de pasar varios d\u00edas internados en el Sanatorio Otamendi de la Ciudad de Buenos Aires. Empresario pyme del rubro del pl\u00e1stico, creci\u00f3 en el ambiente industrial, se diversific\u00f3, lleg\u00f3 al mundo de las autopartes y\u00a0condujo la UIA en tres per\u00edodos, en coincidencia con los a\u00f1os del kirchnerismo.<\/em><\/strong><\/p>\n\n\n<div class=\"wp-block-image\">\n<figure class=\"aligncenter size-full is-resized\"><img decoding=\"async\" loading=\"lazy\" src=\"https:\/\/notinor.com\/jujuy\/wp-content\/uploads\/2024\/10\/mendez.jpg\" alt=\"\" class=\"wp-image-416763\" width=\"746\" height=\"548\" srcset=\"https:\/\/notinor.com\/jujuy\/wp-content\/uploads\/2024\/10\/mendez.jpg 600w, https:\/\/notinor.com\/jujuy\/wp-content\/uploads\/2024\/10\/mendez-497x365.jpg 497w\" sizes=\"(max-width: 746px) 100vw, 746px\" \/><figcaption class=\"wp-element-caption\">H\u00e9ctor M\u00e9ndez, ex presidente de la Uni\u00f3n Industrial Argentina (UIA) muri\u00f3 este mi\u00e9rcoles<\/figcaption><\/figure><\/div>\n\n\n<p>Arranc\u00f3 su trayectoria como empresario pyme en el rubro del pl\u00e1stico, donde trab\u00f3 una gran amistad con el sindicalista Jorge Alberto Triaca, ministro de Trabajo de Carlos Menem entre 1989 y 1992. Hijo de un contador y de profesi\u00f3n abogado, M\u00e9ndez se inici\u00f3 como industrial del pl\u00e1stico en la provincia de Neuqu\u00e9n. Luego, se traslad\u00f3 a la promocionada San Luis y all\u00ed naci\u00f3 la empresa Conarsa.<\/p>\n\n\n<div class=\"wp-block-image\">\n<figure class=\"aligncenter size-full\"><img decoding=\"async\" loading=\"lazy\" width=\"722\" height=\"442\" src=\"https:\/\/notinor.com\/jujuy\/wp-content\/uploads\/2024\/10\/mendez1-1.jpg\" alt=\"\" class=\"wp-image-416766\" srcset=\"https:\/\/notinor.com\/jujuy\/wp-content\/uploads\/2024\/10\/mendez1-1.jpg 722w, https:\/\/notinor.com\/jujuy\/wp-content\/uploads\/2024\/10\/mendez1-1-596x365.jpg 596w\" sizes=\"(max-width: 722px) 100vw, 722px\" \/><figcaption class=\"wp-element-caption\">En 2015, H\u00e9ctor M\u00e9ndez recibi\u00f3 en la UIA al candidato a presidente por el FPV, Daniel Scioli, al jefe de Gabinete, An\u00edbal Fern\u00e1ndez, el ministro de Econom\u00eda, Axel Kicillof y su par de Industria, Debora Giorgi.<\/figcaption><\/figure><\/div>\n\n\n<p>En su juventud, M\u00e9ndez vivi\u00f3 un tiempo en Italia y esa experiencia le fue \u00fatil para una alianza estrat\u00e9gica con la firma Jcoplastic que le suministr\u00f3 40 moldes especiales, con lo que logr\u00f3 diferenciarse. Por una m\u00e1quina especial que adquiri\u00f3 a la alemana Krauss-Maffei se transform\u00f3 en el l\u00edder de los contenedores con cuatro ruedas.<\/p>\n\n\n\n<p>Con el paso de los a\u00f1os y la amistad con los propietarios de la f\u00e1brica de armas brasile\u00f1a Taurus, M\u00e9ndez se expandi\u00f3 a Curitiba. En el pa\u00eds vecino, el empresario es socio en partes iguales de Taurus en una firma que representa el 25% de sus ingresos, unos US$ 7 millones anuales.<\/p>\n\n\n\n<p>Con la crisis econ\u00f3mica del macrismo, en 2018<strong> cerr\u00f3 su autopartista ITEC<\/strong>, que en su momento fue la segunda empresa m\u00e1s grande de San Juan, que dej\u00f3 sin empleo a 359 operarios. M\u00e9ndez hab\u00eda adquirido la empresa en 2015 a la brasile\u00f1a Delphi, controlada entonces por el fondo de inversi\u00f3n Elliot, del financista Paul Singer, quien litig\u00f3 contra la Argentina para cobrar bonos en default. El desaf\u00edo era grande: la empresa ten\u00eda p\u00e9rdidas mensuales de $2 millones y no hab\u00eda renovado maquinaria.<\/p>\n\n\n\n<p>Padre de cuatro hijos, M\u00e9ndez se caracteriz\u00f3 por hacer varias cr\u00edticas desde su cargo, sin romper relaciones con el kirchnerismo pese a la relaci\u00f3n tirante con la Casa Rosada.<\/p>\n\n\n<div class=\"wp-block-image\">\n<figure class=\"aligncenter size-full is-resized\"><img decoding=\"async\" loading=\"lazy\" src=\"https:\/\/notinor.com\/jujuy\/wp-content\/uploads\/2024\/10\/mendez2.jpg\" alt=\"\" class=\"wp-image-416767\" width=\"718\" height=\"442\" srcset=\"https:\/\/notinor.com\/jujuy\/wp-content\/uploads\/2024\/10\/mendez2.jpg 724w, https:\/\/notinor.com\/jujuy\/wp-content\/uploads\/2024\/10\/mendez2-593x365.jpg 593w\" sizes=\"(max-width: 718px) 100vw, 718px\" \/><figcaption class=\"wp-element-caption\">Axel Kicillof, por entonces ministro de Econom\u00eda y H\u00e9ctor M\u00e9ndez, titular de la UIA en 2014<\/figcaption><\/figure><\/div>\n\n\n<p>En 2013, fue invitado por la Casa Rosada a un evento en R\u00edo Gallegos, Santa Cruz, donde hablar\u00eda la por entonces presidenta Cristina Fern\u00e1ndez de Kirchner. Antes de asistir, M\u00e9ndez lanz\u00f3: \"Hay que hacerle ver a la Presidenta que la realidad es distinta a la de ella\".<\/p>\n\n\n\n<p>Con el kirchnerismo derrotado y antes del cambio de gobierno de fines de 2015, M\u00e9ndez anticip\u00f3 que la administraci\u00f3n de Cristina Kirchner dejaba \"bombas por todos lados\" y se\u00f1alaron que esa frase era contra el por entonces ministro de Econom\u00eda, Axel Kicillof. Pero M\u00e9ndez aclar\u00f3: \"No dije que era un plan bomba de (Axel) Kicillof: era del Gobierno en general. Se la cargaron toda a Kicillof y eso es una injusticia. Pusieron bombas por todos lados y <strong>no solamente en las \u00e1reas econ\u00f3micas<\/strong>\".<\/p>\n\n\n\n<p>Durante el primer a\u00f1o de gesti\u00f3n de la presidencia de Mauricio Macri, M\u00e9ndez hizo un sorpresivo mea culpa.\"<strong>Yo tambi\u00e9n he sido c\u00f3mplice de muchas cosas.\u00a0<\/strong>El silencio es complicidad, el que calla otorga\". En radio afirm\u00f3 era \"vox populi\" entre los empresarios el pago de coimas y que, cuando asumi\u00f3 \"por primera vez (al frente de la UIA), hace 10 o 12 a\u00f1os, a la obra p\u00fablica la llamaban\u00a0<em>'Movicom'\u00a0<\/em>porque <strong>iba con el '15' adelante<\/strong>\", en referencia al sobreprecio en retornos que se pagaba a los funcionarios.<\/p>\n","protected":false},"excerpt":{"rendered":"<p>H\u00e9ctor M\u00e9ndez, ex presidente de la\u00a0Uni\u00f3n Industrial Argentina (UIA),\u00a0muri\u00f3 a los 84 a\u00f1os\u00a0este mi\u00e9rcoles despu\u00e9s de pasar varios d\u00edas internados en el Sanatorio Otamendi de la Ciudad de Buenos Aires. Empresario pyme del rubro del pl\u00e1stico, creci\u00f3 en el ambiente industrial, se diversific\u00f3, lleg\u00f3 al mundo de las autopartes y\u00a0condujo la UIA en tres per\u00edodos, [&hellip;]<\/p>\n","protected":false},"author":5,"featured_media":416765,"comment_status":"open","ping_status":"open","sticky":false,"template":"","format":"standard","meta":{"_stopmodifiedupdate":false,"_modified_date":"","inline_featured_image":false,"spay_email":"","jetpack_publicize_message":""},"categories":[5],"tags":[],"jetpack_featured_media_url":"https:\/\/notinor.com\/jujuy\/wp-content\/uploads\/2024\/10\/mendez1.jpg","jetpack_publicize_connections":[],"_links":{"self":[{"href":"https:\/\/notinor.com\/jujuy\/wp-json\/wp\/v2\/posts\/416762"}],"collection":[{"href":"https:\/\/notinor.com\/jujuy\/wp-json\/wp\/v2\/posts"}],"about":[{"href":"https:\/\/notinor.com\/jujuy\/wp-json\/wp\/v2\/types\/post"}],"author":[{"embeddable":true,"href":"https:\/\/notinor.com\/jujuy\/wp-json\/wp\/v2\/users\/5"}],"replies":[{"embeddable":true,"href":"https:\/\/notinor.com\/jujuy\/wp-json\/wp\/v2\/comments?post=416762"}],"version-history":[{"count":1,"href":"https:\/\/notinor.com\/jujuy\/wp-json\/wp\/v2\/posts\/416762\/revisions"}],"predecessor-version":[{"id":416768,"href":"https:\/\/notinor.com\/jujuy\/wp-json\/wp\/v2\/posts\/416762\/revisions\/416768"}],"wp:featuredmedia":[{"embeddable":true,"href":"https:\/\/notinor.com\/jujuy\/wp-json\/wp\/v2\/media\/416765"}],"wp:attachment":[{"href":"https:\/\/notinor.com\/jujuy\/wp-json\/wp\/v2\/media?parent=416762"}],"wp:term":[{"taxonomy":"category","embeddable":true,"href":"https:\/\/notinor.com\/jujuy\/wp-json\/wp\/v2\/categories?post=416762"},{"taxonomy":"post_tag","embeddable":true,"href":"https:\/\/notinor.com\/jujuy\/wp-json\/wp\/v2\/tags?post=416762"}],"curies":[{"name":"wp","href":"https:\/\/api.w.org\/{rel}","templated":true}]}}