{"id":416675,"date":"2024-10-02T11:55:07","date_gmt":"2024-10-02T14:55:07","guid":{"rendered":"https:\/\/notinor.com\/jujuy\/?p=416675"},"modified":"2024-10-02T11:55:11","modified_gmt":"2024-10-02T14:55:11","slug":"el-gobierno-busca-concretar-la-primera-privatizacion-de-la-era-javier-milei-puso-a-la-venta-las-acciones-de-impsa","status":"publish","type":"post","link":"https:\/\/notinor.com\/jujuy\/el-gobierno-busca-concretar-la-primera-privatizacion-de-la-era-javier-milei-puso-a-la-venta-las-acciones-de-impsa\/","title":{"rendered":"El Gobierno busca concretar la primera privatizaci\u00f3n de la era Javier Milei: puso a la venta las acciones de IMPSA"},"content":{"rendered":"\n<p class=\"has-medium-font-size\"><strong><em>El llamado a licitaci\u00f3n fue publicado en el Bolet\u00edn Oficial. Se recibir\u00e1n ofertas hasta el 31 de octubre.<\/em><\/strong><\/p>\n\n\n<div class=\"wp-block-image\">\n<figure class=\"aligncenter size-full\"><img decoding=\"async\" loading=\"lazy\" width=\"657\" height=\"375\" src=\"https:\/\/notinor.com\/jujuy\/wp-content\/uploads\/2024\/10\/IMPSA.jpg\" alt=\"\" class=\"wp-image-416676\" srcset=\"https:\/\/notinor.com\/jujuy\/wp-content\/uploads\/2024\/10\/IMPSA.jpg 657w, https:\/\/notinor.com\/jujuy\/wp-content\/uploads\/2024\/10\/IMPSA-639x365.jpg 639w\" sizes=\"(max-width: 657px) 100vw, 657px\" \/><figcaption class=\"wp-element-caption\">El Gobierno puso a la venta a las acciones de IMPSA<\/figcaption><\/figure><\/div>\n\n\n<p>El Gobierno nacional dio un nuevo paso para tratar de concretar la\u00a0<strong>primera privatizaci\u00f3n<\/strong>\u00a0desde que\u00a0<strong>Javier Milei<\/strong> es presidente. Llam\u00f3 a licitaci\u00f3n para vender las acciones de la empresa\u00a0<strong>Industrias Metal\u00fargicas Pescarmona S.A. (IMPSA)<\/strong>.<\/p>\n\n\n\n<p>Por medio del decreto elaborado por el\u00a0<strong>Ministerio de Econom\u00eda<\/strong>, el\u00a0<strong>Fondo Nacional de Desarrollo Productivo<\/strong>\u00a0(Fondep) y la provincia de <strong>Mendoza<\/strong>\u00a0-actuales poseedores de su paquete accionista- realizaron un \u201c<em>llamado a licitaci\u00f3n p\u00fablica nacional e internacional para la venta del 100% de las acciones clase C<\/em>\u201d.<\/p>\n\n\n\n<p>El\u00a0<strong>aviso oficial<\/strong>\u00a0fue publicado este mi\u00e9rcoles en el\u00a0<strong>Bolet\u00edn Oficial\u00a0<\/strong>y firmado por el secretario de Coordinaci\u00f3n de Producci\u00f3n,\u00a0<strong>Juan Pazo<\/strong>.<\/p>\n\n\n\n<p><strong>El Gobierno avanza con la privatizaci\u00f3n de IMPSA<\/strong><\/p>\n\n\n\n<p>Qued\u00f3&nbsp;<strong>a disposici\u00f3n de compradores el 84,9% del capital social de IMPSA<\/strong>, el cual se distribuye en: 63,7% -equivalente a 1.362.479.300 acciones- correspondiente a Fondep y el 21,2% -453.446.800- a Mendoza.<\/p>\n\n\n\n<p>Los interesados podr\u00e1n&nbsp;<strong>presentar ofertas entre el 1 y el 31 de octubre<\/strong>, y deber\u00e1n cumplir con los requisitos planteados en el Pliego de Bases y Condiciones Particulares. Luego, el \u00faltimo d\u00eda del mes a las 17, el Gobierno llevar\u00e1 a cabo la apertura de sobres para conocer las propuestas y, despu\u00e9s del an\u00e1lisis t\u00e9cnico y financiero, se efectuar\u00e1 la venta de acciones.<\/p>\n\n\n\n<p>\u201c<em>Podr\u00e1n ser oferentes los terceros y actuales accionistas en el caso que adquieran el pliego y cumplan con las condiciones establecidas en el mismo<\/em>\u201d, especific\u00f3 la resoluci\u00f3n.<\/p>\n\n\n\n<p>IMPSA realiza trabajos en el pa\u00eds para la represa Yacyret\u00e1, YPF, otras petroleras que operan en Vaca Muerta, as\u00ed como grandes compa\u00f1\u00edas a nivel local e internacional, y emplea a unos 720 trabajadores.<\/p>\n\n\n\n<p><a href=\"https:\/\/www.cronica.com.ar\/tags\/Privatizaciones\"><\/a><\/p>\n","protected":false},"excerpt":{"rendered":"<p>El llamado a licitaci\u00f3n fue publicado en el Bolet\u00edn Oficial. Se recibir\u00e1n ofertas hasta el 31 de octubre. El Gobierno nacional dio un nuevo paso para tratar de concretar la\u00a0primera privatizaci\u00f3n\u00a0desde que\u00a0Javier Milei es presidente. Llam\u00f3 a licitaci\u00f3n para vender las acciones de la empresa\u00a0Industrias Metal\u00fargicas Pescarmona S.A. (IMPSA). Por medio del decreto elaborado por [&hellip;]<\/p>\n","protected":false},"author":5,"featured_media":416676,"comment_status":"open","ping_status":"open","sticky":false,"template":"","format":"standard","meta":{"_stopmodifiedupdate":false,"_modified_date":"","inline_featured_image":false,"spay_email":"","jetpack_publicize_message":""},"categories":[676],"tags":[],"jetpack_featured_media_url":"https:\/\/notinor.com\/jujuy\/wp-content\/uploads\/2024\/10\/IMPSA.jpg","jetpack_publicize_connections":[],"_links":{"self":[{"href":"https:\/\/notinor.com\/jujuy\/wp-json\/wp\/v2\/posts\/416675"}],"collection":[{"href":"https:\/\/notinor.com\/jujuy\/wp-json\/wp\/v2\/posts"}],"about":[{"href":"https:\/\/notinor.com\/jujuy\/wp-json\/wp\/v2\/types\/post"}],"author":[{"embeddable":true,"href":"https:\/\/notinor.com\/jujuy\/wp-json\/wp\/v2\/users\/5"}],"replies":[{"embeddable":true,"href":"https:\/\/notinor.com\/jujuy\/wp-json\/wp\/v2\/comments?post=416675"}],"version-history":[{"count":1,"href":"https:\/\/notinor.com\/jujuy\/wp-json\/wp\/v2\/posts\/416675\/revisions"}],"predecessor-version":[{"id":416677,"href":"https:\/\/notinor.com\/jujuy\/wp-json\/wp\/v2\/posts\/416675\/revisions\/416677"}],"wp:featuredmedia":[{"embeddable":true,"href":"https:\/\/notinor.com\/jujuy\/wp-json\/wp\/v2\/media\/416676"}],"wp:attachment":[{"href":"https:\/\/notinor.com\/jujuy\/wp-json\/wp\/v2\/media?parent=416675"}],"wp:term":[{"taxonomy":"category","embeddable":true,"href":"https:\/\/notinor.com\/jujuy\/wp-json\/wp\/v2\/categories?post=416675"},{"taxonomy":"post_tag","embeddable":true,"href":"https:\/\/notinor.com\/jujuy\/wp-json\/wp\/v2\/tags?post=416675"}],"curies":[{"name":"wp","href":"https:\/\/api.w.org\/{rel}","templated":true}]}}