{"id":416644,"date":"2024-10-01T21:28:00","date_gmt":"2024-10-02T00:28:00","guid":{"rendered":"https:\/\/notinor.com\/jujuy\/?p=416644"},"modified":"2024-10-01T09:28:33","modified_gmt":"2024-10-01T09:28:33","slug":"el-municipio-continua-reforzando-medidas-para-prevenir-la-propagacion-del-dengue","status":"publish","type":"post","link":"https:\/\/notinor.com\/jujuy\/el-municipio-continua-reforzando-medidas-para-prevenir-la-propagacion-del-dengue\/","title":{"rendered":"El municipio contin\u00faa reforzando medidas para prevenir la propagaci\u00f3n del dengue"},"content":{"rendered":"\n<p class=\"has-medium-font-size\"><strong><em>El operativo de prevenci\u00f3n \u201cLa Muni y Vos contra el Dengue\u201d de la Secretaria de Desarrollo Humano, se despleg\u00f3 por sectores del barrio Kennedy promoviendo la lucha contra la proliferaci\u00f3n del mosquito Aedes aegypti, a trav\u00e9s de un fuerte compromiso comunitario realizando tareas de limpieza en espacios p\u00fablicos, plazas, polideportivos y tareas de desmalezamiento.<\/em><\/strong><\/p>\n\n\n<div class=\"wp-block-image\">\n<figure class=\"aligncenter size-full\"><img decoding=\"async\" loading=\"lazy\" width=\"745\" height=\"440\" src=\"https:\/\/notinor.com\/jujuy\/wp-content\/uploads\/2024\/10\/OPERATIVO.jpg\" alt=\"\" class=\"wp-image-416645\" srcset=\"https:\/\/notinor.com\/jujuy\/wp-content\/uploads\/2024\/10\/OPERATIVO.jpg 745w, https:\/\/notinor.com\/jujuy\/wp-content\/uploads\/2024\/10\/OPERATIVO-618x365.jpg 618w\" sizes=\"(max-width: 745px) 100vw, 745px\" \/><\/figure><\/div>\n\n\n<p>Supervisando las tareas, el secretario de Desarrollo Humano, Rodrigo Altea especific\u00f3 que ante las proximidad de las lluvias, el programa&nbsp;<em>La Muni y Vos contra el Dengue,&nbsp;&nbsp;<\/em>\u201ccomenz\u00f3 a tomar recaudos para mitigar la llegada del dengue a trav\u00e9s de esta campa\u00f1a que se apuesta junto al trabajo de casi cien empleados municipales y los vecinos con su colaboraci\u00f3n, realizando un puerta a puerta, relevamiento, promoci\u00f3n y prevenci\u00f3n en cuanto al mantenimiento de un ambiente sano, sin recipientes que acumulan los l\u00edquidos\u201d.<\/p>\n\n\n<div class=\"wp-block-image\">\n<figure class=\"aligncenter size-full\"><img decoding=\"async\" loading=\"lazy\" width=\"753\" height=\"425\" src=\"https:\/\/notinor.com\/jujuy\/wp-content\/uploads\/2024\/10\/OPERATIVO-2.jpg\" alt=\"\" class=\"wp-image-416647\" srcset=\"https:\/\/notinor.com\/jujuy\/wp-content\/uploads\/2024\/10\/OPERATIVO-2.jpg 753w, https:\/\/notinor.com\/jujuy\/wp-content\/uploads\/2024\/10\/OPERATIVO-2-647x365.jpg 647w, https:\/\/notinor.com\/jujuy\/wp-content\/uploads\/2024\/10\/OPERATIVO-2-750x423.jpg 750w\" sizes=\"(max-width: 753px) 100vw, 753px\" \/><\/figure><\/div>\n\n\n<p>En este sentido explic\u00f3 , \u201ctambi\u00e9n se recorri\u00f3 sectores p\u00fablicos, plazas, polideportivos, para dejarlos acondicionados gracias al trabajo que realiza el empleado municipal que tambi\u00e9n es un vecino m\u00e1s y los vecinos de cada barrio\u201d. En cuanto a la recepci\u00f3n del vecinalismo al operativo, Altea manifest\u00f3, \u201csiempre es predispuesto, trabajando con el di\u00e1logo, entendiendo que hay situaciones que hacen a la din\u00e1mica de una ciudad\u201d.<\/p>\n\n\n\n<p>Desde la coordinaci\u00f3n de Acci\u00f3n Territorial, Patricia Tocon\u00e1s, adelant\u00f3 que el cronograma de&nbsp;<em>La Muni y Vos Contra el Dengue<\/em>&nbsp;seguir\u00e1 el jueves 3 de octubre en Alto Comedero, \u201ca trav\u00e9s de una campa\u00f1a de concientizaci\u00f3n y prevenci\u00f3n por todos los barrios de la ciudad; la jornada del martes se cumpli\u00f3 en barrio Kennedy con la idea de promover el compromiso social para evitar el dengue con todas las medidas que se puedan tomar desde la casa, desde el compromiso del vecino, de la comunidad en general\u201d.<\/p>\n\n\n<div class=\"wp-block-image\">\n<figure class=\"aligncenter size-full\"><img decoding=\"async\" loading=\"lazy\" width=\"747\" height=\"431\" src=\"https:\/\/notinor.com\/jujuy\/wp-content\/uploads\/2024\/10\/OPERATIVO-3.jpg\" alt=\"\" class=\"wp-image-416648\" srcset=\"https:\/\/notinor.com\/jujuy\/wp-content\/uploads\/2024\/10\/OPERATIVO-3.jpg 747w, https:\/\/notinor.com\/jujuy\/wp-content\/uploads\/2024\/10\/OPERATIVO-3-633x365.jpg 633w\" sizes=\"(max-width: 747px) 100vw, 747px\" \/><\/figure><\/div>\n\n\n<p>En tanto, Liliana Carlos, administradora del CPV General Arias, agradeci\u00f3 la presencia municipal a trav\u00e9s del programa municipal de prevenci\u00f3n contra el dengue y desde el vecinalismo colaborando en las actividades que lleva adelante el municipio con campa\u00f1as de limpieza, recolecci\u00f3n de botellas e informando puerta a puerta a los vecinos sobre las tareas preventivas\u201d.<\/p>\n\n\n\n<p><strong>Nota audiovisual:<\/strong>&nbsp;<a href=\"https:\/\/youtu.be\/mpNqV031KMQ\" target=\"_blank\" rel=\"noreferrer noopener\">https:\/\/youtu.be\/mpNqV031KMQ<\/a><\/p>\n","protected":false},"excerpt":{"rendered":"<p>El operativo de prevenci\u00f3n \u201cLa Muni y Vos contra el Dengue\u201d de la Secretaria de Desarrollo Humano, se despleg\u00f3 por sectores del barrio Kennedy promoviendo la lucha contra la proliferaci\u00f3n del mosquito Aedes aegypti, a trav\u00e9s de un fuerte compromiso comunitario realizando tareas de limpieza en espacios p\u00fablicos, plazas, polideportivos y tareas de desmalezamiento. Supervisando [&hellip;]<\/p>\n","protected":false},"author":5,"featured_media":416646,"comment_status":"open","ping_status":"open","sticky":false,"template":"","format":"standard","meta":{"_stopmodifiedupdate":false,"_modified_date":"","inline_featured_image":false,"spay_email":"","jetpack_publicize_message":""},"categories":[514],"tags":[],"jetpack_featured_media_url":"https:\/\/notinor.com\/jujuy\/wp-content\/uploads\/2024\/10\/OPERATIVO-1.jpg","jetpack_publicize_connections":[],"_links":{"self":[{"href":"https:\/\/notinor.com\/jujuy\/wp-json\/wp\/v2\/posts\/416644"}],"collection":[{"href":"https:\/\/notinor.com\/jujuy\/wp-json\/wp\/v2\/posts"}],"about":[{"href":"https:\/\/notinor.com\/jujuy\/wp-json\/wp\/v2\/types\/post"}],"author":[{"embeddable":true,"href":"https:\/\/notinor.com\/jujuy\/wp-json\/wp\/v2\/users\/5"}],"replies":[{"embeddable":true,"href":"https:\/\/notinor.com\/jujuy\/wp-json\/wp\/v2\/comments?post=416644"}],"version-history":[{"count":1,"href":"https:\/\/notinor.com\/jujuy\/wp-json\/wp\/v2\/posts\/416644\/revisions"}],"predecessor-version":[{"id":416649,"href":"https:\/\/notinor.com\/jujuy\/wp-json\/wp\/v2\/posts\/416644\/revisions\/416649"}],"wp:featuredmedia":[{"embeddable":true,"href":"https:\/\/notinor.com\/jujuy\/wp-json\/wp\/v2\/media\/416646"}],"wp:attachment":[{"href":"https:\/\/notinor.com\/jujuy\/wp-json\/wp\/v2\/media?parent=416644"}],"wp:term":[{"taxonomy":"category","embeddable":true,"href":"https:\/\/notinor.com\/jujuy\/wp-json\/wp\/v2\/categories?post=416644"},{"taxonomy":"post_tag","embeddable":true,"href":"https:\/\/notinor.com\/jujuy\/wp-json\/wp\/v2\/tags?post=416644"}],"curies":[{"name":"wp","href":"https:\/\/api.w.org\/{rel}","templated":true}]}}