{"id":416638,"date":"2024-10-01T21:02:00","date_gmt":"2024-10-02T00:02:00","guid":{"rendered":"https:\/\/notinor.com\/jujuy\/?p=416638"},"modified":"2024-10-01T09:02:45","modified_gmt":"2024-10-01T09:02:45","slug":"la-legislatura-realizara-la-2a-sesion-especial-y-la-13a-sesion-ordinaria-este-jueves","status":"publish","type":"post","link":"https:\/\/notinor.com\/jujuy\/la-legislatura-realizara-la-2a-sesion-especial-y-la-13a-sesion-ordinaria-este-jueves\/","title":{"rendered":"La Legislatura realizar\u00e1 la 2\u00aa. Sesi\u00f3n Especial y la 13\u00aa. Sesi\u00f3n Ordinaria este jueves\u00a0"},"content":{"rendered":"\n<p class=\"has-medium-font-size\"><strong><em>En reuni\u00f3n ordinaria de Labor Parlamentaria las autoridades de la C\u00e1mara de Diputados en conjunto con los presidentes de los distintos Bloques Legislativos definieron realizar la 2\u00aa. Sesi\u00f3n Especial y la 13\u00aa. Sesi\u00f3n Ordinaria este jueves 3 de octubre a partir de las 10.00 y 10.30, respectivamente.<\/em><\/strong><\/p>\n\n\n<div class=\"wp-block-image\">\n<figure class=\"aligncenter size-large\"><img decoding=\"async\" loading=\"lazy\" width=\"720\" height=\"480\" src=\"https:\/\/notinor.com\/jujuy\/wp-content\/uploads\/2024\/10\/LEGIS-1-720x480.jpeg\" alt=\"\" class=\"wp-image-416640\" srcset=\"https:\/\/notinor.com\/jujuy\/wp-content\/uploads\/2024\/10\/LEGIS-1-720x480.jpeg 720w, https:\/\/notinor.com\/jujuy\/wp-content\/uploads\/2024\/10\/LEGIS-1-548x365.jpeg 548w, https:\/\/notinor.com\/jujuy\/wp-content\/uploads\/2024\/10\/LEGIS-1-768x512.jpeg 768w, https:\/\/notinor.com\/jujuy\/wp-content\/uploads\/2024\/10\/LEGIS-1-1536x1023.jpeg 1536w, https:\/\/notinor.com\/jujuy\/wp-content\/uploads\/2024\/10\/LEGIS-1-750x500.jpeg 750w, https:\/\/notinor.com\/jujuy\/wp-content\/uploads\/2024\/10\/LEGIS-1-1140x760.jpeg 1140w, https:\/\/notinor.com\/jujuy\/wp-content\/uploads\/2024\/10\/LEGIS-1.jpeg 1600w\" sizes=\"(max-width: 720px) 100vw, 720px\" \/><\/figure><\/div>\n\n\n<p>Entre los temas relevantes del orden del d\u00eda figuran la Modificaci\u00f3n de la Ley Impositiva N\u00b0 6.372, remitido por el Poder Ejecutivo, la Modificaci\u00f3n de la Ley N\u00b0 6301 - Ley de Implementaci\u00f3n del Sistema Procesal Acusatorio y de Aplicaci\u00f3n del Nuevo C\u00f3digo Procesal Penal, Modificaci\u00f3n del Fuero Penal. Adem\u00e1s de distintos proyectos de resoluci\u00f3n y de declaraci\u00f3n.<\/p>\n","protected":false},"excerpt":{"rendered":"<p>En reuni\u00f3n ordinaria de Labor Parlamentaria las autoridades de la C\u00e1mara de Diputados en conjunto con los presidentes de los distintos Bloques Legislativos definieron realizar la 2\u00aa. Sesi\u00f3n Especial y la 13\u00aa. Sesi\u00f3n Ordinaria este jueves 3 de octubre a partir de las 10.00 y 10.30, respectivamente. Entre los temas relevantes del orden del d\u00eda [&hellip;]<\/p>\n","protected":false},"author":5,"featured_media":416639,"comment_status":"open","ping_status":"open","sticky":false,"template":"","format":"standard","meta":{"_stopmodifiedupdate":false,"_modified_date":"","inline_featured_image":false,"spay_email":"","jetpack_publicize_message":""},"categories":[514],"tags":[],"jetpack_featured_media_url":"https:\/\/notinor.com\/jujuy\/wp-content\/uploads\/2024\/10\/LEGIS.jpeg","jetpack_publicize_connections":[],"_links":{"self":[{"href":"https:\/\/notinor.com\/jujuy\/wp-json\/wp\/v2\/posts\/416638"}],"collection":[{"href":"https:\/\/notinor.com\/jujuy\/wp-json\/wp\/v2\/posts"}],"about":[{"href":"https:\/\/notinor.com\/jujuy\/wp-json\/wp\/v2\/types\/post"}],"author":[{"embeddable":true,"href":"https:\/\/notinor.com\/jujuy\/wp-json\/wp\/v2\/users\/5"}],"replies":[{"embeddable":true,"href":"https:\/\/notinor.com\/jujuy\/wp-json\/wp\/v2\/comments?post=416638"}],"version-history":[{"count":1,"href":"https:\/\/notinor.com\/jujuy\/wp-json\/wp\/v2\/posts\/416638\/revisions"}],"predecessor-version":[{"id":416641,"href":"https:\/\/notinor.com\/jujuy\/wp-json\/wp\/v2\/posts\/416638\/revisions\/416641"}],"wp:featuredmedia":[{"embeddable":true,"href":"https:\/\/notinor.com\/jujuy\/wp-json\/wp\/v2\/media\/416639"}],"wp:attachment":[{"href":"https:\/\/notinor.com\/jujuy\/wp-json\/wp\/v2\/media?parent=416638"}],"wp:term":[{"taxonomy":"category","embeddable":true,"href":"https:\/\/notinor.com\/jujuy\/wp-json\/wp\/v2\/categories?post=416638"},{"taxonomy":"post_tag","embeddable":true,"href":"https:\/\/notinor.com\/jujuy\/wp-json\/wp\/v2\/tags?post=416638"}],"curies":[{"name":"wp","href":"https:\/\/api.w.org\/{rel}","templated":true}]}}