{"id":416632,"date":"2024-10-01T20:49:00","date_gmt":"2024-10-01T23:49:00","guid":{"rendered":"https:\/\/notinor.com\/jujuy\/?p=416632"},"modified":"2024-10-01T08:49:23","modified_gmt":"2024-10-01T08:49:23","slug":"ledesma-consolida-sus-programas-educativos-para-la-empleabilidad-de-las-personas","status":"publish","type":"post","link":"https:\/\/notinor.com\/jujuy\/ledesma-consolida-sus-programas-educativos-para-la-empleabilidad-de-las-personas\/","title":{"rendered":"<strong>Ledesma consolida sus programas educativos para la empleabilidad de las personas<\/strong>"},"content":{"rendered":"\n<p class=\"has-medium-font-size\"><em><strong>El programa Escuela de Oficios de la empresa, que se dicta junto al Colegio T\u00e9cnico Herminio Arrieta en Libertador, ahora se replicar\u00e1 en el Bachillerato N\u00b0 9 de El Talar.<\/strong><\/em><\/p>\n\n\n<div class=\"wp-block-image\">\n<figure class=\"aligncenter size-large\"><img decoding=\"async\" loading=\"lazy\" width=\"720\" height=\"480\" src=\"https:\/\/notinor.com\/jujuy\/wp-content\/uploads\/2024\/10\/ESCUELA-1-720x480.jpg\" alt=\"\" class=\"wp-image-416634\" srcset=\"https:\/\/notinor.com\/jujuy\/wp-content\/uploads\/2024\/10\/ESCUELA-1-720x480.jpg 720w, https:\/\/notinor.com\/jujuy\/wp-content\/uploads\/2024\/10\/ESCUELA-1-548x365.jpg 548w, https:\/\/notinor.com\/jujuy\/wp-content\/uploads\/2024\/10\/ESCUELA-1-768x512.jpg 768w, https:\/\/notinor.com\/jujuy\/wp-content\/uploads\/2024\/10\/ESCUELA-1-1536x1024.jpg 1536w, https:\/\/notinor.com\/jujuy\/wp-content\/uploads\/2024\/10\/ESCUELA-1-750x500.jpg 750w, https:\/\/notinor.com\/jujuy\/wp-content\/uploads\/2024\/10\/ESCUELA-1-1140x760.jpg 1140w, https:\/\/notinor.com\/jujuy\/wp-content\/uploads\/2024\/10\/ESCUELA-1.jpg 1613w\" sizes=\"(max-width: 720px) 100vw, 720px\" \/><\/figure><\/div>\n\n\n<p>Ledesma, el Ministerio de Educaci\u00f3n de la provincia de Jujuy y la Escuela T\u00e9cnica Ingeniero Herminio Arrieta (ETHA), firmaron un convenio para el uso de instalaciones del Bachillerato N\u00b0 9 de El Talar, para abrir un anexo del programa Escuela de Oficios, que todos los a\u00f1os capacita a m\u00e1s de 200 j\u00f3venes de manera gratuita.<\/p>\n\n\n<div class=\"wp-block-image\">\n<figure class=\"aligncenter size-large\"><img decoding=\"async\" loading=\"lazy\" width=\"720\" height=\"480\" src=\"https:\/\/notinor.com\/jujuy\/wp-content\/uploads\/2024\/10\/ESCUELA-2-720x480.jpg\" alt=\"\" class=\"wp-image-416635\" srcset=\"https:\/\/notinor.com\/jujuy\/wp-content\/uploads\/2024\/10\/ESCUELA-2-720x480.jpg 720w, https:\/\/notinor.com\/jujuy\/wp-content\/uploads\/2024\/10\/ESCUELA-2-548x365.jpg 548w, https:\/\/notinor.com\/jujuy\/wp-content\/uploads\/2024\/10\/ESCUELA-2-768x512.jpg 768w, https:\/\/notinor.com\/jujuy\/wp-content\/uploads\/2024\/10\/ESCUELA-2-1536x1024.jpg 1536w, https:\/\/notinor.com\/jujuy\/wp-content\/uploads\/2024\/10\/ESCUELA-2-750x500.jpg 750w, https:\/\/notinor.com\/jujuy\/wp-content\/uploads\/2024\/10\/ESCUELA-2-1140x760.jpg 1140w, https:\/\/notinor.com\/jujuy\/wp-content\/uploads\/2024\/10\/ESCUELA-2.jpg 1800w\" sizes=\"(max-width: 720px) 100vw, 720px\" \/><\/figure><\/div>\n\n\n<p>El acuerdo se rubric\u00f3 en instalaciones del Colegio T\u00e9cnico de Libertador, con la participaci\u00f3n del administrador general de Ledesma, Federico Gatti; el secretario de Gesti\u00f3n Educativa del Ministerio de Educaci\u00f3n, Federico Medrano y el apoderado legal de la ETHA, Sergio Castanetto. A trav\u00e9s de este nuevo respaldo, la empresa Ledesma consolida su aporte a la mejora de la educaci\u00f3n y la empleabilidad de los j\u00f3venes en la provincia de Jujuy.<\/p>\n\n\n<div class=\"wp-block-image\">\n<figure class=\"aligncenter size-large\"><img decoding=\"async\" loading=\"lazy\" width=\"720\" height=\"480\" src=\"https:\/\/notinor.com\/jujuy\/wp-content\/uploads\/2024\/10\/ESCUELA-3-720x480.jpg\" alt=\"\" class=\"wp-image-416636\" srcset=\"https:\/\/notinor.com\/jujuy\/wp-content\/uploads\/2024\/10\/ESCUELA-3-720x480.jpg 720w, https:\/\/notinor.com\/jujuy\/wp-content\/uploads\/2024\/10\/ESCUELA-3-548x365.jpg 548w, https:\/\/notinor.com\/jujuy\/wp-content\/uploads\/2024\/10\/ESCUELA-3-768x512.jpg 768w, https:\/\/notinor.com\/jujuy\/wp-content\/uploads\/2024\/10\/ESCUELA-3-1536x1024.jpg 1536w, https:\/\/notinor.com\/jujuy\/wp-content\/uploads\/2024\/10\/ESCUELA-3-750x500.jpg 750w, https:\/\/notinor.com\/jujuy\/wp-content\/uploads\/2024\/10\/ESCUELA-3-1140x760.jpg 1140w, https:\/\/notinor.com\/jujuy\/wp-content\/uploads\/2024\/10\/ESCUELA-3.jpg 1800w\" sizes=\"(max-width: 720px) 100vw, 720px\" \/><\/figure><\/div>\n\n\n<p>El programa de capacitaci\u00f3n laboral \u201cEscuela de Oficios\u201d de Ledesma, se cre\u00f3 en 2015 a trav\u00e9s de su \u00e1rea de responsabilidad social. A trav\u00e9s de una articulaci\u00f3n en la que la compa\u00f1\u00eda beca a los estudiantes financiando el sueldo de los docentes de la ETHA, se dictan cursos de Soldadura y Herrer\u00eda, Electricidad de motos, Torner\u00eda, Instalaciones sanitarias, Instalaciones el\u00e9ctricas domiciliarias. Estos est\u00e1n abiertos a estudiantes hombres y mujeres. De entre 18 y 35 a\u00f1os, residentes en las localidades de Libertador General San Mart\u00edn, Calilegua, Fraile Pintado y El Talar.<\/p>\n\n\n\n<p>Con la firma de este nuevo convenio, el Ministerio permitir\u00e1 el uso de las instalaciones del Bachillerato N\u00b0 9 de El Talar, para que los j\u00f3venes de esa localidad puedan acceder a la capacitaci\u00f3n, facilitando as\u00ed su acceso a una formaci\u00f3n de calidad en oficios esenciales.<\/p>\n\n\n\n<p>Cabe destacar, adem\u00e1s, que d\u00edas atr\u00e1s la ministra de Educaci\u00f3n de Jujuy, Miriam Serrano, convoc\u00f3 al jefe de Relaciones con la Comunidad e Impacto social de Ledesma, Vicente Amadeo, para mantener una reuni\u00f3n de trabajo en concordancia a la labor que viene encarando Ledesma en materia de apoyo a la educaci\u00f3n. En 2023 se firm\u00f3 un convenio marco, que permite avanzar sobre acuerdos y acciones conjuntas, enfocadas principalmente en Libertador General San Mart\u00edn y al rededores. De este encuentro cabe destacar el inter\u00e9s del ministerio por replicar los programas de lengua y matem\u00e1tica y aprendizaje basado en proyectos, que Ledesma viene desarrollando, y est\u00e1n alineados con el plan provincial de calidad de la educaci\u00f3n en alfabetizaci\u00f3n y matem\u00e1tica.<\/p>\n","protected":false},"excerpt":{"rendered":"<p>El programa Escuela de Oficios de la empresa, que se dicta junto al Colegio T\u00e9cnico Herminio Arrieta en Libertador, ahora se replicar\u00e1 en el Bachillerato N\u00b0 9 de El Talar. Ledesma, el Ministerio de Educaci\u00f3n de la provincia de Jujuy y la Escuela T\u00e9cnica Ingeniero Herminio Arrieta (ETHA), firmaron un convenio para el uso de [&hellip;]<\/p>\n","protected":false},"author":5,"featured_media":416633,"comment_status":"open","ping_status":"open","sticky":false,"template":"","format":"standard","meta":{"_stopmodifiedupdate":false,"_modified_date":"","inline_featured_image":false,"spay_email":"","jetpack_publicize_message":""},"categories":[4],"tags":[],"jetpack_featured_media_url":"https:\/\/notinor.com\/jujuy\/wp-content\/uploads\/2024\/10\/ESCUELA.jpg","jetpack_publicize_connections":[],"_links":{"self":[{"href":"https:\/\/notinor.com\/jujuy\/wp-json\/wp\/v2\/posts\/416632"}],"collection":[{"href":"https:\/\/notinor.com\/jujuy\/wp-json\/wp\/v2\/posts"}],"about":[{"href":"https:\/\/notinor.com\/jujuy\/wp-json\/wp\/v2\/types\/post"}],"author":[{"embeddable":true,"href":"https:\/\/notinor.com\/jujuy\/wp-json\/wp\/v2\/users\/5"}],"replies":[{"embeddable":true,"href":"https:\/\/notinor.com\/jujuy\/wp-json\/wp\/v2\/comments?post=416632"}],"version-history":[{"count":1,"href":"https:\/\/notinor.com\/jujuy\/wp-json\/wp\/v2\/posts\/416632\/revisions"}],"predecessor-version":[{"id":416637,"href":"https:\/\/notinor.com\/jujuy\/wp-json\/wp\/v2\/posts\/416632\/revisions\/416637"}],"wp:featuredmedia":[{"embeddable":true,"href":"https:\/\/notinor.com\/jujuy\/wp-json\/wp\/v2\/media\/416633"}],"wp:attachment":[{"href":"https:\/\/notinor.com\/jujuy\/wp-json\/wp\/v2\/media?parent=416632"}],"wp:term":[{"taxonomy":"category","embeddable":true,"href":"https:\/\/notinor.com\/jujuy\/wp-json\/wp\/v2\/categories?post=416632"},{"taxonomy":"post_tag","embeddable":true,"href":"https:\/\/notinor.com\/jujuy\/wp-json\/wp\/v2\/tags?post=416632"}],"curies":[{"name":"wp","href":"https:\/\/api.w.org\/{rel}","templated":true}]}}