{"id":416622,"date":"2024-10-01T23:30:40","date_gmt":"2024-10-02T02:30:40","guid":{"rendered":"https:\/\/notinor.com\/jujuy\/?p=416622"},"modified":"2024-10-01T23:30:43","modified_gmt":"2024-10-02T02:30:43","slug":"bukele-visito-el-congreso-y-estuvo-con-menem-y-villarruel-guerra-contra-pandillas-y-la-viabilidad-del-bitcoin-en-argentina","status":"publish","type":"post","link":"https:\/\/notinor.com\/jujuy\/bukele-visito-el-congreso-y-estuvo-con-menem-y-villarruel-guerra-contra-pandillas-y-la-viabilidad-del-bitcoin-en-argentina\/","title":{"rendered":"Bukele visit\u00f3 el Congreso y estuvo con Menem y Villarruel: guerra contra pandillas y la viabilidad del Bitcoin en Argentina"},"content":{"rendered":"\n<p class=\"has-medium-font-size\"><strong><em>El presidente de El Salvador dej\u00f3 en claro que all\u00ed no se hubieran logrado los objetivos \u201csin todos actores del pa\u00eds detr\u00e1s del plan\u201d. \u201cLos j\u00f3venes se convirtieron porque la sociedad fue injusta\u201d, alert\u00f3.<\/em><\/strong><\/p>\n\n\n\n<p><\/p>\n\n\n<div class=\"wp-block-image\">\n<figure class=\"aligncenter size-full\"><img decoding=\"async\" loading=\"lazy\" width=\"800\" height=\"450\" src=\"https:\/\/notinor.com\/jujuy\/wp-content\/uploads\/2024\/10\/villarruel-y-bukele.jpg\" alt=\"\" class=\"wp-image-416623\" srcset=\"https:\/\/notinor.com\/jujuy\/wp-content\/uploads\/2024\/10\/villarruel-y-bukele.jpg 800w, https:\/\/notinor.com\/jujuy\/wp-content\/uploads\/2024\/10\/villarruel-y-bukele-649x365.jpg 649w, https:\/\/notinor.com\/jujuy\/wp-content\/uploads\/2024\/10\/villarruel-y-bukele-500x280.jpg 500w, https:\/\/notinor.com\/jujuy\/wp-content\/uploads\/2024\/10\/villarruel-y-bukele-768x432.jpg 768w, https:\/\/notinor.com\/jujuy\/wp-content\/uploads\/2024\/10\/villarruel-y-bukele-750x422.jpg 750w\" sizes=\"(max-width: 800px) 100vw, 800px\" \/><\/figure><\/div>\n\n\n<p><\/p>\n\n\n\n<p><strong>El presidente de El Salvador, Nayib Bukele, continu\u00f3 este martes con su visita oficial a la Argentina y fue recibido en el Congreso por la vicepresidenta y titular del Senado, Victoria Villarruel; y su par de Diputados, Mart\u00edn Menem.<\/strong> All\u00ed, el jefe de Estado centroamericano dio consejos sobre la feroz guerra contra las pandillas y el narcotr\u00e1fico, la viabilidad del Bitcoin como moneda de la econom\u00eda local y dej\u00f3 en claro que la \u00fanica manera de lograr objetivos es \u201ccon todos los actores del pa\u00eds detr\u00e1s del plan\u201d.<\/p>\n\n\n\n<p><strong>Desde las 14, Villarruel dio la bienvenida a Bukele en la explanada del Congreso, junto al Regimiento de Granaderos a Caballo.<\/strong> En el Sal\u00f3n Azul del Senado lo esperaban autoridades de la C\u00e1mara alta, as\u00ed como tambi\u00e9n el presidente provisional del Cuerpo, el libertario Bartolom\u00e9 Abdala (San Luis); la radical y titular de la comisi\u00f3n de Seguridad, Carolina Losada (Santa Fe); y el peronista disidente y jefe del interbloque Provincias Unidas, Carlos Esp\u00ednola (Corrientes), entre otros.<\/p>\n\n\n\n<p>Previo a dicho c\u00f3nclave, la vicepresidenta tuvo una reuni\u00f3n a solas con el jefe de Estado extranjero. En declaraciones posteriores al canal oficial de la C\u00e1mara alta -hubo un celoso procedimiento de seguridad-, Villarruel asegur\u00f3: <strong>\u201cHablamos del Bitcoin, que es un tema en el que El Salvador est\u00e1 siendo pionero, y c\u00f3mo lo hab\u00edan implementado y c\u00f3mo lograron atraer remesas que tienen de ciudadanos en el exterior y que ingresan a El Salvador. Fue una conversaci\u00f3n muy interesante, muy amena, muy llana y que espero que, a trav\u00e9s de grupo parlamentario de amistad, se siga acrecentando\u201d.<\/strong><\/p>\n\n\n\n<p>Ya en el Sal\u00f3n Azul, la titular del Senado fue directo al combate contra las maras. En ese sentido, Bukele respondi\u00f3: <strong>\u201c\u00c9ramos el pa\u00eds m\u00e1s peligroso del mundo, m\u00e1s que Siria e Irak\u201d. Y agreg\u00f3: \u201cTen\u00edamos 103 homicidios cada 100.000 habitantes. Hait\u00ed tiene 50 hoy en d\u00eda, era casi el doble\u201d.<\/strong><\/p>\n\n\n\n<p>Seguido a ello, enumer\u00f3 el plan de siete fases, de las cuales enumer\u00f3 cinco: control de c\u00e1rceles y desplegar al Ej\u00e9rcito; oportunidades para los j\u00f3venes; equipar con tecnolog\u00eda a las fuerzas de seguridad; duplicar el Ej\u00e9rcito para tener suficientes tropas; e ingresar a territorios y recuperar el control de los mismos, ante 70.000 pandilleros dispuestos a la guerra contra el Estado y la poblaci\u00f3n en general.<\/p>\n\n\n\n<p><strong>Bukele cit\u00f3 a la ciudad de Rosario y aclar\u00f3 que \u201ccada pa\u00eds es distinto por la legislaci\u00f3n\u201d que tiene cada uno y diversos factores como el narcotr\u00e1fico e incluso los sociales, pero que \u201cs\u00ed hay algo que nos dimos cuenta: no lo hubi\u00e9ramos logrado sin todos actores del pa\u00eds detr\u00e1s del plan\u201d. <\/strong>Sobre este punto sum\u00f3 \u201clos medios de comunicaci\u00f3n, que son sumamente hostiles\u201d, y resalt\u00f3 a \u201cla mayor\u00eda de televisoras, que se pusieron de nuestro lado\u201d.<\/p>\n\n\n\n<p>En cuanto a la pol\u00edtica de seguridad observada por otras naciones y organismos internacionales, el primer mandatario salvadore\u00f1o dijo que \u201cfue masivo, pero no brutal\u201d, y que \u201cel apoyo de la sociedad fue clave\u201d ya que -como alegor\u00eda- \u201csi no, entra por aqu\u00ed y sale por all\u00e1\u201d.<\/p>\n\n\n\n<p><strong>Tras mencionar a Rosario, Losada requiri\u00f3 precisiones en cuanto a c\u00f3mo encarar a la juventud ante los ofrecimientos del narcotr\u00e1fico y la conversi\u00f3n de menores en soldados.<\/strong> Bukele expres\u00f3 que si bien la mayor\u00eda de estudiosos apunta a opciones -l\u00f3gicas- de cultura, educaci\u00f3n, salud y oportunidades de empleo, los j\u00f3venes \u201cse convirtieron porque sociedad fue injusta\u201d.<\/p>\n\n\n\n<p><strong>\u201cEste tipo de teor\u00edas que suenan bien para los intelectuales no aplican a la realidad: el crimen es crimen, punto. Si uno lo permite, siempre van a ganar ellos en la guerra de incentivos\u201d, <\/strong>enfatiz\u00f3, y sostuvo que en El Salvador se entendi\u00f3 por \u201cla fuerza y con golpes que \u00fanica la forma es ir tras el pandillero no para castigarlo, sino para sacarlo de la sociedad y estar fuera de la ecuaci\u00f3n\u201d.<\/p>\n\n\n\n<p>Bukele tambi\u00e9n cont\u00f3 las advertencias que le dieron ante la desactivaci\u00f3n de un canal informal de la econom\u00eda, de cerca del 10% del Producto Bruto Interno (PBI) y, pese a diversos datos en ese sentido, desliz\u00f3 un crecimiento de 3,5%. <strong>\u201cSoy creyente y Dios puede perdonar a todos, pero eso le compete a Dios. Aqu\u00ed, en la tierra, no; tenemos que dejarlos en prisi\u00f3n y funcion\u00f3 para sacar a criminales y quitar el incentivo a los j\u00f3venes\u201d, <\/strong>inform\u00f3.<\/p>\n\n\n\n<p>Sobre el final fue ocurrente la consulta del correntino Esp\u00ednola relacionada con c\u00f3mo seguir despu\u00e9s de las primeras fases del plan, con lupa en la inclusi\u00f3n. All\u00ed, el mandatario salvadore\u00f1o resalt\u00f3 el crecimiento del turismo, pero con desigualdades entre sectores sobrecalentados y otros con desempleo, as\u00ed como de la infraestructura p\u00fablica \u201cquitando las burocracias innecesarias\u201d y \u201csacando la grasa del Estado\u201d. <strong>\u201cApostamos mucho a la juventud, pero va a ser insuficiente: no hay forma de tener presupuesto para cambiar una generaci\u00f3n de j\u00f3venes, lo \u00fanico es que econom\u00eda mejore. De la noche a la ma\u00f1ana no va a pasar, no fue as\u00ed con la inseguridad\u201d, reflexion\u00f3, y habl\u00f3 de \u201cno una econom\u00eda de unos pocos, sino de la mayor\u00eda\u201d.<\/strong><\/p>\n\n\n\n<p class=\"has-medium-font-size\"><strong>Diputados<\/strong><\/p>\n\n\n\n<p>\u201cNos honra la visita del Presidente de El Salvador, es un modelo a seguir para nosotros\u201d, subray\u00f3 Menem tras recibir a Bukele. Durante la reuni\u00f3n en la C\u00e1mara baja, que se desarroll\u00f3 en el Sal\u00f3n de Honor, firmaron el Libro de Honor y realizaron intercambio de presentes conmemorativos de ambos pa\u00edses. Entre los legisladores presentes estuvo Dami\u00e1n Arabia (PRO), entre otros.<\/p>\n\n\n\n<p class=\"has-medium-font-size\"><strong>Corte Suprema<\/strong><\/p>\n\n\n\n<p>Bukele tambi\u00e9n se junt\u00f3 con el ministro decano de la Corte Suprema, Juan Carlos Maqueda, en el Sal\u00f3n de los Embajadores del Palacio de Justicia.<\/p>\n","protected":false},"excerpt":{"rendered":"<p>El presidente de El Salvador dej\u00f3 en claro que all\u00ed no se hubieran logrado los objetivos \u201csin todos actores del pa\u00eds detr\u00e1s del plan\u201d. \u201cLos j\u00f3venes se convirtieron porque la sociedad fue injusta\u201d, alert\u00f3. El presidente de El Salvador, Nayib Bukele, continu\u00f3 este martes con su visita oficial a la Argentina y fue recibido en [&hellip;]<\/p>\n","protected":false},"author":49,"featured_media":416623,"comment_status":"open","ping_status":"open","sticky":false,"template":"","format":"standard","meta":{"_stopmodifiedupdate":false,"_modified_date":"","inline_featured_image":false,"spay_email":"","jetpack_publicize_message":""},"categories":[501],"tags":[],"jetpack_featured_media_url":"https:\/\/notinor.com\/jujuy\/wp-content\/uploads\/2024\/10\/villarruel-y-bukele.jpg","jetpack_publicize_connections":[],"_links":{"self":[{"href":"https:\/\/notinor.com\/jujuy\/wp-json\/wp\/v2\/posts\/416622"}],"collection":[{"href":"https:\/\/notinor.com\/jujuy\/wp-json\/wp\/v2\/posts"}],"about":[{"href":"https:\/\/notinor.com\/jujuy\/wp-json\/wp\/v2\/types\/post"}],"author":[{"embeddable":true,"href":"https:\/\/notinor.com\/jujuy\/wp-json\/wp\/v2\/users\/49"}],"replies":[{"embeddable":true,"href":"https:\/\/notinor.com\/jujuy\/wp-json\/wp\/v2\/comments?post=416622"}],"version-history":[{"count":1,"href":"https:\/\/notinor.com\/jujuy\/wp-json\/wp\/v2\/posts\/416622\/revisions"}],"predecessor-version":[{"id":416624,"href":"https:\/\/notinor.com\/jujuy\/wp-json\/wp\/v2\/posts\/416622\/revisions\/416624"}],"wp:featuredmedia":[{"embeddable":true,"href":"https:\/\/notinor.com\/jujuy\/wp-json\/wp\/v2\/media\/416623"}],"wp:attachment":[{"href":"https:\/\/notinor.com\/jujuy\/wp-json\/wp\/v2\/media?parent=416622"}],"wp:term":[{"taxonomy":"category","embeddable":true,"href":"https:\/\/notinor.com\/jujuy\/wp-json\/wp\/v2\/categories?post=416622"},{"taxonomy":"post_tag","embeddable":true,"href":"https:\/\/notinor.com\/jujuy\/wp-json\/wp\/v2\/tags?post=416622"}],"curies":[{"name":"wp","href":"https:\/\/api.w.org\/{rel}","templated":true}]}}