{"id":416612,"date":"2024-10-01T20:35:22","date_gmt":"2024-10-01T23:35:22","guid":{"rendered":"https:\/\/notinor.com\/jujuy\/?p=416612"},"modified":"2024-10-01T20:35:25","modified_gmt":"2024-10-01T23:35:25","slug":"nueva-jornada-de-tension-en-oriente-medio-iran-lanzo-cerca-de-200-misiles-contra-israel","status":"publish","type":"post","link":"https:\/\/notinor.com\/jujuy\/nueva-jornada-de-tension-en-oriente-medio-iran-lanzo-cerca-de-200-misiles-contra-israel\/","title":{"rendered":"Nueva jornada de tensi\u00f3n en Oriente Medio: Ir\u00e1n lanz\u00f3 cerca de 200 misiles contra Israel"},"content":{"rendered":"\n<p class=\"has-medium-font-size\"><strong><em>El r\u00e9gimen persa orden\u00f3 un ataque a gran escala contra el Estado jud\u00edo en represalia por las agresiones del \u00faltimo tiempo de las Fuerzas de Defensa contra los grupos terroristas de la regi\u00f3n.<\/em><\/strong><\/p>\n\n\n\n<p><\/p>\n\n\n<div class=\"wp-block-image\">\n<figure class=\"aligncenter size-full\"><img decoding=\"async\" loading=\"lazy\" width=\"800\" height=\"450\" src=\"https:\/\/notinor.com\/jujuy\/wp-content\/uploads\/2024\/10\/ataque-de-iran-a-israel.jpg\" alt=\"\" class=\"wp-image-416614\" srcset=\"https:\/\/notinor.com\/jujuy\/wp-content\/uploads\/2024\/10\/ataque-de-iran-a-israel.jpg 800w, https:\/\/notinor.com\/jujuy\/wp-content\/uploads\/2024\/10\/ataque-de-iran-a-israel-649x365.jpg 649w, https:\/\/notinor.com\/jujuy\/wp-content\/uploads\/2024\/10\/ataque-de-iran-a-israel-500x280.jpg 500w, https:\/\/notinor.com\/jujuy\/wp-content\/uploads\/2024\/10\/ataque-de-iran-a-israel-768x432.jpg 768w, https:\/\/notinor.com\/jujuy\/wp-content\/uploads\/2024\/10\/ataque-de-iran-a-israel-750x422.jpg 750w\" sizes=\"(max-width: 800px) 100vw, 800px\" \/><figcaption class=\"wp-element-caption\">Esta imagen muestra proyectiles interceptados por Israel sobre Tel Aviv el 1 de octubre de 2024<\/figcaption><\/figure><\/div>\n\n\n<p><\/p>\n\n\n\n<p><strong>En medio de la campa\u00f1a emprendida contra el grupo terrorista Hezbollah, que opera en El L\u00edbano, las alarmas de Israel se dispararon por la tarde, ante la detecci\u00f3n de las amenazas enemigas aproxim\u00e1ndose al territorio. De inmediato, las autoridades instaron a la poblaci\u00f3n a ponerse a salvo en los b\u00fankeres y activaron los sistemas de defensa.<\/strong><\/p>\n\n\n\n<p>Asimismo, se dispuso el cierre del espacio a\u00e9reo y se abord\u00f3 con Estados Unidos una estrategia de defensa, en caso de que la situaci\u00f3n escalara.<\/p>\n\n\n\n<p><strong>Reporteros de la agencia Reuters en el lugar vieron algunos de los proyectiles interceptados en el espacio a\u00e9reo de Jordania mientras que los vecinos de Jerusal\u00e9n y el valle del r\u00edo Jord\u00e1n oyeron algunas explosiones, <\/strong>producto de la neutralizaci\u00f3n de las amenazas o la posterior ca\u00edda de sus partes en el terreno.<\/p>\n\n\n\n<p>El incidente no pas\u00f3 a mayores -se inform\u00f3 de algunos heridos leves- y al cabo de un rato se dio por concluido el ataque. No obstante, la Guardia Revolucionaria reivindic\u00f3 la ofensiva y advirti\u00f3 de posibles maniobras \u201cm\u00e1s aplastantes y ruinosas\u201d.<\/p>\n\n\n\n<p><strong>Seg\u00fan inform\u00f3 un alto cargo del r\u00e9gimen persa, la maniobra fue ordenada por el ayatollah, Ali Khamenei, como respuesta a las ofensivas de los \u00faltimos meses de Israel.<\/strong><\/p>\n\n\n\n<p><strong>\u201cTras un periodo de contenci\u00f3n, Ir\u00e1n ha apuntado al coraz\u00f3n de los territorios ocupados con decenas de misiles tras el martirio de (el l\u00edder de Hamas) Ismail Haniyeh... la intensificaci\u00f3n de los ataques del r\u00e9gimen sionista contra L\u00edbano y Gaza, el martirio del l\u00edder de Hezbollah, Hassan Nasrallah, y (del) comandante de la Guardia Abbas Nilforoushan\u201d, <\/strong>confirm\u00f3 la televisi\u00f3n estatal.<\/p>\n\n\n\n<p>Por su parte, la misi\u00f3n iran\u00ed ante la ONU utiliz\u00f3 su cuenta de X para sumar que se trat\u00f3 de una \u201crespuesta legal, racional y leg\u00edtima a los actos terroristas\u201d del \u00faltimo tiempo (pero) <strong>\u201csi el r\u00e9gimen sionista se atreve a responder o a cometer nuevos actos de malevolencia, se producir\u00e1 una respuesta subsiguiente y aplastante\u201d. \u201cSe aconseja a los Estados de la regi\u00f3n y a los partidarios de los sionistas que se separen del r\u00e9gimen\u201d,<\/strong> agregaba el mensaje.<\/p>\n\n\n\n<p>No obstante, desde el Ej\u00e9rcito israel\u00ed aseguraron que \u201ceste disparo [de misiles] tendr\u00e1 consecuencias\u201d y que ya \u201ctenemos planes y actuaremos en el momento y lugar que elijamos\u201d.<\/p>\n\n\n\n<p><strong>A pesar de remontarse a sucesos ocurridos en los \u00faltimos meses, este episodio se produjo en medio de la escalada de tensiones entre Israel y Hezbollah -y por, tanto, Ir\u00e1n-, luego de que Benjamin Netanyahu ordenara el inicio de una ofensiva militar en El L\u00edbano contra el grupo terrorista.<\/strong><\/p>\n\n\n\n<p>Se trata de la primera campa\u00f1a terrestre en el pa\u00eds en 18 a\u00f1os -que, a pesar de ser considerada \u201climitada\u201d por parte de Tel Aviv, enfrenta a sus soldados con la formaci\u00f3n terrorista iran\u00ed mejor armada en la regi\u00f3n- y, a su vez, de la mayor escalada en la guerra desde su inicio en Gaza, hace casi un a\u00f1o.<\/p>\n\n\n\n<p><\/p>\n\n\n<div class=\"wp-block-image\">\n<figure class=\"aligncenter size-full\"><img decoding=\"async\" loading=\"lazy\" width=\"801\" height=\"450\" src=\"https:\/\/notinor.com\/jujuy\/wp-content\/uploads\/2024\/10\/ataque-a-israel.jpg\" alt=\"\" class=\"wp-image-416613\" srcset=\"https:\/\/notinor.com\/jujuy\/wp-content\/uploads\/2024\/10\/ataque-a-israel.jpg 801w, https:\/\/notinor.com\/jujuy\/wp-content\/uploads\/2024\/10\/ataque-a-israel-650x365.jpg 650w, https:\/\/notinor.com\/jujuy\/wp-content\/uploads\/2024\/10\/ataque-a-israel-500x280.jpg 500w, https:\/\/notinor.com\/jujuy\/wp-content\/uploads\/2024\/10\/ataque-a-israel-768x431.jpg 768w, https:\/\/notinor.com\/jujuy\/wp-content\/uploads\/2024\/10\/ataque-a-israel-750x421.jpg 750w\" sizes=\"(max-width: 801px) 100vw, 801px\" \/><figcaption class=\"wp-element-caption\">Las autoridades instaron a la gente a ponerse a salvo ante la presencia de misiles enemigos<\/figcaption><\/figure><\/div>\n\n\n<p><\/p>\n\n\n\n<p><strong>De hecho, ya son m\u00e1s de mil los libaneses que han muerto, un mill\u00f3n los que se han visto obligados a abandonar sus hogares, y decenas los altos mandos o combatientes de Hezbollah abatidos. Uno de los \u00faltimos fue el propio Hassan Nasrallah, l\u00edder de la formaci\u00f3n, quien muri\u00f3 el pasado viernes<\/strong> en un ataque de precisi\u00f3n lanzado por las Fuerzas de Defensa en un suburbio al sur de Beirut, donde se reun\u00eda con otros miembros del grupo.<\/p>\n\n\n\n<p><strong>Estas \u201cincursiones terrestres localizadas\u201d tienen como objetivo \u201clos bastiones de Hezbollah que amenazan a ciudades, kibutzim y comunidades israel\u00edes a lo largo de nuestra frontera\u201d,<\/strong> declar\u00f3 m\u00e1s temprano el portavoz militar Daniel Hagari, al informar de las \u00faltimas maniobras y reafirmando as\u00ed su compromiso con restablecer la seguridad en el norte, para que los vecinos puedan regresar a sus hogares.<\/p>\n","protected":false},"excerpt":{"rendered":"<p>El r\u00e9gimen persa orden\u00f3 un ataque a gran escala contra el Estado jud\u00edo en represalia por las agresiones del \u00faltimo tiempo de las Fuerzas de Defensa contra los grupos terroristas de la regi\u00f3n. En medio de la campa\u00f1a emprendida contra el grupo terrorista Hezbollah, que opera en El L\u00edbano, las alarmas de Israel se dispararon [&hellip;]<\/p>\n","protected":false},"author":49,"featured_media":416614,"comment_status":"open","ping_status":"open","sticky":false,"template":"","format":"standard","meta":{"_stopmodifiedupdate":false,"_modified_date":"","inline_featured_image":false,"spay_email":"","jetpack_publicize_message":""},"categories":[2,6],"tags":[],"jetpack_featured_media_url":"https:\/\/notinor.com\/jujuy\/wp-content\/uploads\/2024\/10\/ataque-de-iran-a-israel.jpg","jetpack_publicize_connections":[],"_links":{"self":[{"href":"https:\/\/notinor.com\/jujuy\/wp-json\/wp\/v2\/posts\/416612"}],"collection":[{"href":"https:\/\/notinor.com\/jujuy\/wp-json\/wp\/v2\/posts"}],"about":[{"href":"https:\/\/notinor.com\/jujuy\/wp-json\/wp\/v2\/types\/post"}],"author":[{"embeddable":true,"href":"https:\/\/notinor.com\/jujuy\/wp-json\/wp\/v2\/users\/49"}],"replies":[{"embeddable":true,"href":"https:\/\/notinor.com\/jujuy\/wp-json\/wp\/v2\/comments?post=416612"}],"version-history":[{"count":1,"href":"https:\/\/notinor.com\/jujuy\/wp-json\/wp\/v2\/posts\/416612\/revisions"}],"predecessor-version":[{"id":416615,"href":"https:\/\/notinor.com\/jujuy\/wp-json\/wp\/v2\/posts\/416612\/revisions\/416615"}],"wp:featuredmedia":[{"embeddable":true,"href":"https:\/\/notinor.com\/jujuy\/wp-json\/wp\/v2\/media\/416614"}],"wp:attachment":[{"href":"https:\/\/notinor.com\/jujuy\/wp-json\/wp\/v2\/media?parent=416612"}],"wp:term":[{"taxonomy":"category","embeddable":true,"href":"https:\/\/notinor.com\/jujuy\/wp-json\/wp\/v2\/categories?post=416612"},{"taxonomy":"post_tag","embeddable":true,"href":"https:\/\/notinor.com\/jujuy\/wp-json\/wp\/v2\/tags?post=416612"}],"curies":[{"name":"wp","href":"https:\/\/api.w.org\/{rel}","templated":true}]}}