{"id":416522,"date":"2024-09-30T11:40:57","date_gmt":"2024-09-30T14:40:57","guid":{"rendered":"https:\/\/notinor.com\/jujuy\/?p=416522"},"modified":"2024-09-30T11:40:58","modified_gmt":"2024-09-30T14:40:58","slug":"dibu-martinez-hablo-tras-ser-suspendido-por-la-fifa-por-su-gesto-y-golpear-una-camara-pido-disculpas-si-ofendi-a-alguien","status":"publish","type":"post","link":"https:\/\/notinor.com\/jujuy\/dibu-martinez-hablo-tras-ser-suspendido-por-la-fifa-por-su-gesto-y-golpear-una-camara-pido-disculpas-si-ofendi-a-alguien\/","title":{"rendered":"Dibu Mart\u00ednez habl\u00f3 tras ser suspendido por la FIFA por su gesto y golpear una c\u00e1mara: \u201cPido disculpas si ofend\u00ed a alguien\u201d"},"content":{"rendered":"\n<p class=\"has-medium-font-size\"><strong><em>El arquero del Aston Villa recibi\u00f3 dos partidos y no podr\u00e1 disputar la pr\u00f3xima doble fecha de Eliminatorias con Argentina<\/em><\/strong>.<\/p>\n\n\n<div class=\"wp-block-image\">\n<figure class=\"aligncenter size-full is-resized\"><img decoding=\"async\" loading=\"lazy\" src=\"https:\/\/notinor.com\/jujuy\/wp-content\/uploads\/2024\/09\/DIBU-1.jpg\" alt=\"\" class=\"wp-image-416523\" width=\"790\" height=\"443\" srcset=\"https:\/\/notinor.com\/jujuy\/wp-content\/uploads\/2024\/09\/DIBU-1.jpg 717w, https:\/\/notinor.com\/jujuy\/wp-content\/uploads\/2024\/09\/DIBU-1-651x365.jpg 651w, https:\/\/notinor.com\/jujuy\/wp-content\/uploads\/2024\/09\/DIBU-1-500x280.jpg 500w\" sizes=\"(max-width: 790px) 100vw, 790px\" \/><figcaption class=\"wp-element-caption\">Dibu Mart\u00ednez recibi\u00f3 dos fechas de suspensi\u00f3n tras sus gestos en la \u00faltima doble fecha de Elimiantorias<\/figcaption><\/figure><\/div>\n\n\n<p>Pocos d\u00edas despu\u00e9s de recibir la novedad que no podr\u00e1 jugar con la selecci\u00f3n argentina en la pr\u00f3xima doble fecha de Eliminatorias\u00a0<strong>tras recibir dos fechas de suspensi\u00f3n por parte de la FIFA<\/strong>,\u00a0<strong>Dibu Mart\u00ednez\u00a0<\/strong>utiliz\u00f3 sus redes sociales para hablar de la sanci\u00f3n que recibi\u00f3.<\/p>\n\n\n\n<p><strong>\u201cAcepto la sanci\u00f3n de FIFA y pido disculpas si ofend\u00ed a alguien, el momento de celebraci\u00f3n es para hacer sonre\u00edr a muchos chicos y no faltar el respeto a nadie. Apoyar\u00e9 a mis amigos en esta fecha FIFA con el dolor de no poder estar\u201d<\/strong>, fueron las primeras palabras que utiliz\u00f3 el guardametas del Aston Villa en su cuenta de Instagram. En la publicaci\u00f3n, subi\u00f3 una foto con su hijo Santino.<\/p>\n\n\n\n<p><strong>\u201cNunca fue mi intenci\u00f3n faltarle el respeto a nadie, ni entend\u00eda que un gesto bien recibido por la gente era ofensivo, pero tratar\u00e9 de no ofender m\u00e1s a nadie y solo enfocarme en ganar t\u00edtulos con Argentina y Aston Villa\u201d<\/strong>, concluy\u00f3 Mart\u00ednez.<\/p>\n\n\n\n<p>Hay que recordar que Dibu golpe\u00f3 una c\u00e1mara tras la derrota de la&nbsp;<em>Albiceleste<\/em>&nbsp;frente a la selecci\u00f3n Colombia en Barranquilla y, luego del triunfo ante Chile en el estadio de River, se llev\u00f3 el trofeo de la Copa Am\u00e9rica en su zona genital, en un festejo que hizo popular cuando recibi\u00f3 el premio al mejor arquero del Mundial en la consagraci\u00f3n del equipo en Qatar 2022.<\/p>\n\n\n\n<p>Justamente, luego de la ca\u00edda ante el combinado cafetero y la reacci\u00f3n que tuvo el arquero argentino, en Colombia se produjo un fuerte repudio por el accionar del Dibu.\u00a0<strong>El camar\u00f3grafo Jhonny Jackson se refiri\u00f3 a lo que vivi\u00f3 tras el encuentro<\/strong> y explic\u00f3 c\u00f3mo vivi\u00f3 el incidente. \u201cBusco reacciones, entonces veo al Dibu, lo veo salud\u00e1ndose con uno de los arqueros suplentes, creo, y me acerco a \u00e9l y de la nada el Dibu me tira el manotazo. Me dio mucha rabia porque yo estoy trabajando, as\u00ed como \u00e9l tambi\u00e9n lo estaba haciendo atajando y yo operando mi c\u00e1mara. Pero no le dije nada, me dio mucha rabia en el momento pero no le dije nada\u201d, explic\u00f3 el camar\u00f3grafo.<\/p>\n\n\n\n<p>Seg\u00fan pudo saber Infobae con fuentes de FIFA,&nbsp;<strong>la Comisi\u00f3n Disciplinaria decidi\u00f3 imponer la suspensi\u00f3n por infracciones vinculadas al art\u00edculo 13 del C\u00f3digo Disciplinario<\/strong>&nbsp;del organismo con sede en Suiza. La decisi\u00f3n est\u00e1 vinculada a sucesos que ocurrieron durante el partido de la Selecci\u00f3n ante Chile que termin\u00f3 con un triunfo 3-0 el pasado 5 de septiembre y en el juego posterior, con derrota 2-1 frente a Colombia, el 10 de septiembre. Al mismo tiempo, deber\u00e1 hacerle frente a una multa econ\u00f3mica de 15 mil francos suizos (alrededor de 18 mil d\u00f3lares).<\/p>\n\n\n\n<p>Ante esta decisi\u00f3n,&nbsp;<strong>Mart\u00ednez se perder\u00e1 la fecha 9 y 10 de las Eliminatorias Sudamericanas&nbsp;<\/strong>en las que la selecci\u00f3n argentina enfrentar\u00e1 a Venezuela, en Matur\u00edn, y a Bolivia en Buenos Aires. El equipo que dirige Lionel Scaloni est\u00e1 en lo m\u00e1s alto de la tabla de posiciones con 18 unidades tras acumular seis victorias y dos derrotas. Detr\u00e1s se ubican Colombia (16), Uruguay (15), Ecuador (11), Brasil (10) y Venezuela (10), contabilizando las selecciones que hoy estar\u00edan sacando los pasajes directos al Mundial 2026 disponibles para Conmebol.<\/p>\n\n\n\n<p>La \u00faltima vez que Dibu Mart\u00ednez se ausent\u00f3 del cuidado del arco del seleccionado fue este a\u00f1o durante un amistoso ante Costa Rica que se jug\u00f3 en abril en Estados Unidos y tuvo el estreno de Walter Ben\u00edtez en el triunfo por 3-1 para el combinado campe\u00f3n del mundo. El portero que dio sus primeros pasos en las inferiores de Independiente estuvo en el banco de suplentes.<\/p>\n\n\n\n<p class=\"has-text-align-center\">Tras este castigo por el cual no ser\u00e1 citado por Scaloni, su reaparici\u00f3n en la lista de la Selecci\u00f3n se dar\u00e1 para noviembre, cuando Argentina enfrente la \u00faltima doble fecha de Eliminatorias del a\u00f1o contra Paraguay de visitante y Per\u00fa de local.<img decoding=\"async\" loading=\"lazy\" height=\"4348\" width=\"6201\" src=\"https:\/\/www.infobae.com\/resizer\/v2\/WZW7CJBVQR7D23U6UGLENC2R24.jpg?auth=80cc524e6fe83d8f4bb91209868f22263c36fb1faa6fc57d122f11db4d908885&amp;smart=true&amp;width=350&amp;height=233&amp;quality=85\" alt=\"El gesto por el que Mart\u00ednez recibi\u00f3 la sanci\u00f3n de FIFA (REUTERS\/Rodrigo Valle\/File Photo)\">El gesto por el que Mart\u00ednez recibi\u00f3 la sanci\u00f3n de FIFA <\/p>\n","protected":false},"excerpt":{"rendered":"<p>El arquero del Aston Villa recibi\u00f3 dos partidos y no podr\u00e1 disputar la pr\u00f3xima doble fecha de Eliminatorias con Argentina. Pocos d\u00edas despu\u00e9s de recibir la novedad que no podr\u00e1 jugar con la selecci\u00f3n argentina en la pr\u00f3xima doble fecha de Eliminatorias\u00a0tras recibir dos fechas de suspensi\u00f3n por parte de la FIFA,\u00a0Dibu Mart\u00ednez\u00a0utiliz\u00f3 sus redes [&hellip;]<\/p>\n","protected":false},"author":5,"featured_media":416523,"comment_status":"open","ping_status":"open","sticky":false,"template":"","format":"standard","meta":{"_stopmodifiedupdate":false,"_modified_date":"","inline_featured_image":false,"spay_email":"","jetpack_publicize_message":""},"categories":[7],"tags":[],"jetpack_featured_media_url":"https:\/\/notinor.com\/jujuy\/wp-content\/uploads\/2024\/09\/DIBU-1.jpg","jetpack_publicize_connections":[],"_links":{"self":[{"href":"https:\/\/notinor.com\/jujuy\/wp-json\/wp\/v2\/posts\/416522"}],"collection":[{"href":"https:\/\/notinor.com\/jujuy\/wp-json\/wp\/v2\/posts"}],"about":[{"href":"https:\/\/notinor.com\/jujuy\/wp-json\/wp\/v2\/types\/post"}],"author":[{"embeddable":true,"href":"https:\/\/notinor.com\/jujuy\/wp-json\/wp\/v2\/users\/5"}],"replies":[{"embeddable":true,"href":"https:\/\/notinor.com\/jujuy\/wp-json\/wp\/v2\/comments?post=416522"}],"version-history":[{"count":1,"href":"https:\/\/notinor.com\/jujuy\/wp-json\/wp\/v2\/posts\/416522\/revisions"}],"predecessor-version":[{"id":416524,"href":"https:\/\/notinor.com\/jujuy\/wp-json\/wp\/v2\/posts\/416522\/revisions\/416524"}],"wp:featuredmedia":[{"embeddable":true,"href":"https:\/\/notinor.com\/jujuy\/wp-json\/wp\/v2\/media\/416523"}],"wp:attachment":[{"href":"https:\/\/notinor.com\/jujuy\/wp-json\/wp\/v2\/media?parent=416522"}],"wp:term":[{"taxonomy":"category","embeddable":true,"href":"https:\/\/notinor.com\/jujuy\/wp-json\/wp\/v2\/categories?post=416522"},{"taxonomy":"post_tag","embeddable":true,"href":"https:\/\/notinor.com\/jujuy\/wp-json\/wp\/v2\/tags?post=416522"}],"curies":[{"name":"wp","href":"https:\/\/api.w.org\/{rel}","templated":true}]}}