{"id":416518,"date":"2024-09-30T11:24:55","date_gmt":"2024-09-30T14:24:55","guid":{"rendered":"https:\/\/notinor.com\/jujuy\/?p=416518"},"modified":"2024-09-30T11:24:57","modified_gmt":"2024-09-30T14:24:57","slug":"por-que-estan-hoy-cerrados-muchos-comercios-supermercados-y-shoppings-de-todo-el-pais","status":"publish","type":"post","link":"https:\/\/notinor.com\/jujuy\/por-que-estan-hoy-cerrados-muchos-comercios-supermercados-y-shoppings-de-todo-el-pais\/","title":{"rendered":"Por qu\u00e9 est\u00e1n hoy cerrados muchos comercios, supermercados y shoppings de todo el pa\u00eds"},"content":{"rendered":"\n<p class=\"has-medium-font-size\"><strong><em>Se conmemora el D\u00eda del Empleado de Comercio, que se celebra originalmente el 26 de septiembre, pero fue trasladado a este lunes. Qu\u00e9 locales est\u00e1n abiertos<\/em><\/strong>.<\/p>\n\n\n<div class=\"wp-block-image\">\n<figure class=\"aligncenter size-full\"><img decoding=\"async\" loading=\"lazy\" width=\"720\" height=\"396\" src=\"https:\/\/notinor.com\/jujuy\/wp-content\/uploads\/2024\/09\/comercio.jpg\" alt=\"\" class=\"wp-image-416519\" srcset=\"https:\/\/notinor.com\/jujuy\/wp-content\/uploads\/2024\/09\/comercio.jpg 720w, https:\/\/notinor.com\/jujuy\/wp-content\/uploads\/2024\/09\/comercio-660x363.jpg 660w\" sizes=\"(max-width: 720px) 100vw, 720px\" \/><figcaption class=\"wp-element-caption\">Los supermercados tienen cerradas sus puertas, aunque los shoppings las abrieron pero s\u00f3lo para los comercios gastron\u00f3micos y los cines<\/figcaption><\/figure><\/div>\n\n\n<p>En conmemoraci\u00f3n del&nbsp;<strong>D\u00eda del Empleado de Comercio<\/strong>, hoy gran parte de los&nbsp;<strong>comercios, los shoppings y los supermercados de todo el pa\u00eds amanecieron con sus puertas cerradas<\/strong>, como lo hacen todos los a\u00f1os para esta fecha. El d\u00eda original de celebraci\u00f3n es el 26 de septiembre, pero este a\u00f1o el gremio de trabajadores del sector decidi\u00f3 postergarlo para este lunes.<\/p>\n\n\n\n<figure class=\"wp-block-image\"><a href=\"https:\/\/www.infobae.com\/sociedad\/2024\/09\/30\/dia-del-empleado-de-comercio-por-que-se-celebra-hoy-30-de-septiembre\/\" target=\"_blank\" rel=\"noreferrer noopener\"><img decoding=\"async\" src=\"https:\/\/www.infobae.com\/resizer\/v2\/AQB2IWBEGNBA7MIUT4WXF7DRVI.jpg?auth=63441775beefb5762cdd6f4df0e7db094ba1999ec3f8cc5c421db686aa35dd63&amp;smart=true&amp;width=1200&amp;height=675&amp;quality=85\" alt=\"D\u00eda del Empleado de Comercio: \u00bfpor qu\u00e9 se celebra hoy, 30 de septiembre?\"\/><\/a><\/figure>\n\n\n\n<p class=\"has-text-align-center\">La&nbsp;<strong>Federaci\u00f3n Argentina de Empleados de Comercio y Servicios (Faecys<\/strong>) tom\u00f3 la decisi\u00f3n de mover la jornada, ya que este a\u00f1o la fecha cay\u00f3 un jueves. Esta jornada es equiparable a un feriado para los empleados del sector, seg\u00fan lo establecido por la ley 26.541, sancionada en diciembre de 2009. El art\u00edculo segundo de dicha norma establece que \u201cen dicho d\u00eda los empleados de comercio no prestar\u00e1n labores, asimil\u00e1ndose el mismo a los feriados nacionales a todos los efectos legales\u201d. Por lo tanto, quienes trabajen hoy deber\u00e1n recibir doble remuneraci\u00f3n, como lo determina la Ley de Contrato de Trabajo.<img decoding=\"async\" loading=\"lazy\" alt=\"La mayor\u00eda de los comercios est\u00e1n cerrados debido al festejo del D\u00eda del Empleado de Comercio \" height=\"1080\" src=\"https:\/\/www.infobae.com\/resizer\/v2\/7DL24YZ4G5DDPBYFYF5UYFY4WE.jpg?auth=4a628e7b08111d6d36d3482209bb8369a8f9a08d952bc4d7a2a8c3e18fd8cf5d&amp;smart=true&amp;width=350&amp;height=197&amp;quality=85\" width=\"1920\">La mayor\u00eda de los comercios est\u00e1n cerrados debido al festejo del D\u00eda del Empleado de Comercio<\/p>\n\n\n\n<p>Adem\u00e1s, la Faecys aclar\u00f3 que el lunes en que se conmemore el D\u00eda del Empleado de Comercio no puede ser otorgado como un d\u00eda de descanso compensatorio de la semana.<\/p>\n\n\n\n<p>En el caso de los shoppings centers, abrieron sus puertas porque alojan varios locales gastron\u00f3micos, cines, gimnasios, entre otros servicios. Pero los comercios de ropa, calzado y otros bienes permanecen cerrados. \u201cLos comercios que son atendidos por sus propios due\u00f1os est\u00e1n trabajando normalmente, los que pueden. El resto, que depende de personal, como grandes cadenas o negocios con muchos empleados, que dependen de ellos, est\u00e1n cerrados. As\u00ed ha sucedido siempre\u201d, repas\u00f3 una fuente de la C\u00e1mara Argentina de Comercio (CAC).<\/p>\n\n\n\n<p>La celebraci\u00f3n de este d\u00eda tiene su origen en 1934, cuando se sancion\u00f3 la Ley N\u00b0 11.729, durante la presidencia de Agust\u00edn Pedro Justo. Gracias a la presi\u00f3n de la entonces Federaci\u00f3n Argentina de Empleados de Comercio, la normativa introdujo importantes derechos para los trabajadores mercantiles, como la indemnizaci\u00f3n por despido y licencias por enfermedad o accidentes.<\/p>\n\n\n\n<p>El convenio colectivo de la Faecys detalla que el asueto abarca a \u201ctodos los trabajadores que se desempe\u00f1en como empleados u obreros en cualquiera de las ramas del comercio, actividades civiles con fines de lucro o como administrativos en explotaciones industriales con boca de expendio de productos que elaboran\u201d. En consecuencia, tanto los peque\u00f1os comercios como los grandes centros comerciales mantendr\u00e1n sus puertas cerradas hoy.<\/p>\n\n\n\n<p>Cabe aclarar que, aunque este d\u00eda es considerado feriado para los empleados de comercio, no lo es para el resto de la poblaci\u00f3n, por lo que las dem\u00e1s actividades continuar\u00e1n normalmente. Asimismo, el transporte p\u00fablico no se ver\u00e1 afectado, como ocurre en los d\u00edas de feriado nacional.<\/p>\n\n\n\n<p><strong>Los extras a cobrar en septiembre<\/strong><\/p>\n\n\n\n<p>Adem\u00e1s del feriado, los trabajadores del sector de comercio cobrar\u00e1n este mes distintos adicionales correspondientes al sector:<\/p>\n\n\n\n<ul>\n<li>Antig\u00fcedad:&nbsp;es un porcentaje determinado (seg\u00fan el convenio) por cada a\u00f1o de trabajo. Es del 1% y se calcula sobre el b\u00e1sico.<\/li>\n\n\n\n<li>Presentismo:&nbsp;es una suma fija o un porcentaje del b\u00e1sico que se otorga a los trabajadores que no faltaron en todo el mes. Tambi\u00e9n se fija por convenio. Es del 8,33% (doceava parte) de la remuneraci\u00f3n mensual, siempre y cuando no haya incurrido en m\u00e1s de una ausencia injustificada en el mes.<\/li>\n\n\n\n<li>Horario nocturno:&nbsp;tambi\u00e9n est\u00e1 contemplado en los convenios. Es para el trabajo que se realiza despu\u00e9s de las 21 y hasta las 6 de la ma\u00f1ana.<\/li>\n<\/ul>\n","protected":false},"excerpt":{"rendered":"<p>Se conmemora el D\u00eda del Empleado de Comercio, que se celebra originalmente el 26 de septiembre, pero fue trasladado a este lunes. Qu\u00e9 locales est\u00e1n abiertos. En conmemoraci\u00f3n del&nbsp;D\u00eda del Empleado de Comercio, hoy gran parte de los&nbsp;comercios, los shoppings y los supermercados de todo el pa\u00eds amanecieron con sus puertas cerradas, como lo hacen [&hellip;]<\/p>\n","protected":false},"author":5,"featured_media":416520,"comment_status":"open","ping_status":"open","sticky":false,"template":"","format":"standard","meta":{"_stopmodifiedupdate":false,"_modified_date":"","inline_featured_image":false,"spay_email":"","jetpack_publicize_message":""},"categories":[2],"tags":[],"jetpack_featured_media_url":"https:\/\/notinor.com\/jujuy\/wp-content\/uploads\/2024\/09\/comercio-1.jpg","jetpack_publicize_connections":[],"_links":{"self":[{"href":"https:\/\/notinor.com\/jujuy\/wp-json\/wp\/v2\/posts\/416518"}],"collection":[{"href":"https:\/\/notinor.com\/jujuy\/wp-json\/wp\/v2\/posts"}],"about":[{"href":"https:\/\/notinor.com\/jujuy\/wp-json\/wp\/v2\/types\/post"}],"author":[{"embeddable":true,"href":"https:\/\/notinor.com\/jujuy\/wp-json\/wp\/v2\/users\/5"}],"replies":[{"embeddable":true,"href":"https:\/\/notinor.com\/jujuy\/wp-json\/wp\/v2\/comments?post=416518"}],"version-history":[{"count":1,"href":"https:\/\/notinor.com\/jujuy\/wp-json\/wp\/v2\/posts\/416518\/revisions"}],"predecessor-version":[{"id":416521,"href":"https:\/\/notinor.com\/jujuy\/wp-json\/wp\/v2\/posts\/416518\/revisions\/416521"}],"wp:featuredmedia":[{"embeddable":true,"href":"https:\/\/notinor.com\/jujuy\/wp-json\/wp\/v2\/media\/416520"}],"wp:attachment":[{"href":"https:\/\/notinor.com\/jujuy\/wp-json\/wp\/v2\/media?parent=416518"}],"wp:term":[{"taxonomy":"category","embeddable":true,"href":"https:\/\/notinor.com\/jujuy\/wp-json\/wp\/v2\/categories?post=416518"},{"taxonomy":"post_tag","embeddable":true,"href":"https:\/\/notinor.com\/jujuy\/wp-json\/wp\/v2\/tags?post=416518"}],"curies":[{"name":"wp","href":"https:\/\/api.w.org\/{rel}","templated":true}]}}